{"id":59694,"date":"2023-11-28T08:23:00","date_gmt":"2023-11-28T11:23:00","guid":{"rendered":"https:\/\/blogopara.com.br\/?p=59694"},"modified":"2023-11-27T22:26:59","modified_gmt":"2023-11-28T01:26:59","slug":"juazeiro-recebe-projeto-mp-comunidade-do-ministerio-publico-da-bahia","status":"publish","type":"post","link":"https:\/\/blogopara.com.br\/index.php\/2023\/11\/28\/juazeiro-recebe-projeto-mp-comunidade-do-ministerio-publico-da-bahia","title":{"rendered":"Juazeiro recebe projeto MP Comunidade, do Minist\u00e9rio P\u00fablico da Bahia"},"content":{"rendered":"<p class=\"x_MsoNormal\" style=\"text-align: justify;\">Com apoio da Prefeitura de Juazeiro, atrav\u00e9s da Secretaria de Educa\u00e7\u00e3o e Juventude (Seduc), o Minist\u00e9rio P\u00fablico da Bahia (MP\/BA) realiza at\u00e9 o dia 1\u00ba de dezembro, das 8h \u00e0s 17h, o projeto MP Comunidade, na Orla II da cidade. A a\u00e7\u00e3o engloba o projeto \u201cPaternidade Respons\u00e1vel\u201d, iniciativa pioneira, que vem promovendo o reconhecimento de paternidade de crian\u00e7as e adolescentes em toda a Bahia.<\/p>\n<p class=\"x_MsoNormal\" style=\"text-align: justify;\">O projeto, criado pelo MP\/BA em 1999, j\u00e1 possibilitou o atendimento de 100 mil fam\u00edlias e o reconhecimento de paternidade de 50 mil crian\u00e7as e adolescentes. \u201cN\u00f3s temos como objetivo garantir a crian\u00e7as e adolescentes o direito fundamental \u00e0 paternidade reconhecida, \u00e0 filia\u00e7\u00e3o, focando, sempre, que a paternidade n\u00e3o \u00e9 s\u00f3 ter o nome do pai no registro, mas \u00e9 o pai contribuir materialmente para a manuten\u00e7\u00e3o dessa crian\u00e7a e tamb\u00e9m garantir presen\u00e7a, participa\u00e7\u00e3o, afeto e cuidado\u201d, frisou o promotor de Justi\u00e7a do MPBA, Thomas Bryann Freitas do Nascimento.<\/p>\n<p class=\"x_MsoNormal\" style=\"text-align: justify;\">A a\u00e7\u00e3o foi iniciada com a identifica\u00e7\u00e3o das crian\u00e7as e adolescentes, matriculadas em escolas municipais e estaduais, que n\u00e3o t\u00eam o nome do pai na Certid\u00e3o de Nascimento. Em seguida, foram realizadas palestras com as m\u00e3es, para sensibiliz\u00e1-las sobre a import\u00e2ncia de fazer o reconhecimento de paternidade. E, ao longo da semana, no terceiro momento da a\u00e7\u00e3o, est\u00e3o sendo realizadas as audi\u00eancias, para fazer, extrajudicialmente, de forma mais c\u00e9lere e eficiente, a formaliza\u00e7\u00e3o do reconhecimento da paternidade. Contudo, o projeto prev\u00ea tamb\u00e9m o atendimento de demanda espont\u00e2nea, ou seja, das pessoas que n\u00e3o passaram pelas outras etapas do processo.<\/p>\n<p class=\"x_MsoNormal\" style=\"text-align: justify;\">Em Juazeiro, o projeto conta com o apoio das Secretarias Municipal e Estadual de Educa\u00e7\u00e3o. O secret\u00e1rio de Educa\u00e7\u00e3o e Juventude, Wank Medrado, parabenizou o MPBA pela a\u00e7\u00e3o e destacou a import\u00e2ncia da parceria. \u201cEssa \u00e9 uma a\u00e7\u00e3o extremamente importante para a cidadania e autoestima dos nossos estudantes. O Minist\u00e9rio P\u00fablico est\u00e1 de parab\u00e9ns pela iniciativa, assim como todos os gestores de escolas municipais, m\u00e3es e pais que abra\u00e7aram o projeto\u201d, disse o secret\u00e1rio.<\/p>\n<p class=\"x_MsoNormal\" style=\"text-align: justify;\">Para a panfleteira Cassiane Queiroz, essa foi uma oportunidade para garantir o reconhecimento de paternidade do seu filho. \u201cIsso foi o que eu precisava para resolver esse problema. Sei que tem muita gente na mesma situa\u00e7\u00e3o e n\u00e3o tem condi\u00e7\u00f5es de ter um advogado ou n\u00e3o sabe o que precisa fazer para colocar o nome do pai na certid\u00e3o do filho. \u00c9 um movimento que est\u00e1 ajudando muitas pessoas\u201d.<\/p>\n<p class=\"x_MsoNormal\" style=\"text-align: justify;\"><b>Atendimento \u00e0 popula\u00e7\u00e3o LGBTQIAP+<\/b><\/p>\n<p class=\"x_MsoNormal\" style=\"text-align: justify;\">O MP Comunidade engloba ainda os projetos Viver com Cidadania, que possibilita a emiss\u00e3o de segunda via ou retifica\u00e7\u00e3o de documentos, e o MP Mais Diverso, que tem como foco os direitos da popula\u00e7\u00e3o LGBTQIAP+. \u201cO MP Mais Diverso \u00e9 uma proposta de inclus\u00e3o de grupos vulner\u00e1veis, especificamente da popula\u00e7\u00e3o LGBT+. N\u00f3s estamos aqui, tanto para fazer orienta\u00e7\u00e3o jur\u00eddica, para fazer os encaminhamentos, retifica\u00e7\u00f5es de registros de nascimentos, quanto para entender como as pol\u00edticas p\u00fablicas estaduais e municipais acolhem esse segmento da popula\u00e7\u00e3o\u201d, explicou a promotora de Justi\u00e7a do MPBA, Marcia Teixeira.<\/p>\n","protected":false},"excerpt":{"rendered":"<p>Com apoio da Prefeitura de Juazeiro, atrav\u00e9s da Secretaria de Educa\u00e7\u00e3o e Juventude (Seduc), o Minist\u00e9rio P\u00fablico da Bahia (MP\/BA) realiza at\u00e9 o dia 1\u00ba de dezembro, das 8h \u00e0s 17h, o projeto MP Comunidade, na Orla II da cidade. A a\u00e7\u00e3o engloba o projeto \u201cPaternidade Respons\u00e1vel\u201d, iniciativa pioneira, que vem promovendo o reconhecimento de [&hellip;]<\/p>\n","protected":false},"author":1,"featured_media":59696,"comment_status":"closed","ping_status":"open","sticky":false,"template":"","format":"standard","meta":{"_uag_custom_page_level_css":"","_monsterinsights_skip_tracking":false,"_monsterinsights_sitenote_active":false,"_monsterinsights_sitenote_note":"","_monsterinsights_sitenote_category":0,"jetpack_post_was_ever_published":false,"_jetpack_newsletter_access":"","_jetpack_dont_email_post_to_subs":false,"_jetpack_newsletter_tier_id":0,"_jetpack_memberships_contains_paywalled_content":false,"_jetpack_memberships_contains_paid_content":false,"footnotes":"","jetpack_publicize_message":"","jetpack_publicize_feature_enabled":true,"jetpack_social_post_already_shared":true,"jetpack_social_options":{"image_generator_settings":{"template":"highway","default_image_id":0,"font":"","enabled":false},"version":2}},"categories":[203],"tags":[],"class_list":["post-59694","post","type-post","status-publish","format-standard","has-post-thumbnail","hentry","category-juazeiro"],"jetpack_publicize_connections":[],"jetpack_featured_media_url":"https:\/\/blogopara.com.br\/wp-content\/uploads\/2023\/11\/thumbnail_53358451542_7f18b794f3_c.jpg","uagb_featured_image_src":{"full":["https:\/\/blogopara.com.br\/wp-content\/uploads\/2023\/11\/thumbnail_53358451542_7f18b794f3_c.jpg",500,333,false],"thumbnail":["https:\/\/blogopara.com.br\/wp-content\/uploads\/2023\/11\/thumbnail_53358451542_7f18b794f3_c-150x150.jpg",150,150,true],"medium":["https:\/\/blogopara.com.br\/wp-content\/uploads\/2023\/11\/thumbnail_53358451542_7f18b794f3_c-300x200.jpg",300,200,true],"medium_large":["https:\/\/blogopara.com.br\/wp-content\/uploads\/2023\/11\/thumbnail_53358451542_7f18b794f3_c.jpg",500,333,false],"large":["https:\/\/blogopara.com.br\/wp-content\/uploads\/2023\/11\/thumbnail_53358451542_7f18b794f3_c.jpg",500,333,false],"1536x1536":["https:\/\/blogopara.com.br\/wp-content\/uploads\/2023\/11\/thumbnail_53358451542_7f18b794f3_c.jpg",500,333,false],"2048x2048":["https:\/\/blogopara.com.br\/wp-content\/uploads\/2023\/11\/thumbnail_53358451542_7f18b794f3_c.jpg",500,333,false],"mantranews-slider-large":["https:\/\/blogopara.com.br\/wp-content\/uploads\/2023\/11\/thumbnail_53358451542_7f18b794f3_c.jpg",500,333,false],"mantranews-featured-medium":["https:\/\/blogopara.com.br\/wp-content\/uploads\/2023\/11\/thumbnail_53358451542_7f18b794f3_c-420x307.jpg",420,307,true],"mantranews-featured-long":["https:\/\/blogopara.com.br\/wp-content\/uploads\/2023\/11\/thumbnail_53358451542_7f18b794f3_c-300x333.jpg",300,333,true],"mantranews-block-medium":["https:\/\/blogopara.com.br\/wp-content\/uploads\/2023\/11\/thumbnail_53358451542_7f18b794f3_c-464x290.jpg",464,290,true],"mantranews-carousel-image":["https:\/\/blogopara.com.br\/wp-content\/uploads\/2023\/11\/thumbnail_53358451542_7f18b794f3_c.jpg",500,333,false],"mantranews-block-thumb":["https:\/\/blogopara.com.br\/wp-content\/uploads\/2023\/11\/thumbnail_53358451542_7f18b794f3_c-322x230.jpg",322,230,true],"mantranews-single-large":["https:\/\/blogopara.com.br\/wp-content\/uploads\/2023\/11\/thumbnail_53358451542_7f18b794f3_c.jpg",500,333,false]},"uagb_author_info":{"display_name":"Reda\u00e7\u00e3o geral","author_link":"https:\/\/blogopara.com.br\/index.php\/author\/blogopara"},"uagb_comment_info":0,"uagb_excerpt":"Com apoio da Prefeitura de Juazeiro, atrav\u00e9s da Secretaria de Educa\u00e7\u00e3o e Juventude (Seduc), o Minist\u00e9rio P\u00fablico da Bahia (MP\/BA) realiza at\u00e9 o dia 1\u00ba de dezembro, das 8h \u00e0s 17h, o projeto MP Comunidade, na Orla II da cidade. A a\u00e7\u00e3o engloba o projeto \u201cPaternidade Respons\u00e1vel\u201d, iniciativa pioneira, que vem promovendo o reconhecimento de&hellip;","jetpack_sharing_enabled":true,"jetpack_likes_enabled":true,"_links":{"self":[{"href":"https:\/\/blogopara.com.br\/index.php\/wp-json\/wp\/v2\/posts\/59694","targetHints":{"allow":["GET"]}}],"collection":[{"href":"https:\/\/blogopara.com.br\/index.php\/wp-json\/wp\/v2\/posts"}],"about":[{"href":"https:\/\/blogopara.com.br\/index.php\/wp-json\/wp\/v2\/types\/post"}],"author":[{"embeddable":true,"href":"https:\/\/blogopara.com.br\/index.php\/wp-json\/wp\/v2\/users\/1"}],"replies":[{"embeddable":true,"href":"https:\/\/blogopara.com.br\/index.php\/wp-json\/wp\/v2\/comments?post=59694"}],"version-history":[{"count":1,"href":"https:\/\/blogopara.com.br\/index.php\/wp-json\/wp\/v2\/posts\/59694\/revisions"}],"predecessor-version":[{"id":59697,"href":"https:\/\/blogopara.com.br\/index.php\/wp-json\/wp\/v2\/posts\/59694\/revisions\/59697"}],"wp:featuredmedia":[{"embeddable":true,"href":"https:\/\/blogopara.com.br\/index.php\/wp-json\/wp\/v2\/media\/59696"}],"wp:attachment":[{"href":"https:\/\/blogopara.com.br\/index.php\/wp-json\/wp\/v2\/media?parent=59694"}],"wp:term":[{"taxonomy":"category","embeddable":true,"href":"https:\/\/blogopara.com.br\/index.php\/wp-json\/wp\/v2\/categories?post=59694"},{"taxonomy":"post_tag","embeddable":true,"href":"https:\/\/blogopara.com.br\/index.php\/wp-json\/wp\/v2\/tags?post=59694"}],"curies":[{"name":"wp","href":"https:\/\/api.w.org\/{rel}","templated":true}]}}