{"id":59789,"date":"2023-12-01T08:06:00","date_gmt":"2023-12-01T11:06:00","guid":{"rendered":"https:\/\/blogopara.com.br\/?p=59789"},"modified":"2023-12-01T13:01:19","modified_gmt":"2023-12-01T16:01:19","slug":"cmj-aprova-pl-do-vereador-berg-sobre-mudancas-na-contratacao-de-shows-artisticos-pelo-municipio-de-juazeiro","status":"publish","type":"post","link":"https:\/\/blogopara.com.br\/index.php\/2023\/12\/01\/cmj-aprova-pl-do-vereador-berg-sobre-mudancas-na-contratacao-de-shows-artisticos-pelo-municipio-de-juazeiro","title":{"rendered":"CMJ aprova PL do Vereador Berg sobre mudan\u00e7as na contrata\u00e7\u00e3o de shows art\u00edsticos pelo Munic\u00edpio de Juazeiro"},"content":{"rendered":"<p style=\"text-align: justify;\">Para atender reivindica\u00e7\u00e3o de m\u00fasicos que solicitam mudan\u00e7as no crit\u00e9rio para a contrata\u00e7\u00e3o de bandas nos eventos realizados pelo Poder Municipal, o vereador e presidente da Casa Legislativa Apr\u00edgio Duarte Filho, Berg da Carna\u00edba, elaborou por meio do seu gabinete parlamentar projeto de lei n.\u00ba 3.863\/2023, que evidencia novo crit\u00e9rio a ser adotado pelo Munic\u00edpio quando da contrata\u00e7\u00e3o de shows art\u00edsticos em qualquer \u00e9poca do ano, inclusive no carnaval oficial e festejos juninos.<\/p>\n<p style=\"text-align: justify;\">Ap\u00f3s discuss\u00e3o e aprova\u00e7\u00e3o no plen\u00e1rio, durante a sess\u00e3o ordin\u00e1ria desta quarta-feira, 29\/11, o PL que segue para a san\u00e7\u00e3o da Prefeita Suzana Ramos, vai priorizar a contrata\u00e7\u00e3o de grupos musicais com hist\u00f3rico de forma\u00e7\u00e3o h\u00e1 mais de 6 meses de exerc\u00edcio.<\/p>\n<p style=\"text-align: justify;\">\u201cNa reuni\u00e3o que tivemos com m\u00fasicos e representantes de bandas tradicionais de Juazeiro foi solicitada essa mudan\u00e7a que \u00e9 uma forma de valorizar o trabalho de quem vive da m\u00fasica. Al\u00e9m disso, houve cr\u00edticas do surgimento grupos m\u00fasicas no m\u00eas de eventos como, por exemplo, o Carnaval e os festejos juninos em nossa cidade. O projeto atende a maioria dos artistas locais e representa o reconhecimento da classe trabalhadora musical da nossa regi\u00e3o\u201d, assegura, o vereador Berg da Carna\u00edba.<\/p>\n<p style=\"text-align: justify;\">Por: Jean Brito, jornalista da Assessoria de Imprensa do parlamentar<\/p>\n<p style=\"text-align: justify;\">Foto: F\u00e1bio Martins<\/p>\n","protected":false},"excerpt":{"rendered":"<p>Para atender reivindica\u00e7\u00e3o de m\u00fasicos que solicitam mudan\u00e7as no crit\u00e9rio para a contrata\u00e7\u00e3o de bandas nos eventos realizados pelo Poder Municipal, o vereador e presidente da Casa Legislativa Apr\u00edgio Duarte Filho, Berg da Carna\u00edba, elaborou por meio do seu gabinete parlamentar projeto de lei n.\u00ba 3.863\/2023, que evidencia novo crit\u00e9rio a ser adotado pelo Munic\u00edpio [&hellip;]<\/p>\n","protected":false},"author":1,"featured_media":18825,"comment_status":"closed","ping_status":"open","sticky":false,"template":"","format":"standard","meta":{"_uag_custom_page_level_css":"","_monsterinsights_skip_tracking":false,"_monsterinsights_sitenote_active":false,"_monsterinsights_sitenote_note":"","_monsterinsights_sitenote_category":0,"jetpack_post_was_ever_published":false,"_jetpack_newsletter_access":"","_jetpack_dont_email_post_to_subs":false,"_jetpack_newsletter_tier_id":0,"_jetpack_memberships_contains_paywalled_content":false,"_jetpack_memberships_contains_paid_content":false,"footnotes":"","jetpack_publicize_message":"","jetpack_publicize_feature_enabled":true,"jetpack_social_post_already_shared":true,"jetpack_social_options":{"image_generator_settings":{"template":"highway","default_image_id":0,"font":"","enabled":false},"version":2}},"categories":[203],"tags":[],"class_list":["post-59789","post","type-post","status-publish","format-standard","has-post-thumbnail","hentry","category-juazeiro"],"jetpack_publicize_connections":[],"jetpack_featured_media_url":"https:\/\/blogopara.com.br\/wp-content\/uploads\/2021\/02\/Berg-da-Carnaiba-presidente-CMJ.jpg","uagb_featured_image_src":{"full":["https:\/\/blogopara.com.br\/wp-content\/uploads\/2021\/02\/Berg-da-Carnaiba-presidente-CMJ.jpg",500,625,false],"thumbnail":["https:\/\/blogopara.com.br\/wp-content\/uploads\/2021\/02\/Berg-da-Carnaiba-presidente-CMJ-150x150.jpg",150,150,true],"medium":["https:\/\/blogopara.com.br\/wp-content\/uploads\/2021\/02\/Berg-da-Carnaiba-presidente-CMJ-240x300.jpg",240,300,true],"medium_large":["https:\/\/blogopara.com.br\/wp-content\/uploads\/2021\/02\/Berg-da-Carnaiba-presidente-CMJ.jpg",500,625,false],"large":["https:\/\/blogopara.com.br\/wp-content\/uploads\/2021\/02\/Berg-da-Carnaiba-presidente-CMJ.jpg",500,625,false],"1536x1536":["https:\/\/blogopara.com.br\/wp-content\/uploads\/2021\/02\/Berg-da-Carnaiba-presidente-CMJ.jpg",500,625,false],"2048x2048":["https:\/\/blogopara.com.br\/wp-content\/uploads\/2021\/02\/Berg-da-Carnaiba-presidente-CMJ.jpg",500,625,false],"mantranews-slider-large":["https:\/\/blogopara.com.br\/wp-content\/uploads\/2021\/02\/Berg-da-Carnaiba-presidente-CMJ.jpg",500,625,false],"mantranews-featured-medium":["https:\/\/blogopara.com.br\/wp-content\/uploads\/2021\/02\/Berg-da-Carnaiba-presidente-CMJ-420x307.jpg",420,307,true],"mantranews-featured-long":["https:\/\/blogopara.com.br\/wp-content\/uploads\/2021\/02\/Berg-da-Carnaiba-presidente-CMJ-300x443.jpg",300,443,true],"mantranews-block-medium":["https:\/\/blogopara.com.br\/wp-content\/uploads\/2021\/02\/Berg-da-Carnaiba-presidente-CMJ-464x290.jpg",464,290,true],"mantranews-carousel-image":["https:\/\/blogopara.com.br\/wp-content\/uploads\/2021\/02\/Berg-da-Carnaiba-presidente-CMJ-500x500.jpg",500,500,true],"mantranews-block-thumb":["https:\/\/blogopara.com.br\/wp-content\/uploads\/2021\/02\/Berg-da-Carnaiba-presidente-CMJ-322x230.jpg",322,230,true],"mantranews-single-large":["https:\/\/blogopara.com.br\/wp-content\/uploads\/2021\/02\/Berg-da-Carnaiba-presidente-CMJ.jpg",500,625,false]},"uagb_author_info":{"display_name":"Reda\u00e7\u00e3o geral","author_link":"https:\/\/blogopara.com.br\/index.php\/author\/blogopara"},"uagb_comment_info":0,"uagb_excerpt":"Para atender reivindica\u00e7\u00e3o de m\u00fasicos que solicitam mudan\u00e7as no crit\u00e9rio para a contrata\u00e7\u00e3o de bandas nos eventos realizados pelo Poder Municipal, o vereador e presidente da Casa Legislativa Apr\u00edgio Duarte Filho, Berg da Carna\u00edba, elaborou por meio do seu gabinete parlamentar projeto de lei n.\u00ba 3.863\/2023, que evidencia novo crit\u00e9rio a ser adotado pelo Munic\u00edpio&hellip;","jetpack_sharing_enabled":true,"jetpack_likes_enabled":true,"_links":{"self":[{"href":"https:\/\/blogopara.com.br\/index.php\/wp-json\/wp\/v2\/posts\/59789","targetHints":{"allow":["GET"]}}],"collection":[{"href":"https:\/\/blogopara.com.br\/index.php\/wp-json\/wp\/v2\/posts"}],"about":[{"href":"https:\/\/blogopara.com.br\/index.php\/wp-json\/wp\/v2\/types\/post"}],"author":[{"embeddable":true,"href":"https:\/\/blogopara.com.br\/index.php\/wp-json\/wp\/v2\/users\/1"}],"replies":[{"embeddable":true,"href":"https:\/\/blogopara.com.br\/index.php\/wp-json\/wp\/v2\/comments?post=59789"}],"version-history":[{"count":1,"href":"https:\/\/blogopara.com.br\/index.php\/wp-json\/wp\/v2\/posts\/59789\/revisions"}],"predecessor-version":[{"id":59792,"href":"https:\/\/blogopara.com.br\/index.php\/wp-json\/wp\/v2\/posts\/59789\/revisions\/59792"}],"wp:featuredmedia":[{"embeddable":true,"href":"https:\/\/blogopara.com.br\/index.php\/wp-json\/wp\/v2\/media\/18825"}],"wp:attachment":[{"href":"https:\/\/blogopara.com.br\/index.php\/wp-json\/wp\/v2\/media?parent=59789"}],"wp:term":[{"taxonomy":"category","embeddable":true,"href":"https:\/\/blogopara.com.br\/index.php\/wp-json\/wp\/v2\/categories?post=59789"},{"taxonomy":"post_tag","embeddable":true,"href":"https:\/\/blogopara.com.br\/index.php\/wp-json\/wp\/v2\/tags?post=59789"}],"curies":[{"name":"wp","href":"https:\/\/api.w.org\/{rel}","templated":true}]}}