{"id":59938,"date":"2023-12-06T14:00:00","date_gmt":"2023-12-06T17:00:00","guid":{"rendered":"https:\/\/blogopara.com.br\/?p=59938"},"modified":"2023-12-06T00:45:19","modified_gmt":"2023-12-06T03:45:19","slug":"prefeitura-de-petrolina-abre-inscricoes-para-processo-seletivo-com-mais-de-800-vagas-temporarias","status":"publish","type":"post","link":"https:\/\/blogopara.com.br\/index.php\/2023\/12\/06\/prefeitura-de-petrolina-abre-inscricoes-para-processo-seletivo-com-mais-de-800-vagas-temporarias","title":{"rendered":"Prefeitura de Petrolina abre inscri\u00e7\u00f5es para processo seletivo com mais de 800 vagas tempor\u00e1rias"},"content":{"rendered":"<div id=\"chunk-dg741\">\n<div class=\"mc-column content-text active-extra-styles \" data-block-type=\"unstyled\" data-block-weight=\"52\" data-block-id=\"2\">\n<p class=\" content-text__container \" style=\"text-align: justify;\" data-track-category=\"Link no Texto\" data-track-links=\"\">A Prefeitura de Petrolina, no Sert\u00e3o de Pernambuco, divulgou nesta segunda-feira (4), o edital de Sele\u00e7\u00e3o P\u00fablica Simplificada para contrata\u00e7\u00e3o tempor\u00e1ria. Os profissionais atuar\u00e3o em diversas unidades e \u00e1reas da Secretaria de Educa\u00e7\u00e3o, Cultura e Esportes (Seduce). <strong>As inscri\u00e7\u00f5es podem ser feitas at\u00e9 20 de dezembro, no site da Facape\u00a0<\/strong><a class=\"\" href=\"http:\/\/sistemas.facape.br:8080\/concurso\/inscricao.do\" target=\"_blank\" rel=\"noopener\"><strong>(clique aqui)<\/strong><\/a><strong>.<\/strong><\/p>\n<\/div>\n<\/div>\n<div class=\"wall protected-content\">\n<div id=\"chunk-7afqc\" style=\"text-align: justify;\">\n<div class=\"mc-column content-text active-extra-styles \" data-block-type=\"unstyled\" data-block-weight=\"46\" data-block-id=\"4\">\n<p class=\" content-text__container \" data-track-category=\"Link no Texto\" data-track-links=\"\">O certame oferece mais de 800 vagas, al\u00e9m do cadastro reserva. O <a class=\"\" href=\"http:\/\/sistemas.facape.br:8080\/concurso\/edital.do\" target=\"_blank\" rel=\"noopener\">edital<\/a>\u00a0de abertura foi publicado no Di\u00e1rio Oficial do Munic\u00edpio (DOM), com todas as informa\u00e7\u00f5es e crit\u00e9rios para o preenchimento das vagas.\u00a0<strong>As provas objetivas est\u00e3o previstas para o dia 14 de janeiro.<\/strong><\/p>\n<\/div>\n<\/div>\n<div id=\"chunk-biuo0\" style=\"text-align: justify;\">\n<div class=\"mc-column content-text active-extra-styles \" data-block-type=\"unstyled\" data-block-weight=\"49\" data-block-id=\"5\">\n<p class=\" content-text__container \" data-track-category=\"Link no Texto\" data-track-links=\"\">As vagas s\u00e3o destinadas a cargos de n\u00edvel superior; superior\/normal m\u00e9dio; m\u00e9dio; t\u00e9cnico; fundamental completo e incompleto em diversas \u00e1reas, abrangendo desde professor substituto de Educa\u00e7\u00e3o Infantil ao fundamental II, atendimento educacional especializado, assistentes administrativos e educacionais, auxiliares de limpeza e cozinha, barqueiro de transporte escolar e motoristas.<\/p>\n<\/div>\n<\/div>\n<div id=\"chunk-fbj9o\" style=\"text-align: justify;\">\n<div class=\"mc-column content-text active-extra-styles \" data-block-type=\"unstyled\" data-block-weight=\"44\" data-block-id=\"7\">\n<p class=\" content-text__container \" data-track-category=\"Link no Texto\" data-track-links=\"\">O valor da inscri\u00e7\u00e3o varia conforme o n\u00edvel de ensino, sendo R$ 80 para o n\u00edvel fundamental completo, R$ 70 para Fundamental Incompleto, R$ 100 para N\u00edvel M\u00e9dio, R$ 120 para T\u00e9cnico, R$ 130 para Superior\/Normal m\u00e9dio, e R$ 150 para n\u00edvel Superior.<\/p>\n<\/div>\n<\/div>\n<div id=\"chunk-2ecbl\" style=\"text-align: justify;\">\n<div class=\"mc-column content-text active-extra-styles \" data-block-type=\"unstyled\" data-block-weight=\"56\" data-block-id=\"8\">\n<p class=\" content-text__container \" data-track-category=\"Link no Texto\" data-track-links=\"\">Os pedidos de isen\u00e7\u00e3o da taxa de inscri\u00e7\u00e3o podem ser feitos no dia 05 de dezembro, pelo site da Facape. Haver\u00e1 isen\u00e7\u00e3o do pagamento para candidatos inscritos no Cadastro \u00danico para Programas Sociais do Governo Federal (Cad\u00danico) e que perten\u00e7am a fam\u00edlias de baixa renda, al\u00e9m dos doadores regulares de sangue no Hemope em Petrolina.<\/p>\n<\/div>\n<\/div>\n<div id=\"chunk-31tlq\">\n<div class=\"mc-column content-text active-extra-styles \" data-block-type=\"unstyled\" data-block-weight=\"36\" data-block-id=\"9\">\n<p class=\" content-text__container \" style=\"text-align: justify;\" data-track-category=\"Link no Texto\" data-track-links=\"\">Outras informa\u00e7\u00f5es podem ser esclarecidas atrav\u00e9s do e-mail concursopmp@facape.br. Os candidatos aprovados ser\u00e3o convocados pela Secretaria de Educa\u00e7\u00e3o, Cultura e Esportes para contrata\u00e7\u00e3o em regime tempor\u00e1rio de 12 meses, com possibilidade de prorroga\u00e7\u00e3o por igual per\u00edodo.<\/p>\n<p data-track-category=\"Link no Texto\" data-track-links=\"\"><em>Fonte: g1 Petrolina<\/em><\/p>\n<\/div>\n<\/div>\n<\/div>\n","protected":false},"excerpt":{"rendered":"<p>A Prefeitura de Petrolina, no Sert\u00e3o de Pernambuco, divulgou nesta segunda-feira (4), o edital de Sele\u00e7\u00e3o P\u00fablica Simplificada para contrata\u00e7\u00e3o tempor\u00e1ria. Os profissionais atuar\u00e3o em diversas unidades e \u00e1reas da Secretaria de Educa\u00e7\u00e3o, Cultura e Esportes (Seduce). As inscri\u00e7\u00f5es podem ser feitas at\u00e9 20 de dezembro, no site da Facape\u00a0(clique aqui). O certame oferece mais [&hellip;]<\/p>\n","protected":false},"author":1,"featured_media":21992,"comment_status":"closed","ping_status":"open","sticky":false,"template":"","format":"standard","meta":{"_uag_custom_page_level_css":"","_monsterinsights_skip_tracking":false,"_monsterinsights_sitenote_active":false,"_monsterinsights_sitenote_note":"","_monsterinsights_sitenote_category":0,"jetpack_post_was_ever_published":false,"_jetpack_newsletter_access":"","_jetpack_dont_email_post_to_subs":false,"_jetpack_newsletter_tier_id":0,"_jetpack_memberships_contains_paywalled_content":false,"_jetpack_memberships_contains_paid_content":false,"footnotes":"","jetpack_publicize_message":"","jetpack_publicize_feature_enabled":true,"jetpack_social_post_already_shared":true,"jetpack_social_options":{"image_generator_settings":{"template":"highway","default_image_id":0,"font":"","enabled":false},"version":2}},"categories":[1505,851],"tags":[58,2243,993],"class_list":["post-59938","post","type-post","status-publish","format-standard","has-post-thumbnail","hentry","category-oportunidade","category-petrolina","tag-petrolina","tag-prefeitura-de-petrolina","tag-processo-seletivo"],"jetpack_publicize_connections":[],"jetpack_featured_media_url":"https:\/\/blogopara.com.br\/wp-content\/uploads\/2021\/04\/Prefeitura-de-Petrolina-300x200-1.jpg","uagb_featured_image_src":{"full":["https:\/\/blogopara.com.br\/wp-content\/uploads\/2021\/04\/Prefeitura-de-Petrolina-300x200-1.jpg",500,333,false],"thumbnail":["https:\/\/blogopara.com.br\/wp-content\/uploads\/2021\/04\/Prefeitura-de-Petrolina-300x200-1-150x150.jpg",150,150,true],"medium":["https:\/\/blogopara.com.br\/wp-content\/uploads\/2021\/04\/Prefeitura-de-Petrolina-300x200-1-300x200.jpg",300,200,true],"medium_large":["https:\/\/blogopara.com.br\/wp-content\/uploads\/2021\/04\/Prefeitura-de-Petrolina-300x200-1.jpg",500,333,false],"large":["https:\/\/blogopara.com.br\/wp-content\/uploads\/2021\/04\/Prefeitura-de-Petrolina-300x200-1.jpg",500,333,false],"1536x1536":["https:\/\/blogopara.com.br\/wp-content\/uploads\/2021\/04\/Prefeitura-de-Petrolina-300x200-1.jpg",500,333,false],"2048x2048":["https:\/\/blogopara.com.br\/wp-content\/uploads\/2021\/04\/Prefeitura-de-Petrolina-300x200-1.jpg",500,333,false],"mantranews-slider-large":["https:\/\/blogopara.com.br\/wp-content\/uploads\/2021\/04\/Prefeitura-de-Petrolina-300x200-1.jpg",500,333,false],"mantranews-featured-medium":["https:\/\/blogopara.com.br\/wp-content\/uploads\/2021\/04\/Prefeitura-de-Petrolina-300x200-1-420x307.jpg",420,307,true],"mantranews-featured-long":["https:\/\/blogopara.com.br\/wp-content\/uploads\/2021\/04\/Prefeitura-de-Petrolina-300x200-1-300x333.jpg",300,333,true],"mantranews-block-medium":["https:\/\/blogopara.com.br\/wp-content\/uploads\/2021\/04\/Prefeitura-de-Petrolina-300x200-1-464x290.jpg",464,290,true],"mantranews-carousel-image":["https:\/\/blogopara.com.br\/wp-content\/uploads\/2021\/04\/Prefeitura-de-Petrolina-300x200-1.jpg",500,333,false],"mantranews-block-thumb":["https:\/\/blogopara.com.br\/wp-content\/uploads\/2021\/04\/Prefeitura-de-Petrolina-300x200-1-322x230.jpg",322,230,true],"mantranews-single-large":["https:\/\/blogopara.com.br\/wp-content\/uploads\/2021\/04\/Prefeitura-de-Petrolina-300x200-1.jpg",500,333,false]},"uagb_author_info":{"display_name":"Reda\u00e7\u00e3o geral","author_link":"https:\/\/blogopara.com.br\/index.php\/author\/blogopara"},"uagb_comment_info":0,"uagb_excerpt":"A Prefeitura de Petrolina, no Sert\u00e3o de Pernambuco, divulgou nesta segunda-feira (4), o edital de Sele\u00e7\u00e3o P\u00fablica Simplificada para contrata\u00e7\u00e3o tempor\u00e1ria. Os profissionais atuar\u00e3o em diversas unidades e \u00e1reas da Secretaria de Educa\u00e7\u00e3o, Cultura e Esportes (Seduce). As inscri\u00e7\u00f5es podem ser feitas at\u00e9 20 de dezembro, no site da Facape\u00a0(clique aqui). O certame oferece mais&hellip;","jetpack_sharing_enabled":true,"jetpack_likes_enabled":true,"_links":{"self":[{"href":"https:\/\/blogopara.com.br\/index.php\/wp-json\/wp\/v2\/posts\/59938","targetHints":{"allow":["GET"]}}],"collection":[{"href":"https:\/\/blogopara.com.br\/index.php\/wp-json\/wp\/v2\/posts"}],"about":[{"href":"https:\/\/blogopara.com.br\/index.php\/wp-json\/wp\/v2\/types\/post"}],"author":[{"embeddable":true,"href":"https:\/\/blogopara.com.br\/index.php\/wp-json\/wp\/v2\/users\/1"}],"replies":[{"embeddable":true,"href":"https:\/\/blogopara.com.br\/index.php\/wp-json\/wp\/v2\/comments?post=59938"}],"version-history":[{"count":1,"href":"https:\/\/blogopara.com.br\/index.php\/wp-json\/wp\/v2\/posts\/59938\/revisions"}],"predecessor-version":[{"id":59939,"href":"https:\/\/blogopara.com.br\/index.php\/wp-json\/wp\/v2\/posts\/59938\/revisions\/59939"}],"wp:featuredmedia":[{"embeddable":true,"href":"https:\/\/blogopara.com.br\/index.php\/wp-json\/wp\/v2\/media\/21992"}],"wp:attachment":[{"href":"https:\/\/blogopara.com.br\/index.php\/wp-json\/wp\/v2\/media?parent=59938"}],"wp:term":[{"taxonomy":"category","embeddable":true,"href":"https:\/\/blogopara.com.br\/index.php\/wp-json\/wp\/v2\/categories?post=59938"},{"taxonomy":"post_tag","embeddable":true,"href":"https:\/\/blogopara.com.br\/index.php\/wp-json\/wp\/v2\/tags?post=59938"}],"curies":[{"name":"wp","href":"https:\/\/api.w.org\/{rel}","templated":true}]}}