{"id":59957,"date":"2023-12-06T10:30:00","date_gmt":"2023-12-06T13:30:00","guid":{"rendered":"https:\/\/blogopara.com.br\/?p=59957"},"modified":"2023-12-06T09:12:20","modified_gmt":"2023-12-06T12:12:20","slug":"bahia-registra-74-focos-de-incendio-nos-primeiros-3-dias-de-dezembro","status":"publish","type":"post","link":"https:\/\/blogopara.com.br\/index.php\/2023\/12\/06\/bahia-registra-74-focos-de-incendio-nos-primeiros-3-dias-de-dezembro","title":{"rendered":"Bahia registra 74 focos de inc\u00eandio nos primeiros 3 dias de dezembro"},"content":{"rendered":"<div class=\"mdc-layout-grid__cell mdc-layout-grid__cell--span-6-desktop mdc-layout-grid__cell--span-8-tablet comp paragrafo cXenseParse\">\n<p style=\"text-align: justify;\">A temporada de queimadas na Bahia varia anualmente entre os meses de setembro e novembro, segundo o Programa Queimadas do Instituto de Pesquisas Espaciais (Inpe). Por\u00e9m, os focos que continuam a ser registrados em dezembro est\u00e3o mantendo o Corpo de Bombeiros da Bahia (CBM-Ba) em opera\u00e7\u00e3o especial para combater as chamas. Na \u00faltima segunda-feira (04), 200 bombeiros, com sete avi\u00f5es e dois helic\u00f3pteros, al\u00e9m de volunt\u00e1rios, atuaram nas regi\u00f5es mais atingidas no interior do estado. Nos tr\u00eas primeiros dias de dezembro, o Inpe contabilizou 74 focos de inc\u00eandio na Bahia.<\/p>\n<\/div>\n<div class=\"mdc-layout-grid__cell mdc-layout-grid__cell--span-6-desktop mdc-layout-grid__cell--span-8-tablet comp paragrafo cXenseParse\" style=\"text-align: justify;\">\n<p>As regi\u00f5es assistidas pelo Corpo de Bombeiros no momento s\u00e3o a Norte, Sudeste, Sul e Chapada Diamantina, nas cidades de Pindoba\u00e7u, Miguel Calmon, Jacobina, Iramaia, Ibicoara, Morro do Chap\u00e9u, Maca\u00fabas, Brotas de Maca\u00fabas, Mundo Novo, Rio de Contas, Barra da Estiva, \u00c9rico Cardoso, Po\u00e7\u00f5es Mara\u00fa, Eun\u00e1polis, Prado e Santa Cruz Cabr\u00e1lia.<\/p>\n<\/div>\n<div class=\"mdc-layout-grid__cell mdc-layout-grid__cell--span-6-desktop mdc-layout-grid__cell--span-8-tablet comp paragrafo cXenseParse\" style=\"text-align: justify;\">\n<p>Segundo o Corpo de Bombeiros, a opera\u00e7\u00e3o \u00e9 realizada em parceria com o Programa Bahia Sem Fogo da Secretaria do Meio Ambiente (Sema), respons\u00e1vel por ceder os sete avi\u00f5es usados pelos bombeiros, todos do modelo Air Tractor \u2013 ideal para o combate a inc\u00eandios e servi\u00e7os agr\u00edcolas.<\/p>\n<\/div>\n<div class=\"mdc-layout-grid__cell mdc-layout-grid__cell--span-6-desktop mdc-layout-grid__cell--span-8-tablet comp paragrafo cXenseParse\" style=\"text-align: justify;\">\n<p>Os dois helic\u00f3pteros s\u00e3o: um do Grupamento A\u00e9reo (Graer) da Pol\u00edcia Militar da Bahia (PMBA) e outro do governo de Pernambuco. Brigadistas do Instituto Chico Mendes de Conserva\u00e7\u00e3o da Biodiversidade (ICMBio), Instituto Brasileiro do Meio Ambiente e dos Recursos Naturais Renov\u00e1veis (Ibama) e brigadistas volunt\u00e1rios dos munic\u00edpios pr\u00f3ximos \u00e0s regi\u00f5es atingidas tamb\u00e9m d\u00e3o apoio \u00e0 Opera\u00e7\u00e3o Florestal, que teve in\u00edcio em julho deste ano. Al\u00e9m dos combates, os bombeiros tamb\u00e9m realizam a\u00e7\u00f5es preventivas com a popula\u00e7\u00e3o local.<\/p>\n<\/div>\n<div class=\"mdc-layout-grid__cell mdc-layout-grid__cell--span-6-desktop mdc-layout-grid__cell--span-8-tablet comp paragrafo cXenseParse\">\n<p style=\"text-align: justify;\">Os inc\u00eandios florestais ganham propor\u00e7\u00f5es maiores durante essa \u00e9poca do ano, quando as temperaturas est\u00e3o mais altas. H\u00e1 duas semanas, a Bahia registrou 107 focos de inc\u00eandios florestais em 48 horas, de acordo com o Programa Queimadas do Inpe. Foram 897 ocorr\u00eancias registradas apenas em novembro e pouco mais de 11 mil em todo o ano.<\/p>\n<div class=\"mdc-layout-grid__cell mdc-layout-grid__cell--span-6-desktop mdc-layout-grid__cell--span-8-tablet comp paragrafo cXenseParse\" style=\"text-align: justify;\">\n<p><b>Atua\u00e7\u00e3o municipal<\/b><\/p>\n<\/div>\n<div class=\"mdc-layout-grid__cell mdc-layout-grid__cell--span-6-desktop mdc-layout-grid__cell--span-8-tablet comp paragrafo cXenseParse\" style=\"text-align: justify;\">\n<p>Uma das situa\u00e7\u00f5es mais cr\u00edticas \u00e9 a de Mundo Novo, no centro-norte baiano, que enfrenta a pior trag\u00e9dia ambiental de sua hist\u00f3ria com um inc\u00eandio que j\u00e1 atingiu 30 fazendas da zona rural. As chamas come\u00e7aram na ro\u00e7a de um pequeno agricultor e se espalharam para a reserva ambiental do Instituto Divina Pastora, administrada pela Abadia Cisterciense de Jequitib\u00e1, situada entre os povoados de Jequitib\u00e1 e Pinda\u00ed, na \u00faltima quarta-feira (29).<\/p>\n<\/div>\n<div class=\"mdc-layout-grid__cell mdc-layout-grid__cell--span-6-desktop mdc-layout-grid__cell--span-8-tablet comp paragrafo cXenseParse\">\n<p style=\"text-align: justify;\">Para combater as chamas que amea\u00e7am atingir os povoados e a Abadia Cisterciense de Jequitib\u00e1, um dos cinco mosteiros desse tipo do pa\u00eds, a prefeitura est\u00e1 apoiando o trabalho do Corpo de Bombeiros com o fornecimento de carros pipas e retroescavadeiras para abrir trilhas na reserva de mata. Na noite da \u00faltima segunda-feira (04), o fogo ainda persistia.<\/p>\n<p style=\"text-align: justify;\">\u201cTamb\u00e9m estamos contribuindo para a hospedagem e alimenta\u00e7\u00e3o de todo o corpo de bombeiros, mas tamb\u00e9m dos volunt\u00e1rios que tamb\u00e9m se encontram l\u00e1 no Jequitib\u00e1 neste combate ao fogo [\u2026] vale ressaltar que v\u00e1rios fazendeiros e prefeitos da regi\u00e3o est\u00e3o mobilizados para tentar ajudar na conten\u00e7\u00e3o desse fogo\u201d, afirmou o prefeito de Mundo Novo, Jos\u00e9 Adriano da Silva (PSB).<\/p>\n<div class=\"mdc-layout-grid__cell mdc-layout-grid__cell--span-6-desktop mdc-layout-grid__cell--span-8-tablet comp paragrafo cXenseParse\" style=\"text-align: justify;\">\n<p>Segundo informa\u00e7\u00f5es enviadas pela prefeita de Morro do Chap\u00e9u, Juliana Ara\u00fajo, na \u00faltima segunda (04), o munic\u00edpio registrou quatro focos de inc\u00eandio. Dois deles foram controlados com o trabalho de brigadistas, bombeiros civis, da Defesa Civil e do Corpo de Bombeiros, com o apoio de aeronaves.<\/p>\n<\/div>\n<div class=\"mdc-layout-grid__cell mdc-layout-grid__cell--span-6-desktop mdc-layout-grid__cell--span-8-tablet comp paragrafo cXenseParse\" style=\"text-align: justify;\">\n<p>Contudo, dois dos focos continuam ativos e, segundo a prefeitura de Morro do Chap\u00e9u, foram causados por bitucas de cigarros e por um inc\u00eandio iniciado para abertura de pastagem, mas que acabou saindo do controle. A gestora informou que o munic\u00edpio est\u00e1 em alerta para o risco de uma trag\u00e9dia ambiental e que refor\u00e7ou as a\u00e7\u00f5es de combate a inc\u00eandios.<\/p>\n<\/div>\n<div class=\"mdc-layout-grid__cell mdc-layout-grid__cell--span-6-desktop mdc-layout-grid__cell--span-8-tablet comp paragrafo cXenseParse\">\n<p style=\"text-align: justify;\">\u201cFa\u00e7o um apelo \u00e0s pessoas para que n\u00e3o coloquem fogo no quintal de casa para abrir pastagem. Isso \u00e9 uma irresponsabilidade e pode causar uma grande trag\u00e9dia ambiental. \u00c9 preciso ter uma conscientiza\u00e7\u00e3o. As barragens est\u00e3o secando, muita gente est\u00e1 sem \u00e1gua em casa. N\u00f3s temos sete carros-pipas, que neste momento est\u00e3o dando apoio no combate aos inc\u00eandios\u201d, declarou Juliana Ara\u00fajo.<\/p>\n<\/div>\n<\/div>\n<\/div>\n","protected":false},"excerpt":{"rendered":"<p>A temporada de queimadas na Bahia varia anualmente entre os meses de setembro e novembro, segundo o Programa Queimadas do Instituto de Pesquisas Espaciais (Inpe). Por\u00e9m, os focos que continuam a ser registrados em dezembro est\u00e3o mantendo o Corpo de Bombeiros da Bahia (CBM-Ba) em opera\u00e7\u00e3o especial para combater as chamas. Na \u00faltima segunda-feira (04), [&hellip;]<\/p>\n","protected":false},"author":1,"featured_media":58031,"comment_status":"closed","ping_status":"open","sticky":false,"template":"","format":"standard","meta":{"_uag_custom_page_level_css":"","_monsterinsights_skip_tracking":false,"_monsterinsights_sitenote_active":false,"_monsterinsights_sitenote_note":"","_monsterinsights_sitenote_category":0,"jetpack_post_was_ever_published":false,"_jetpack_newsletter_access":"","_jetpack_dont_email_post_to_subs":false,"_jetpack_newsletter_tier_id":0,"_jetpack_memberships_contains_paywalled_content":false,"_jetpack_memberships_contains_paid_content":false,"footnotes":"","jetpack_publicize_message":"","jetpack_publicize_feature_enabled":true,"jetpack_social_post_already_shared":true,"jetpack_social_options":{"image_generator_settings":{"template":"highway","default_image_id":0,"font":"","enabled":false},"version":2}},"categories":[199],"tags":[196,11239,685],"class_list":["post-59957","post","type-post","status-publish","format-standard","has-post-thumbnail","hentry","category-bahia","tag-cbmba","tag-coordef","tag-incendio-florestal"],"jetpack_publicize_connections":[],"jetpack_featured_media_url":"https:\/\/blogopara.com.br\/wp-content\/uploads\/2023\/10\/bombeiros-combatem-incendios-em-16-cidades-da-bahia.jpg","uagb_featured_image_src":{"full":["https:\/\/blogopara.com.br\/wp-content\/uploads\/2023\/10\/bombeiros-combatem-incendios-em-16-cidades-da-bahia.jpg",500,300,false],"thumbnail":["https:\/\/blogopara.com.br\/wp-content\/uploads\/2023\/10\/bombeiros-combatem-incendios-em-16-cidades-da-bahia-150x150.jpg",150,150,true],"medium":["https:\/\/blogopara.com.br\/wp-content\/uploads\/2023\/10\/bombeiros-combatem-incendios-em-16-cidades-da-bahia-300x180.jpg",300,180,true],"medium_large":["https:\/\/blogopara.com.br\/wp-content\/uploads\/2023\/10\/bombeiros-combatem-incendios-em-16-cidades-da-bahia.jpg",500,300,false],"large":["https:\/\/blogopara.com.br\/wp-content\/uploads\/2023\/10\/bombeiros-combatem-incendios-em-16-cidades-da-bahia.jpg",500,300,false],"1536x1536":["https:\/\/blogopara.com.br\/wp-content\/uploads\/2023\/10\/bombeiros-combatem-incendios-em-16-cidades-da-bahia.jpg",500,300,false],"2048x2048":["https:\/\/blogopara.com.br\/wp-content\/uploads\/2023\/10\/bombeiros-combatem-incendios-em-16-cidades-da-bahia.jpg",500,300,false],"mantranews-slider-large":["https:\/\/blogopara.com.br\/wp-content\/uploads\/2023\/10\/bombeiros-combatem-incendios-em-16-cidades-da-bahia.jpg",500,300,false],"mantranews-featured-medium":["https:\/\/blogopara.com.br\/wp-content\/uploads\/2023\/10\/bombeiros-combatem-incendios-em-16-cidades-da-bahia-420x300.jpg",420,300,true],"mantranews-featured-long":["https:\/\/blogopara.com.br\/wp-content\/uploads\/2023\/10\/bombeiros-combatem-incendios-em-16-cidades-da-bahia-300x300.jpg",300,300,true],"mantranews-block-medium":["https:\/\/blogopara.com.br\/wp-content\/uploads\/2023\/10\/bombeiros-combatem-incendios-em-16-cidades-da-bahia-464x290.jpg",464,290,true],"mantranews-carousel-image":["https:\/\/blogopara.com.br\/wp-content\/uploads\/2023\/10\/bombeiros-combatem-incendios-em-16-cidades-da-bahia.jpg",500,300,false],"mantranews-block-thumb":["https:\/\/blogopara.com.br\/wp-content\/uploads\/2023\/10\/bombeiros-combatem-incendios-em-16-cidades-da-bahia-322x230.jpg",322,230,true],"mantranews-single-large":["https:\/\/blogopara.com.br\/wp-content\/uploads\/2023\/10\/bombeiros-combatem-incendios-em-16-cidades-da-bahia.jpg",500,300,false]},"uagb_author_info":{"display_name":"Reda\u00e7\u00e3o geral","author_link":"https:\/\/blogopara.com.br\/index.php\/author\/blogopara"},"uagb_comment_info":0,"uagb_excerpt":"A temporada de queimadas na Bahia varia anualmente entre os meses de setembro e novembro, segundo o Programa Queimadas do Instituto de Pesquisas Espaciais (Inpe). Por\u00e9m, os focos que continuam a ser registrados em dezembro est\u00e3o mantendo o Corpo de Bombeiros da Bahia (CBM-Ba) em opera\u00e7\u00e3o especial para combater as chamas. Na \u00faltima segunda-feira (04),&hellip;","jetpack_sharing_enabled":true,"jetpack_likes_enabled":true,"_links":{"self":[{"href":"https:\/\/blogopara.com.br\/index.php\/wp-json\/wp\/v2\/posts\/59957","targetHints":{"allow":["GET"]}}],"collection":[{"href":"https:\/\/blogopara.com.br\/index.php\/wp-json\/wp\/v2\/posts"}],"about":[{"href":"https:\/\/blogopara.com.br\/index.php\/wp-json\/wp\/v2\/types\/post"}],"author":[{"embeddable":true,"href":"https:\/\/blogopara.com.br\/index.php\/wp-json\/wp\/v2\/users\/1"}],"replies":[{"embeddable":true,"href":"https:\/\/blogopara.com.br\/index.php\/wp-json\/wp\/v2\/comments?post=59957"}],"version-history":[{"count":1,"href":"https:\/\/blogopara.com.br\/index.php\/wp-json\/wp\/v2\/posts\/59957\/revisions"}],"predecessor-version":[{"id":59958,"href":"https:\/\/blogopara.com.br\/index.php\/wp-json\/wp\/v2\/posts\/59957\/revisions\/59958"}],"wp:featuredmedia":[{"embeddable":true,"href":"https:\/\/blogopara.com.br\/index.php\/wp-json\/wp\/v2\/media\/58031"}],"wp:attachment":[{"href":"https:\/\/blogopara.com.br\/index.php\/wp-json\/wp\/v2\/media?parent=59957"}],"wp:term":[{"taxonomy":"category","embeddable":true,"href":"https:\/\/blogopara.com.br\/index.php\/wp-json\/wp\/v2\/categories?post=59957"},{"taxonomy":"post_tag","embeddable":true,"href":"https:\/\/blogopara.com.br\/index.php\/wp-json\/wp\/v2\/tags?post=59957"}],"curies":[{"name":"wp","href":"https:\/\/api.w.org\/{rel}","templated":true}]}}