{"id":59970,"date":"2023-12-07T12:08:00","date_gmt":"2023-12-07T15:08:00","guid":{"rendered":"https:\/\/blogopara.com.br\/?p=59970"},"modified":"2023-12-07T00:10:35","modified_gmt":"2023-12-07T03:10:35","slug":"mutirao-realizado-pelo-ministerio-publico-em-juazeiro-ba-atende-mais-de-800-pessoas","status":"publish","type":"post","link":"https:\/\/blogopara.com.br\/index.php\/2023\/12\/07\/mutirao-realizado-pelo-ministerio-publico-em-juazeiro-ba-atende-mais-de-800-pessoas","title":{"rendered":"Mutir\u00e3o realizado pelo Minist\u00e9rio P\u00fablico em Juazeiro (BA) atende mais de 800 pessoas"},"content":{"rendered":"<p style=\"text-align: justify;\">O Minist\u00e9rio P\u00fablico estadual realizou em Juazeiro (BA), mais um mutir\u00e3o do \u2018MP Comunidade\u2019, que levou ao munic\u00edpio os projetos \u2018Paternidade Respons\u00e1vel\u2019, \u2018Viver com Cidadania\u2019 e \u2018MP + diverso\u2019. O mutir\u00e3o foi realizado por meio do Centro de Apoio Operacional \u00e0s Promotorias de Justi\u00e7a C\u00edveis, Funda\u00e7\u00f5es e Eleitorais (Caocife), da 1\u00aa Promotoria de Justi\u00e7a de Direitos Humanos de Salvador e da Secretaria de Desenvolvimento Social da Mulher e da Diversidade (Sedes). No total, 881 atendimentos foram realizados.<\/p>\n<p style=\"text-align: justify;\">Durante o per\u00edodo, com o \u2018Paternidade respons\u00e1vel\u2019 foram realizados 78 reconhecimentos espont\u00e2neos de paternidade, 58 acordos aliment\u00edcios, 49 exames gratuitos de DNA, 336 retiradas de segunda via de documento e 266 atendimentos diversos. Al\u00e9m disso, houve a realiza\u00e7\u00e3o de 44 atendimentos, 27 retifica\u00e7\u00f5es de registros, dentre outros servi\u00e7os pelo \u2018MP + diverso\u2019, totalizando 94 atendimento \u00e0 popula\u00e7\u00e3o LGBTQIAPN+.<\/p>\n<p style=\"text-align: justify;\">O mutir\u00e3o contou com a participa\u00e7\u00e3o dos promotores de Justi\u00e7a Thomas Bryann Freitas, que representou a coordenadora do Caocife, promotora de Justi\u00e7a Leila Seijo; M\u00e1rcia Teixeira, titular da 1\u00aa Promotoria de Justi\u00e7a de Direitos Humanos; Ana Let\u00edcia Morais; Patr\u00edcia Camilo Caetano; Mayumi Menezes Kwabe; Thays Rabelo da Costa; Rita de Cassia Rodrigues; Renata Mamede Carneiro; Joseane Mendes Nunes; Andrea Mendon\u00e7a; al\u00e9m de assistente social, psic\u00f3loga e demais servidores do Caocife e das Promotorias.<\/p>\n<p style=\"text-align: justify;\"><em>Fonte: Blog Edenevaldo Alves<\/em><\/p>\n","protected":false},"excerpt":{"rendered":"<p>O Minist\u00e9rio P\u00fablico estadual realizou em Juazeiro (BA), mais um mutir\u00e3o do \u2018MP Comunidade\u2019, que levou ao munic\u00edpio os projetos \u2018Paternidade Respons\u00e1vel\u2019, \u2018Viver com Cidadania\u2019 e \u2018MP + diverso\u2019. O mutir\u00e3o foi realizado por meio do Centro de Apoio Operacional \u00e0s Promotorias de Justi\u00e7a C\u00edveis, Funda\u00e7\u00f5es e Eleitorais (Caocife), da 1\u00aa Promotoria de Justi\u00e7a de [&hellip;]<\/p>\n","protected":false},"author":1,"featured_media":59971,"comment_status":"closed","ping_status":"open","sticky":false,"template":"","format":"standard","meta":{"_uag_custom_page_level_css":"","_monsterinsights_skip_tracking":false,"_monsterinsights_sitenote_active":false,"_monsterinsights_sitenote_note":"","_monsterinsights_sitenote_category":0,"jetpack_post_was_ever_published":false,"_jetpack_newsletter_access":"","_jetpack_dont_email_post_to_subs":false,"_jetpack_newsletter_tier_id":0,"_jetpack_memberships_contains_paywalled_content":false,"_jetpack_memberships_contains_paid_content":false,"footnotes":"","jetpack_publicize_message":"","jetpack_publicize_feature_enabled":true,"jetpack_social_post_already_shared":true,"jetpack_social_options":{"image_generator_settings":{"template":"highway","default_image_id":0,"font":"","enabled":false},"version":2}},"categories":[10110,203],"tags":[143,841],"class_list":["post-59970","post","type-post","status-publish","format-standard","has-post-thumbnail","hentry","category-desenvolvimento","category-juazeiro","tag-juazeiro-da-bahia","tag-ministerio-publico"],"jetpack_publicize_connections":[],"jetpack_featured_media_url":"https:\/\/blogopara.com.br\/wp-content\/uploads\/2023\/12\/paternidade_1-1-850x491-1.jpg","uagb_featured_image_src":{"full":["https:\/\/blogopara.com.br\/wp-content\/uploads\/2023\/12\/paternidade_1-1-850x491-1.jpg",500,289,false],"thumbnail":["https:\/\/blogopara.com.br\/wp-content\/uploads\/2023\/12\/paternidade_1-1-850x491-1-150x150.jpg",150,150,true],"medium":["https:\/\/blogopara.com.br\/wp-content\/uploads\/2023\/12\/paternidade_1-1-850x491-1-300x173.jpg",300,173,true],"medium_large":["https:\/\/blogopara.com.br\/wp-content\/uploads\/2023\/12\/paternidade_1-1-850x491-1.jpg",500,289,false],"large":["https:\/\/blogopara.com.br\/wp-content\/uploads\/2023\/12\/paternidade_1-1-850x491-1.jpg",500,289,false],"1536x1536":["https:\/\/blogopara.com.br\/wp-content\/uploads\/2023\/12\/paternidade_1-1-850x491-1.jpg",500,289,false],"2048x2048":["https:\/\/blogopara.com.br\/wp-content\/uploads\/2023\/12\/paternidade_1-1-850x491-1.jpg",500,289,false],"mantranews-slider-large":["https:\/\/blogopara.com.br\/wp-content\/uploads\/2023\/12\/paternidade_1-1-850x491-1.jpg",500,289,false],"mantranews-featured-medium":["https:\/\/blogopara.com.br\/wp-content\/uploads\/2023\/12\/paternidade_1-1-850x491-1-420x289.jpg",420,289,true],"mantranews-featured-long":["https:\/\/blogopara.com.br\/wp-content\/uploads\/2023\/12\/paternidade_1-1-850x491-1-300x289.jpg",300,289,true],"mantranews-block-medium":["https:\/\/blogopara.com.br\/wp-content\/uploads\/2023\/12\/paternidade_1-1-850x491-1-464x289.jpg",464,289,true],"mantranews-carousel-image":["https:\/\/blogopara.com.br\/wp-content\/uploads\/2023\/12\/paternidade_1-1-850x491-1.jpg",500,289,false],"mantranews-block-thumb":["https:\/\/blogopara.com.br\/wp-content\/uploads\/2023\/12\/paternidade_1-1-850x491-1-322x230.jpg",322,230,true],"mantranews-single-large":["https:\/\/blogopara.com.br\/wp-content\/uploads\/2023\/12\/paternidade_1-1-850x491-1.jpg",500,289,false]},"uagb_author_info":{"display_name":"Reda\u00e7\u00e3o geral","author_link":"https:\/\/blogopara.com.br\/index.php\/author\/blogopara"},"uagb_comment_info":0,"uagb_excerpt":"O Minist\u00e9rio P\u00fablico estadual realizou em Juazeiro (BA), mais um mutir\u00e3o do \u2018MP Comunidade\u2019, que levou ao munic\u00edpio os projetos \u2018Paternidade Respons\u00e1vel\u2019, \u2018Viver com Cidadania\u2019 e \u2018MP + diverso\u2019. O mutir\u00e3o foi realizado por meio do Centro de Apoio Operacional \u00e0s Promotorias de Justi\u00e7a C\u00edveis, Funda\u00e7\u00f5es e Eleitorais (Caocife), da 1\u00aa Promotoria de Justi\u00e7a de&hellip;","jetpack_sharing_enabled":true,"jetpack_likes_enabled":true,"_links":{"self":[{"href":"https:\/\/blogopara.com.br\/index.php\/wp-json\/wp\/v2\/posts\/59970","targetHints":{"allow":["GET"]}}],"collection":[{"href":"https:\/\/blogopara.com.br\/index.php\/wp-json\/wp\/v2\/posts"}],"about":[{"href":"https:\/\/blogopara.com.br\/index.php\/wp-json\/wp\/v2\/types\/post"}],"author":[{"embeddable":true,"href":"https:\/\/blogopara.com.br\/index.php\/wp-json\/wp\/v2\/users\/1"}],"replies":[{"embeddable":true,"href":"https:\/\/blogopara.com.br\/index.php\/wp-json\/wp\/v2\/comments?post=59970"}],"version-history":[{"count":1,"href":"https:\/\/blogopara.com.br\/index.php\/wp-json\/wp\/v2\/posts\/59970\/revisions"}],"predecessor-version":[{"id":59972,"href":"https:\/\/blogopara.com.br\/index.php\/wp-json\/wp\/v2\/posts\/59970\/revisions\/59972"}],"wp:featuredmedia":[{"embeddable":true,"href":"https:\/\/blogopara.com.br\/index.php\/wp-json\/wp\/v2\/media\/59971"}],"wp:attachment":[{"href":"https:\/\/blogopara.com.br\/index.php\/wp-json\/wp\/v2\/media?parent=59970"}],"wp:term":[{"taxonomy":"category","embeddable":true,"href":"https:\/\/blogopara.com.br\/index.php\/wp-json\/wp\/v2\/categories?post=59970"},{"taxonomy":"post_tag","embeddable":true,"href":"https:\/\/blogopara.com.br\/index.php\/wp-json\/wp\/v2\/tags?post=59970"}],"curies":[{"name":"wp","href":"https:\/\/api.w.org\/{rel}","templated":true}]}}