{"id":59995,"date":"2023-12-08T12:44:00","date_gmt":"2023-12-08T15:44:00","guid":{"rendered":"https:\/\/blogopara.com.br\/?p=59995"},"modified":"2023-12-07T12:45:47","modified_gmt":"2023-12-07T15:45:47","slug":"processo-seletivo-de-gestores-prefeitura-de-juazeiro-divulga-local-e-horarios-de-aplicacao-de-provas-que-acontecerao-neste-domingo-10","status":"publish","type":"post","link":"https:\/\/blogopara.com.br\/index.php\/2023\/12\/08\/processo-seletivo-de-gestores-prefeitura-de-juazeiro-divulga-local-e-horarios-de-aplicacao-de-provas-que-acontecerao-neste-domingo-10","title":{"rendered":"Processo seletivo de gestores: Prefeitura de Juazeiro divulga local e hor\u00e1rios de aplica\u00e7\u00e3o de provas que acontecer\u00e3o neste domingo (10)"},"content":{"rendered":"<p style=\"text-align: justify;\">A Prefeitura de Juazeiro, por meio da Secretaria de Educa\u00e7\u00e3o e Juventude (Seduc), vai realizar neste domingo (10), no Col\u00e9gio de Tempo Integral C\u00edvico-Militar Caic Misael Aguilar, localizado no bairro Malhada da Areia, as avalia\u00e7\u00f5es de conhecimentos espec\u00edficos dos candidatos a gestores, vice-gestores e coordenadores pedag\u00f3gicos da rede municipal de ensino. As provas ser\u00e3o em dois hor\u00e1rios distintos: 8h \u00e0s 12h para candidatos a gestores e vice-gestores; e 14h \u00e0s 18h para candidatos a coordenadores pedag\u00f3gicos.<br aria-hidden=\"true\" \/><br aria-hidden=\"true\" \/>Para realiza\u00e7\u00e3o da avalia\u00e7\u00e3o, o candidato dever\u00e1 portar documento original com foto e comprovante de inscri\u00e7\u00e3o, al\u00e9m de cumprir o comparecimento no local e hor\u00e1rio designados para a prova. A expectativa da Seduc \u00e9 que os 308 candidatos inscritos participem do processo.<br aria-hidden=\"true\" \/><br aria-hidden=\"true\" \/>Para outras informa\u00e7\u00f5es, os interessados devem acessar o edital do processo seletivo, dispon\u00edvel no site da Prefeitura de Juazeiro (<a id=\"LPlnk129972\" href=\"http:\/\/www.juazeiro.ba.gov.br\/\" target=\"_blank\" rel=\"noopener noreferrer\" data-auth=\"NotApplicable\" data-linkindex=\"0\">www.juazeiro.ba.gov.br<\/a>), na aba destaques, do lado direito da p\u00e1gina, ou na Superintend\u00eancia Pedag\u00f3gica da Seduc. O processo seletivo ser\u00e1 realizado em tr\u00eas etapas. A primeira diz respeito \u00e0 certifica\u00e7\u00e3o dos candidatos que ainda n\u00e3o possuem certifica\u00e7\u00e3o anterior no cargo pleiteado. A segunda consiste na revalida\u00e7\u00e3o, destinada aos candidatos que possuem certifica\u00e7\u00e3o anterior no cargo pleiteado e buscam revalida\u00e7\u00e3o nas fun\u00e7\u00f5es de gestores, vice-gestores e coordenadores pedag\u00f3gicos. J\u00e1 a terceira fase, espec\u00edfica para gestores e vice-gestores, \u00e9 a de elei\u00e7\u00e3o, destinada a todos os candidatos que alcan\u00e7aram a certifica\u00e7\u00e3o e revalida\u00e7\u00e3o nas fun\u00e7\u00f5es de dire\u00e7\u00e3o.<\/p>\n<div style=\"text-align: justify;\"><\/div>\n<div style=\"text-align: justify;\">Texto: Camila Santana &#8211; Ascom\/Seduc\/PMJ<\/div>\n<div>\n<div style=\"text-align: justify;\">Foto: Edin\u00e1zio\u00a0Dias &#8211; Ascom\/PMJ<\/div>\n<\/div>\n","protected":false},"excerpt":{"rendered":"<p>A Prefeitura de Juazeiro, por meio da Secretaria de Educa\u00e7\u00e3o e Juventude (Seduc), vai realizar neste domingo (10), no Col\u00e9gio de Tempo Integral C\u00edvico-Militar Caic Misael Aguilar, localizado no bairro Malhada da Areia, as avalia\u00e7\u00f5es de conhecimentos espec\u00edficos dos candidatos a gestores, vice-gestores e coordenadores pedag\u00f3gicos da rede municipal de ensino. As provas ser\u00e3o em [&hellip;]<\/p>\n","protected":false},"author":1,"featured_media":51475,"comment_status":"closed","ping_status":"open","sticky":false,"template":"","format":"standard","meta":{"_uag_custom_page_level_css":"","_monsterinsights_skip_tracking":false,"_monsterinsights_sitenote_active":false,"_monsterinsights_sitenote_note":"","_monsterinsights_sitenote_category":0,"jetpack_post_was_ever_published":false,"_jetpack_newsletter_access":"","_jetpack_dont_email_post_to_subs":false,"_jetpack_newsletter_tier_id":0,"_jetpack_memberships_contains_paywalled_content":false,"_jetpack_memberships_contains_paid_content":false,"footnotes":"","jetpack_publicize_message":"","jetpack_publicize_feature_enabled":true,"jetpack_social_post_already_shared":true,"jetpack_social_options":{"image_generator_settings":{"template":"highway","default_image_id":0,"font":"","enabled":false},"version":2}},"categories":[203],"tags":[],"class_list":["post-59995","post","type-post","status-publish","format-standard","has-post-thumbnail","hentry","category-juazeiro"],"jetpack_publicize_connections":[],"jetpack_featured_media_url":"https:\/\/blogopara.com.br\/wp-content\/uploads\/2023\/04\/Prefeitura-de-Juazeiro-Paco-Municipal.jpg","uagb_featured_image_src":{"full":["https:\/\/blogopara.com.br\/wp-content\/uploads\/2023\/04\/Prefeitura-de-Juazeiro-Paco-Municipal.jpg",948,632,false],"thumbnail":["https:\/\/blogopara.com.br\/wp-content\/uploads\/2023\/04\/Prefeitura-de-Juazeiro-Paco-Municipal-150x150.jpg",150,150,true],"medium":["https:\/\/blogopara.com.br\/wp-content\/uploads\/2023\/04\/Prefeitura-de-Juazeiro-Paco-Municipal-300x200.jpg",300,200,true],"medium_large":["https:\/\/blogopara.com.br\/wp-content\/uploads\/2023\/04\/Prefeitura-de-Juazeiro-Paco-Municipal-768x512.jpg",640,427,true],"large":["https:\/\/blogopara.com.br\/wp-content\/uploads\/2023\/04\/Prefeitura-de-Juazeiro-Paco-Municipal.jpg",640,427,false],"1536x1536":["https:\/\/blogopara.com.br\/wp-content\/uploads\/2023\/04\/Prefeitura-de-Juazeiro-Paco-Municipal.jpg",948,632,false],"2048x2048":["https:\/\/blogopara.com.br\/wp-content\/uploads\/2023\/04\/Prefeitura-de-Juazeiro-Paco-Municipal.jpg",948,632,false],"mantranews-slider-large":["https:\/\/blogopara.com.br\/wp-content\/uploads\/2023\/04\/Prefeitura-de-Juazeiro-Paco-Municipal.jpg",948,632,false],"mantranews-featured-medium":["https:\/\/blogopara.com.br\/wp-content\/uploads\/2023\/04\/Prefeitura-de-Juazeiro-Paco-Municipal-420x307.jpg",420,307,true],"mantranews-featured-long":["https:\/\/blogopara.com.br\/wp-content\/uploads\/2023\/04\/Prefeitura-de-Juazeiro-Paco-Municipal-300x443.jpg",300,443,true],"mantranews-block-medium":["https:\/\/blogopara.com.br\/wp-content\/uploads\/2023\/04\/Prefeitura-de-Juazeiro-Paco-Municipal-464x290.jpg",464,290,true],"mantranews-carousel-image":["https:\/\/blogopara.com.br\/wp-content\/uploads\/2023\/04\/Prefeitura-de-Juazeiro-Paco-Municipal-600x500.jpg",600,500,true],"mantranews-block-thumb":["https:\/\/blogopara.com.br\/wp-content\/uploads\/2023\/04\/Prefeitura-de-Juazeiro-Paco-Municipal-322x230.jpg",322,230,true],"mantranews-single-large":["https:\/\/blogopara.com.br\/wp-content\/uploads\/2023\/04\/Prefeitura-de-Juazeiro-Paco-Municipal.jpg",948,632,false]},"uagb_author_info":{"display_name":"Reda\u00e7\u00e3o geral","author_link":"https:\/\/blogopara.com.br\/index.php\/author\/blogopara"},"uagb_comment_info":0,"uagb_excerpt":"A Prefeitura de Juazeiro, por meio da Secretaria de Educa\u00e7\u00e3o e Juventude (Seduc), vai realizar neste domingo (10), no Col\u00e9gio de Tempo Integral C\u00edvico-Militar Caic Misael Aguilar, localizado no bairro Malhada da Areia, as avalia\u00e7\u00f5es de conhecimentos espec\u00edficos dos candidatos a gestores, vice-gestores e coordenadores pedag\u00f3gicos da rede municipal de ensino. As provas ser\u00e3o em&hellip;","jetpack_sharing_enabled":true,"jetpack_likes_enabled":true,"_links":{"self":[{"href":"https:\/\/blogopara.com.br\/index.php\/wp-json\/wp\/v2\/posts\/59995","targetHints":{"allow":["GET"]}}],"collection":[{"href":"https:\/\/blogopara.com.br\/index.php\/wp-json\/wp\/v2\/posts"}],"about":[{"href":"https:\/\/blogopara.com.br\/index.php\/wp-json\/wp\/v2\/types\/post"}],"author":[{"embeddable":true,"href":"https:\/\/blogopara.com.br\/index.php\/wp-json\/wp\/v2\/users\/1"}],"replies":[{"embeddable":true,"href":"https:\/\/blogopara.com.br\/index.php\/wp-json\/wp\/v2\/comments?post=59995"}],"version-history":[{"count":1,"href":"https:\/\/blogopara.com.br\/index.php\/wp-json\/wp\/v2\/posts\/59995\/revisions"}],"predecessor-version":[{"id":59996,"href":"https:\/\/blogopara.com.br\/index.php\/wp-json\/wp\/v2\/posts\/59995\/revisions\/59996"}],"wp:featuredmedia":[{"embeddable":true,"href":"https:\/\/blogopara.com.br\/index.php\/wp-json\/wp\/v2\/media\/51475"}],"wp:attachment":[{"href":"https:\/\/blogopara.com.br\/index.php\/wp-json\/wp\/v2\/media?parent=59995"}],"wp:term":[{"taxonomy":"category","embeddable":true,"href":"https:\/\/blogopara.com.br\/index.php\/wp-json\/wp\/v2\/categories?post=59995"},{"taxonomy":"post_tag","embeddable":true,"href":"https:\/\/blogopara.com.br\/index.php\/wp-json\/wp\/v2\/tags?post=59995"}],"curies":[{"name":"wp","href":"https:\/\/api.w.org\/{rel}","templated":true}]}}