{"id":60000,"date":"2023-12-08T18:48:00","date_gmt":"2023-12-08T21:48:00","guid":{"rendered":"https:\/\/blogopara.com.br\/?p=60000"},"modified":"2023-12-07T12:50:05","modified_gmt":"2023-12-07T15:50:05","slug":"feira-natalina-ira-expor-produtos-na-praca-da-catedral-durante-finais-de-semana-de-dezembro","status":"publish","type":"post","link":"https:\/\/blogopara.com.br\/index.php\/2023\/12\/08\/feira-natalina-ira-expor-produtos-na-praca-da-catedral-durante-finais-de-semana-de-dezembro","title":{"rendered":"Feira Natalina ir\u00e1 expor produtos na Pra\u00e7a da Catedral durante finais de semana de dezembro"},"content":{"rendered":"<p style=\"text-align: justify;\">A expectativa para o lan\u00e7amento do per\u00edodo mais iluminado do ano, o Natal, est\u00e1 nas alturas. E como o final de ano \u00e9 um per\u00edodo intenso de compras, a Prefeitura de Juazeiro, atrav\u00e9s da Ag\u00eancia de Desenvolvimento Econ\u00f4mico, Agricultura e Pecu\u00e1ria (Adeap) estar\u00e1 presente na Pra\u00e7a da Catedral com a Feira Natalina, um espa\u00e7o para que mais de 30 empreendedores locais possam comercializar produtos gastron\u00f4micos e de artesanato durante o Natal Iluminado.<br aria-hidden=\"true\" \/><br aria-hidden=\"true\" \/>O lan\u00e7amento do Natal Iluminado ser\u00e1 na pr\u00f3xima sexta-feira (8), \u00e0s 18h, na Pra\u00e7a Imaculada Concei\u00e7\u00e3o (Pra\u00e7a da Catedral) e a Feira Natalina tamb\u00e9m estar\u00e1 montada no local para funcionar durante os finais de semana de dezembro. Quem quiser conferir as novidades, a Feira Natalina funcionar\u00e1 das 16h \u00e0s 22h.<br aria-hidden=\"true\" \/><br aria-hidden=\"true\" \/>\u201cA Feira Natalina culmina com a participa\u00e7\u00e3o dos empreendedores locais em diversos eventos do munic\u00edpio, o que \u00e9 importante para o empreendedorismo local, pois gera renda e desenvolvimento pra Juazeiro. Tamb\u00e9m auxilia a quem quer dar um presente personalizado e afetivo para familiares e amigos\u201d, destaca o secret\u00e1rio da Adeap, Vin\u00edcius Alves.<br aria-hidden=\"true\" \/><br aria-hidden=\"true\" \/><b>Natal Iluminado 2023<br aria-hidden=\"true\" \/><\/b><br aria-hidden=\"true\" \/>O Natal Iluminado \u00e9 um projeto desenvolvido pela gest\u00e3o Suzana Ramos para levar a magia do Natal a pontos estrat\u00e9gicos da cidade, com programa\u00e7\u00e3o cultural e uma decora\u00e7\u00e3o especial. Para este ano, a gest\u00e3o municipal escolheu o tema: \u201cNatal Iluminado 2023 \u2013 Fam\u00edlia, F\u00e9, Esperan\u00e7a e Amor!\u201d.<br aria-hidden=\"true\" \/><br aria-hidden=\"true\" \/>A gest\u00e3o Suzana Ramos preparou um projeto especial que conta com um pres\u00e9pio e outras decora\u00e7\u00f5es atrativas na Pra\u00e7a Imaculada Concei\u00e7\u00e3o (Pra\u00e7a da Catedral) ; uma casa do Papai Noel, 17 pe\u00e7as luminosas a\u00e9reas e atrativos na Orla II (Vaporzinho); al\u00e9m de 68 pe\u00e7as luminosas a\u00e9reas na Av. Adolfo Viana e 22 na Orla I. Tamb\u00e9m haver\u00e1 decora\u00e7\u00f5es nas pra\u00e7as do Jacar\u00e9 e da Miseric\u00f3rdia, Pa\u00e7o Municipal e o Centro comercial. Na programa\u00e7\u00e3o, as Cantadas Natalinas e as apresenta\u00e7\u00f5es teatrais encenando o nascimento de Jesus levam emo\u00e7\u00e3o para as comunidades.<br aria-hidden=\"true\" \/><br aria-hidden=\"true\" \/>Texto: Karem Moraes- Ascom Adeap PMJ<\/p>\n","protected":false},"excerpt":{"rendered":"<p>A expectativa para o lan\u00e7amento do per\u00edodo mais iluminado do ano, o Natal, est\u00e1 nas alturas. E como o final de ano \u00e9 um per\u00edodo intenso de compras, a Prefeitura de Juazeiro, atrav\u00e9s da Ag\u00eancia de Desenvolvimento Econ\u00f4mico, Agricultura e Pecu\u00e1ria (Adeap) estar\u00e1 presente na Pra\u00e7a da Catedral com a Feira Natalina, um espa\u00e7o para [&hellip;]<\/p>\n","protected":false},"author":1,"featured_media":60002,"comment_status":"closed","ping_status":"open","sticky":false,"template":"","format":"standard","meta":{"_uag_custom_page_level_css":"","_monsterinsights_skip_tracking":false,"_monsterinsights_sitenote_active":false,"_monsterinsights_sitenote_note":"","_monsterinsights_sitenote_category":0,"jetpack_post_was_ever_published":false,"_jetpack_newsletter_access":"","_jetpack_dont_email_post_to_subs":false,"_jetpack_newsletter_tier_id":0,"_jetpack_memberships_contains_paywalled_content":false,"_jetpack_memberships_contains_paid_content":false,"footnotes":"","jetpack_publicize_message":"","jetpack_publicize_feature_enabled":true,"jetpack_social_post_already_shared":true,"jetpack_social_options":{"image_generator_settings":{"template":"highway","default_image_id":0,"font":"","enabled":false},"version":2}},"categories":[203],"tags":[],"class_list":["post-60000","post","type-post","status-publish","format-standard","has-post-thumbnail","hentry","category-juazeiro"],"jetpack_publicize_connections":[],"jetpack_featured_media_url":"https:\/\/blogopara.com.br\/wp-content\/uploads\/2023\/12\/Feira-empreendedora-2.jpeg","uagb_featured_image_src":{"full":["https:\/\/blogopara.com.br\/wp-content\/uploads\/2023\/12\/Feira-empreendedora-2.jpeg",500,375,false],"thumbnail":["https:\/\/blogopara.com.br\/wp-content\/uploads\/2023\/12\/Feira-empreendedora-2-150x150.jpeg",150,150,true],"medium":["https:\/\/blogopara.com.br\/wp-content\/uploads\/2023\/12\/Feira-empreendedora-2-300x225.jpeg",300,225,true],"medium_large":["https:\/\/blogopara.com.br\/wp-content\/uploads\/2023\/12\/Feira-empreendedora-2.jpeg",500,375,false],"large":["https:\/\/blogopara.com.br\/wp-content\/uploads\/2023\/12\/Feira-empreendedora-2.jpeg",500,375,false],"1536x1536":["https:\/\/blogopara.com.br\/wp-content\/uploads\/2023\/12\/Feira-empreendedora-2.jpeg",500,375,false],"2048x2048":["https:\/\/blogopara.com.br\/wp-content\/uploads\/2023\/12\/Feira-empreendedora-2.jpeg",500,375,false],"mantranews-slider-large":["https:\/\/blogopara.com.br\/wp-content\/uploads\/2023\/12\/Feira-empreendedora-2.jpeg",500,375,false],"mantranews-featured-medium":["https:\/\/blogopara.com.br\/wp-content\/uploads\/2023\/12\/Feira-empreendedora-2-420x307.jpeg",420,307,true],"mantranews-featured-long":["https:\/\/blogopara.com.br\/wp-content\/uploads\/2023\/12\/Feira-empreendedora-2-300x375.jpeg",300,375,true],"mantranews-block-medium":["https:\/\/blogopara.com.br\/wp-content\/uploads\/2023\/12\/Feira-empreendedora-2-464x290.jpeg",464,290,true],"mantranews-carousel-image":["https:\/\/blogopara.com.br\/wp-content\/uploads\/2023\/12\/Feira-empreendedora-2.jpeg",500,375,false],"mantranews-block-thumb":["https:\/\/blogopara.com.br\/wp-content\/uploads\/2023\/12\/Feira-empreendedora-2-322x230.jpeg",322,230,true],"mantranews-single-large":["https:\/\/blogopara.com.br\/wp-content\/uploads\/2023\/12\/Feira-empreendedora-2.jpeg",500,375,false]},"uagb_author_info":{"display_name":"Reda\u00e7\u00e3o geral","author_link":"https:\/\/blogopara.com.br\/index.php\/author\/blogopara"},"uagb_comment_info":0,"uagb_excerpt":"A expectativa para o lan\u00e7amento do per\u00edodo mais iluminado do ano, o Natal, est\u00e1 nas alturas. E como o final de ano \u00e9 um per\u00edodo intenso de compras, a Prefeitura de Juazeiro, atrav\u00e9s da Ag\u00eancia de Desenvolvimento Econ\u00f4mico, Agricultura e Pecu\u00e1ria (Adeap) estar\u00e1 presente na Pra\u00e7a da Catedral com a Feira Natalina, um espa\u00e7o para&hellip;","jetpack_sharing_enabled":true,"jetpack_likes_enabled":true,"_links":{"self":[{"href":"https:\/\/blogopara.com.br\/index.php\/wp-json\/wp\/v2\/posts\/60000","targetHints":{"allow":["GET"]}}],"collection":[{"href":"https:\/\/blogopara.com.br\/index.php\/wp-json\/wp\/v2\/posts"}],"about":[{"href":"https:\/\/blogopara.com.br\/index.php\/wp-json\/wp\/v2\/types\/post"}],"author":[{"embeddable":true,"href":"https:\/\/blogopara.com.br\/index.php\/wp-json\/wp\/v2\/users\/1"}],"replies":[{"embeddable":true,"href":"https:\/\/blogopara.com.br\/index.php\/wp-json\/wp\/v2\/comments?post=60000"}],"version-history":[{"count":1,"href":"https:\/\/blogopara.com.br\/index.php\/wp-json\/wp\/v2\/posts\/60000\/revisions"}],"predecessor-version":[{"id":60003,"href":"https:\/\/blogopara.com.br\/index.php\/wp-json\/wp\/v2\/posts\/60000\/revisions\/60003"}],"wp:featuredmedia":[{"embeddable":true,"href":"https:\/\/blogopara.com.br\/index.php\/wp-json\/wp\/v2\/media\/60002"}],"wp:attachment":[{"href":"https:\/\/blogopara.com.br\/index.php\/wp-json\/wp\/v2\/media?parent=60000"}],"wp:term":[{"taxonomy":"category","embeddable":true,"href":"https:\/\/blogopara.com.br\/index.php\/wp-json\/wp\/v2\/categories?post=60000"},{"taxonomy":"post_tag","embeddable":true,"href":"https:\/\/blogopara.com.br\/index.php\/wp-json\/wp\/v2\/tags?post=60000"}],"curies":[{"name":"wp","href":"https:\/\/api.w.org\/{rel}","templated":true}]}}