{"id":60015,"date":"2023-12-09T10:07:32","date_gmt":"2023-12-09T13:07:32","guid":{"rendered":"https:\/\/blogopara.com.br\/?p=60015"},"modified":"2023-12-09T10:07:34","modified_gmt":"2023-12-09T13:07:34","slug":"com-muita-emocao-casamento-coletivo-de-juazeiro-realiza-sonho-de-oficializar-uniao-de-dezenas-de-casais","status":"publish","type":"post","link":"https:\/\/blogopara.com.br\/index.php\/2023\/12\/09\/com-muita-emocao-casamento-coletivo-de-juazeiro-realiza-sonho-de-oficializar-uniao-de-dezenas-de-casais","title":{"rendered":"Com muita emo\u00e7\u00e3o, Casamento Coletivo de Juazeiro realiza sonho de oficializar uni\u00e3o de dezenas de casais"},"content":{"rendered":"<p class=\"x_MsoNormal\" style=\"text-align: justify;\">\u00a0Dezenas de casais n\u00e3o esconderam a emo\u00e7\u00e3o de oficializar a uni\u00e3o, muitos ap\u00f3s anos, durante a 2\u00aa edi\u00e7\u00e3o do Casamento Coletivo, evento da Prefeitura de Juazeiro, atrav\u00e9s da Secretaria de Desenvolvimento Social, Mulher e Diversidade (Sedes). A data t\u00e3o aguardada foi esta quinta-feira (7) e contou com a participa\u00e7\u00e3o da prefeita Suzana Ramos que presenciou toda a cerim\u00f4nia de troca de alian\u00e7as e de firmamento de compromisso entre os pombinhos..<\/p>\n<p class=\"x_MsoNormal\" style=\"text-align: justify;\">A prefeita Suzana Ramos destacou seu compromisso com as quest\u00f5es sociais do munic\u00edpio. \u201c\u00c9 prazeroso a gente v\u00ea dezenas de casais dizendo sim, melhor ainda \u00e9 a gente poder proporcionar isso para eles. Eu desejo do fundo do meu cora\u00e7\u00e3o que todos sejam felizes e pr\u00f3speros\u201d, destacou a prefeita.<\/p>\n<p class=\"x_MsoNormal\" style=\"text-align: justify;\">\u00a0Dora dos Santos foi uma entre as belas noivas dessa edi\u00e7\u00e3o. Emocionada, ela disse que, enfim, realizou o seu sonho. \u201cEu nem acredito que acabo de realizar um dos meus maiores sonhos. Estou sem palavras para descrever o que sinto, \u00e9 muito mais do que imaginei. Agora, eu e meu esposo somos um\u201d, destacou a noiva.<\/p>\n<p class=\"x_MsoNormal\" style=\"text-align: justify;\">Quem tamb\u00e9m n\u00e3o escondia a alegria foi o casal, Luziane Damaceno e Cicero Marcelino. Eles participaram da cerim\u00f4nia em 2022, mas como convidados e decidiram que na pr\u00f3xima edi\u00e7\u00e3o eles estariam, mas dizendo o sim um ao outro. \u201cAno passado fizemos parte desse evento como convidados de minha enteada. Naquele mesmo dia combinei com meu noivo que, se em 2023 a Prefeitura de Juazeiro ofertasse o Casamento Coletivo, iriamos nos casar. Gra\u00e7as a Deus, assim como minha enteada, hoje eu realizei meu sonho. Obrigada \u00e0 prefeita Suzana, por proporcionar esse momento t\u00e3o perfeito para n\u00f3s\u201d, destacou.<\/p>\n<p class=\"x_MsoNormal\" style=\"text-align: justify;\">\u00a035 disseram sim, simultaneamente, perante um grande p\u00fablico. \u201c\u00c9 com imensa alegria que participo hoje desta cerim\u00f4nia de Casamento Coletivo. \u00c9 muito bom ver pessoas realizando sonhos, ainda mais o sonho de unir suas vidas. Quero agradecer a toda equipe da SEDES, que se empenhou para que esse projeto acontecesse e fosse inesquec\u00edvel, \u00e0 nossa prefeita Suzana Ramos e nosso vice-prefeito Leonardo Bandeira, pela iniciativa desse projeto\u201d, enfatizou a secret\u00e1ria da Sedes, Nadja Dias.<\/p>\n<p class=\"x_MsoNormal\" style=\"text-align: justify;\">A superintendente de Pol\u00edticas Sociais, Janileide Pereira, parabenizou os casais que oficializaram o casamento e destacou ainda a import\u00e2ncia do trabalho em equipe \u201cA palavra hoje \u00e9 gratid\u00e3o. O evento foi lindo, saiu exatamente como idealizamos. Obrigada pelo apoio da nossa prefeita Suzana Ramos, da nossa secret\u00e1ria Nadja e em especial aos casais que firmaram alian\u00e7as. Desejo a todos, felicidades, respeito, amor e prosperidade\u201d, pontuou.<\/p>\n<p class=\"x_MsoNormal\" style=\"text-align: justify;\">A cerim\u00f4nia foi celebrada pelo Juiz de Paz, Jaaziel Barbosa de Souza.<\/p>\n<p class=\"x_MsoNormal\" style=\"text-align: justify;\">\n","protected":false},"excerpt":{"rendered":"<p>\u00a0Dezenas de casais n\u00e3o esconderam a emo\u00e7\u00e3o de oficializar a uni\u00e3o, muitos ap\u00f3s anos, durante a 2\u00aa edi\u00e7\u00e3o do Casamento Coletivo, evento da Prefeitura de Juazeiro, atrav\u00e9s da Secretaria de Desenvolvimento Social, Mulher e Diversidade (Sedes). A data t\u00e3o aguardada foi esta quinta-feira (7) e contou com a participa\u00e7\u00e3o da prefeita Suzana Ramos que presenciou [&hellip;]<\/p>\n","protected":false},"author":1,"featured_media":60016,"comment_status":"closed","ping_status":"open","sticky":false,"template":"","format":"standard","meta":{"_uag_custom_page_level_css":"","_monsterinsights_skip_tracking":false,"_monsterinsights_sitenote_active":false,"_monsterinsights_sitenote_note":"","_monsterinsights_sitenote_category":0,"jetpack_post_was_ever_published":false,"_jetpack_newsletter_access":"","_jetpack_dont_email_post_to_subs":false,"_jetpack_newsletter_tier_id":0,"_jetpack_memberships_contains_paywalled_content":false,"_jetpack_memberships_contains_paid_content":false,"footnotes":"","jetpack_publicize_message":"","jetpack_publicize_feature_enabled":true,"jetpack_social_post_already_shared":true,"jetpack_social_options":{"image_generator_settings":{"template":"highway","default_image_id":0,"font":"","enabled":false},"version":2}},"categories":[203],"tags":[],"class_list":["post-60015","post","type-post","status-publish","format-standard","has-post-thumbnail","hentry","category-juazeiro"],"jetpack_publicize_connections":[],"jetpack_featured_media_url":"https:\/\/blogopara.com.br\/wp-content\/uploads\/2023\/12\/Deputado_Roberto_Carlos.jpg","uagb_featured_image_src":{"full":["https:\/\/blogopara.com.br\/wp-content\/uploads\/2023\/12\/Deputado_Roberto_Carlos.jpg",500,333,false],"thumbnail":["https:\/\/blogopara.com.br\/wp-content\/uploads\/2023\/12\/Deputado_Roberto_Carlos-150x150.jpg",150,150,true],"medium":["https:\/\/blogopara.com.br\/wp-content\/uploads\/2023\/12\/Deputado_Roberto_Carlos-300x200.jpg",300,200,true],"medium_large":["https:\/\/blogopara.com.br\/wp-content\/uploads\/2023\/12\/Deputado_Roberto_Carlos.jpg",500,333,false],"large":["https:\/\/blogopara.com.br\/wp-content\/uploads\/2023\/12\/Deputado_Roberto_Carlos.jpg",500,333,false],"1536x1536":["https:\/\/blogopara.com.br\/wp-content\/uploads\/2023\/12\/Deputado_Roberto_Carlos.jpg",500,333,false],"2048x2048":["https:\/\/blogopara.com.br\/wp-content\/uploads\/2023\/12\/Deputado_Roberto_Carlos.jpg",500,333,false],"mantranews-slider-large":["https:\/\/blogopara.com.br\/wp-content\/uploads\/2023\/12\/Deputado_Roberto_Carlos.jpg",500,333,false],"mantranews-featured-medium":["https:\/\/blogopara.com.br\/wp-content\/uploads\/2023\/12\/Deputado_Roberto_Carlos-420x307.jpg",420,307,true],"mantranews-featured-long":["https:\/\/blogopara.com.br\/wp-content\/uploads\/2023\/12\/Deputado_Roberto_Carlos-300x333.jpg",300,333,true],"mantranews-block-medium":["https:\/\/blogopara.com.br\/wp-content\/uploads\/2023\/12\/Deputado_Roberto_Carlos-464x290.jpg",464,290,true],"mantranews-carousel-image":["https:\/\/blogopara.com.br\/wp-content\/uploads\/2023\/12\/Deputado_Roberto_Carlos.jpg",500,333,false],"mantranews-block-thumb":["https:\/\/blogopara.com.br\/wp-content\/uploads\/2023\/12\/Deputado_Roberto_Carlos-322x230.jpg",322,230,true],"mantranews-single-large":["https:\/\/blogopara.com.br\/wp-content\/uploads\/2023\/12\/Deputado_Roberto_Carlos.jpg",500,333,false]},"uagb_author_info":{"display_name":"Reda\u00e7\u00e3o geral","author_link":"https:\/\/blogopara.com.br\/index.php\/author\/blogopara"},"uagb_comment_info":0,"uagb_excerpt":"\u00a0Dezenas de casais n\u00e3o esconderam a emo\u00e7\u00e3o de oficializar a uni\u00e3o, muitos ap\u00f3s anos, durante a 2\u00aa edi\u00e7\u00e3o do Casamento Coletivo, evento da Prefeitura de Juazeiro, atrav\u00e9s da Secretaria de Desenvolvimento Social, Mulher e Diversidade (Sedes). A data t\u00e3o aguardada foi esta quinta-feira (7) e contou com a participa\u00e7\u00e3o da prefeita Suzana Ramos que presenciou&hellip;","jetpack_sharing_enabled":true,"jetpack_likes_enabled":true,"_links":{"self":[{"href":"https:\/\/blogopara.com.br\/index.php\/wp-json\/wp\/v2\/posts\/60015","targetHints":{"allow":["GET"]}}],"collection":[{"href":"https:\/\/blogopara.com.br\/index.php\/wp-json\/wp\/v2\/posts"}],"about":[{"href":"https:\/\/blogopara.com.br\/index.php\/wp-json\/wp\/v2\/types\/post"}],"author":[{"embeddable":true,"href":"https:\/\/blogopara.com.br\/index.php\/wp-json\/wp\/v2\/users\/1"}],"replies":[{"embeddable":true,"href":"https:\/\/blogopara.com.br\/index.php\/wp-json\/wp\/v2\/comments?post=60015"}],"version-history":[{"count":1,"href":"https:\/\/blogopara.com.br\/index.php\/wp-json\/wp\/v2\/posts\/60015\/revisions"}],"predecessor-version":[{"id":60017,"href":"https:\/\/blogopara.com.br\/index.php\/wp-json\/wp\/v2\/posts\/60015\/revisions\/60017"}],"wp:featuredmedia":[{"embeddable":true,"href":"https:\/\/blogopara.com.br\/index.php\/wp-json\/wp\/v2\/media\/60016"}],"wp:attachment":[{"href":"https:\/\/blogopara.com.br\/index.php\/wp-json\/wp\/v2\/media?parent=60015"}],"wp:term":[{"taxonomy":"category","embeddable":true,"href":"https:\/\/blogopara.com.br\/index.php\/wp-json\/wp\/v2\/categories?post=60015"},{"taxonomy":"post_tag","embeddable":true,"href":"https:\/\/blogopara.com.br\/index.php\/wp-json\/wp\/v2\/tags?post=60015"}],"curies":[{"name":"wp","href":"https:\/\/api.w.org\/{rel}","templated":true}]}}