{"id":60024,"date":"2023-12-09T15:12:00","date_gmt":"2023-12-09T18:12:00","guid":{"rendered":"https:\/\/blogopara.com.br\/?p=60024"},"modified":"2023-12-09T10:14:32","modified_gmt":"2023-12-09T13:14:32","slug":"emocao-fe-e-magia-marcam-a-abertura-do-natal-iluminado-de-juazeiro-entregue-oficialmente-pela-prefeita-suzana-ramos","status":"publish","type":"post","link":"https:\/\/blogopara.com.br\/index.php\/2023\/12\/09\/emocao-fe-e-magia-marcam-a-abertura-do-natal-iluminado-de-juazeiro-entregue-oficialmente-pela-prefeita-suzana-ramos","title":{"rendered":"Emo\u00e7\u00e3o, f\u00e9 e magia marcam a abertura do Natal Iluminado de Juazeiro, entregue oficialmente pela prefeita Suzana Ramos"},"content":{"rendered":"<p class=\"x_MsoNormal\" style=\"text-align: justify;\">A magia do Natal chegou em Juazeiro. Com muita emo\u00e7\u00e3o, f\u00e9 e magia, a prefeita Suzana Ramos, o vice-prefeito Leonardo Bandeira e o deputado estadual Jord\u00e1vio Ramos abriram oficialmente na noite desta sexta-feira (8), o \u201cNatal Iluminado 2023 &#8211; Fam\u00edlia, F\u00e9, Esperan\u00e7a e Amor!\u201d. Este ano, a abertura aconteceu na Pra\u00e7a da Catedral, que recebeu um pres\u00e9pio em tamanho real, \u00e1rvores luminosas e outros atrativos natalinos, que transformaram o espa\u00e7o num verdadeiro cart\u00e3o postal natalino e encantou os juazeirenses que foram prestigiar a solenidade de abertura.<\/p>\n<p class=\"x_MsoNormal\" style=\"text-align: justify;\">Emocionada, a Suzana Ramos falou do projeto natalino, que foi desenvolvido para acolher as fam\u00edlias e levar a magia para todo o munic\u00edpio. \u201cAs comemora\u00e7\u00f5es do Natal sempre me emocionam muito. \u00c9 uma \u00e9poca de confraternizar com a fam\u00edlia e amigos, onde fazemos as nossas reflex\u00f5es, do amor do menino Jesus comigo, com os juazeirenses e com a nossa cidade, ele tem nos aben\u00e7oado muito e vai nos aben\u00e7oar ainda mais. Esse ano, priorizamos as fam\u00edlias, para que venham \u00e0s ruas da nossa cidade, sentir o esp\u00edrito natalino. Agrade\u00e7o a todos que vieram prestigiar esse evento, \u00e0s crian\u00e7as, \u00e0s fam\u00edlias e toda equipe que se dedicou para que tudo sa\u00edsse lindo\u201d, destacou a prefeita.<\/p>\n<p class=\"x_MsoNormal\" style=\"text-align: justify;\">Ap\u00f3s a ben\u00e7\u00e3o do Padre Bruno Lima, alunos da Escola Municipal Esta\u00e7\u00e3o do Saber, abrilhantaram a noite com uma bela cantata natalina, logo ap\u00f3s, o artista Rafael Borges realizou uma apresenta\u00e7\u00e3o de tenor que deixou a noite mais m\u00e1gica. \u201cFoi uma noite de muita emo\u00e7\u00e3o, o Natal Iluminado est\u00e1 lindo, como os dois \u00faltimos anos, a prefeita Suzana Ramos est\u00e1 de parab\u00e9ns\u201d, disse a aposentada Josefa Maria de Almeida.<\/p>\n<p class=\"x_MsoNormal\" style=\"text-align: justify;\">Este ano, o projeto foi coordenado pelo gestor de Projetos de Cultura e Turismo, Edvaldo Franciolli, e contou com a m\u00e3o de obra dos artistas juazeirenses Nino e Lulinha, e a equipe do Disk Luz.<\/p>\n<p class=\"x_MsoNormal\" style=\"text-align: justify;\">\n<p class=\"x_MsoNormal\" style=\"text-align: justify;\">Marcos Rocha aprovou as decora\u00e7\u00f5es. \u201cMuito bem elaborado, a Prefeitura de Juazeiro acertou em colocar o pres\u00e9pio que esse ano est\u00e1 mais bonito aqui na Pra\u00e7a da Catedral, junto \u00e0 nossa Catedral, deixando a casa do papai noel na Orla, para que nenhum lugar fique sem p\u00fablico, est\u00e3o todos de parab\u00e9ns\u201d, disse.<\/p>\n<p class=\"x_MsoNormal\" style=\"text-align: justify;\"><b>Outros espa\u00e7os<\/b><\/p>\n<p class=\"x_MsoNormal\" style=\"text-align: justify;\">Al\u00e9m do pres\u00e9pio e outros atrativos na Pra\u00e7a da Catedral, o projeto abrange outras \u00e1reas, como, a Orla II (Vaporzinho), com uma casa do Papai Noel, 17 pe\u00e7as luminosas a\u00e9reas e atrativos natalinos; al\u00e9m de 68 pe\u00e7as luminosas a\u00e9reas na Av. Adolfo Viana; 22 na Orla I. Tamb\u00e9m haver\u00e1 decora\u00e7\u00f5es nas pra\u00e7as do Jacar\u00e9, Dr. Jos\u00e9 In\u00e1cio da Silva (Miseric\u00f3rdia), Pa\u00e7o Municipal e o centro comercial.<\/p>\n<p class=\"x_MsoNormal\" style=\"text-align: justify;\"><b>Parcerias\u00a0<\/b><\/p>\n<p class=\"x_MsoNormal\" style=\"text-align: justify;\">O Natal Iluminado conta com a parceria da C\u00e2mara de Dirigentes Lojistas (CDL), Associa\u00e7\u00e3o Comercial Industrial e Agr\u00edcola de Juazeiro (ACIAJ), Sebrae, Banco do Nordeste, Agrovale, entre outras entidades. Al\u00e9m de levar beleza e magia \u00e0s ruas, o Natal Iluminado garante fomento nos setores do com\u00e9rcio e servi\u00e7os em Juazeiro, fortalecendo o empreendedorismo e, consequentemente, gerando emprego e renda.<\/p>\n<p class=\"x_MsoNormal\" style=\"text-align: justify;\">Al\u00e9m da prefeita Suzana Ramos, do vice-prefeito Leonardo Bandeira e do deputado estadual Jord\u00e1vio Ramos, a abertura do Natal contou com a presen\u00e7a dos vereadores Jean Gomes, Gleidson Azevedo, Anderson da Ilumina\u00e7\u00e3o, Ben\u00e9 Marques e secret\u00e1rios municipais.<\/p>\n<p class=\"x_MsoNormal\" style=\"text-align: justify;\">Texto: Lucas Lima &#8211; Ascom\/PMJ<\/p>\n<p class=\"x_MsoNormal\" style=\"text-align: justify;\">Fotos: Ayrton Latapiat e Luan Medrado\/PMJ<\/p>\n<p class=\"x_MsoNormal\" style=\"text-align: justify;\">\n","protected":false},"excerpt":{"rendered":"<p>A magia do Natal chegou em Juazeiro. Com muita emo\u00e7\u00e3o, f\u00e9 e magia, a prefeita Suzana Ramos, o vice-prefeito Leonardo Bandeira e o deputado estadual Jord\u00e1vio Ramos abriram oficialmente na noite desta sexta-feira (8), o \u201cNatal Iluminado 2023 &#8211; Fam\u00edlia, F\u00e9, Esperan\u00e7a e Amor!\u201d. Este ano, a abertura aconteceu na Pra\u00e7a da Catedral, que recebeu [&hellip;]<\/p>\n","protected":false},"author":1,"featured_media":60025,"comment_status":"closed","ping_status":"open","sticky":false,"template":"","format":"standard","meta":{"_uag_custom_page_level_css":"","_monsterinsights_skip_tracking":false,"_monsterinsights_sitenote_active":false,"_monsterinsights_sitenote_note":"","_monsterinsights_sitenote_category":0,"jetpack_post_was_ever_published":false,"_jetpack_newsletter_access":"","_jetpack_dont_email_post_to_subs":false,"_jetpack_newsletter_tier_id":0,"_jetpack_memberships_contains_paywalled_content":false,"_jetpack_memberships_contains_paid_content":false,"footnotes":"","jetpack_publicize_message":"","jetpack_publicize_feature_enabled":true,"jetpack_social_post_already_shared":true,"jetpack_social_options":{"image_generator_settings":{"template":"highway","default_image_id":0,"font":"","enabled":false},"version":2}},"categories":[203],"tags":[4099,5195],"class_list":["post-60024","post","type-post","status-publish","format-standard","has-post-thumbnail","hentry","category-juazeiro","tag-jordavio-ramos","tag-prefeita-suzana-ramos"],"jetpack_publicize_connections":[],"jetpack_featured_media_url":"https:\/\/blogopara.com.br\/wp-content\/uploads\/2023\/12\/thumbnail_natal-iluminado-Ayrton-Latapiat-5.jpg","uagb_featured_image_src":{"full":["https:\/\/blogopara.com.br\/wp-content\/uploads\/2023\/12\/thumbnail_natal-iluminado-Ayrton-Latapiat-5.jpg",500,312,false],"thumbnail":["https:\/\/blogopara.com.br\/wp-content\/uploads\/2023\/12\/thumbnail_natal-iluminado-Ayrton-Latapiat-5-150x150.jpg",150,150,true],"medium":["https:\/\/blogopara.com.br\/wp-content\/uploads\/2023\/12\/thumbnail_natal-iluminado-Ayrton-Latapiat-5-300x187.jpg",300,187,true],"medium_large":["https:\/\/blogopara.com.br\/wp-content\/uploads\/2023\/12\/thumbnail_natal-iluminado-Ayrton-Latapiat-5.jpg",500,312,false],"large":["https:\/\/blogopara.com.br\/wp-content\/uploads\/2023\/12\/thumbnail_natal-iluminado-Ayrton-Latapiat-5.jpg",500,312,false],"1536x1536":["https:\/\/blogopara.com.br\/wp-content\/uploads\/2023\/12\/thumbnail_natal-iluminado-Ayrton-Latapiat-5.jpg",500,312,false],"2048x2048":["https:\/\/blogopara.com.br\/wp-content\/uploads\/2023\/12\/thumbnail_natal-iluminado-Ayrton-Latapiat-5.jpg",500,312,false],"mantranews-slider-large":["https:\/\/blogopara.com.br\/wp-content\/uploads\/2023\/12\/thumbnail_natal-iluminado-Ayrton-Latapiat-5.jpg",500,312,false],"mantranews-featured-medium":["https:\/\/blogopara.com.br\/wp-content\/uploads\/2023\/12\/thumbnail_natal-iluminado-Ayrton-Latapiat-5-420x307.jpg",420,307,true],"mantranews-featured-long":["https:\/\/blogopara.com.br\/wp-content\/uploads\/2023\/12\/thumbnail_natal-iluminado-Ayrton-Latapiat-5-300x312.jpg",300,312,true],"mantranews-block-medium":["https:\/\/blogopara.com.br\/wp-content\/uploads\/2023\/12\/thumbnail_natal-iluminado-Ayrton-Latapiat-5-464x290.jpg",464,290,true],"mantranews-carousel-image":["https:\/\/blogopara.com.br\/wp-content\/uploads\/2023\/12\/thumbnail_natal-iluminado-Ayrton-Latapiat-5.jpg",500,312,false],"mantranews-block-thumb":["https:\/\/blogopara.com.br\/wp-content\/uploads\/2023\/12\/thumbnail_natal-iluminado-Ayrton-Latapiat-5-322x230.jpg",322,230,true],"mantranews-single-large":["https:\/\/blogopara.com.br\/wp-content\/uploads\/2023\/12\/thumbnail_natal-iluminado-Ayrton-Latapiat-5.jpg",500,312,false]},"uagb_author_info":{"display_name":"Reda\u00e7\u00e3o geral","author_link":"https:\/\/blogopara.com.br\/index.php\/author\/blogopara"},"uagb_comment_info":0,"uagb_excerpt":"A magia do Natal chegou em Juazeiro. Com muita emo\u00e7\u00e3o, f\u00e9 e magia, a prefeita Suzana Ramos, o vice-prefeito Leonardo Bandeira e o deputado estadual Jord\u00e1vio Ramos abriram oficialmente na noite desta sexta-feira (8), o \u201cNatal Iluminado 2023 &#8211; Fam\u00edlia, F\u00e9, Esperan\u00e7a e Amor!\u201d. Este ano, a abertura aconteceu na Pra\u00e7a da Catedral, que recebeu&hellip;","jetpack_sharing_enabled":true,"jetpack_likes_enabled":true,"_links":{"self":[{"href":"https:\/\/blogopara.com.br\/index.php\/wp-json\/wp\/v2\/posts\/60024","targetHints":{"allow":["GET"]}}],"collection":[{"href":"https:\/\/blogopara.com.br\/index.php\/wp-json\/wp\/v2\/posts"}],"about":[{"href":"https:\/\/blogopara.com.br\/index.php\/wp-json\/wp\/v2\/types\/post"}],"author":[{"embeddable":true,"href":"https:\/\/blogopara.com.br\/index.php\/wp-json\/wp\/v2\/users\/1"}],"replies":[{"embeddable":true,"href":"https:\/\/blogopara.com.br\/index.php\/wp-json\/wp\/v2\/comments?post=60024"}],"version-history":[{"count":1,"href":"https:\/\/blogopara.com.br\/index.php\/wp-json\/wp\/v2\/posts\/60024\/revisions"}],"predecessor-version":[{"id":60026,"href":"https:\/\/blogopara.com.br\/index.php\/wp-json\/wp\/v2\/posts\/60024\/revisions\/60026"}],"wp:featuredmedia":[{"embeddable":true,"href":"https:\/\/blogopara.com.br\/index.php\/wp-json\/wp\/v2\/media\/60025"}],"wp:attachment":[{"href":"https:\/\/blogopara.com.br\/index.php\/wp-json\/wp\/v2\/media?parent=60024"}],"wp:term":[{"taxonomy":"category","embeddable":true,"href":"https:\/\/blogopara.com.br\/index.php\/wp-json\/wp\/v2\/categories?post=60024"},{"taxonomy":"post_tag","embeddable":true,"href":"https:\/\/blogopara.com.br\/index.php\/wp-json\/wp\/v2\/tags?post=60024"}],"curies":[{"name":"wp","href":"https:\/\/api.w.org\/{rel}","templated":true}]}}