{"id":60043,"date":"2023-12-09T17:43:00","date_gmt":"2023-12-09T20:43:00","guid":{"rendered":"https:\/\/blogopara.com.br\/?p=60043"},"modified":"2023-12-09T12:48:16","modified_gmt":"2023-12-09T15:48:16","slug":"cerrado-acao-no-supremo-quer-barrar-lavagem-de-terras-griladas-no-tocantins","status":"publish","type":"post","link":"https:\/\/blogopara.com.br\/index.php\/2023\/12\/09\/cerrado-acao-no-supremo-quer-barrar-lavagem-de-terras-griladas-no-tocantins","title":{"rendered":"Cerrado: a\u00e7\u00e3o no Supremo quer barrar lavagem de terras griladas no Tocantins"},"content":{"rendered":"<p style=\"text-align: justify;\">O Cerrado segue como uma \u201cbucha de canh\u00e3o\u201d para o avan\u00e7o do agroneg\u00f3cio. O desmate no bioma chegou a 109 mil ha em outubro deste ano, crescendo 86% em rela\u00e7\u00e3o ao mesmo m\u00eas de 2022. \u00c9 a pior taxa para outubro nos \u00faltimos tr\u00eas anos e terceiro pior m\u00eas de 2023.<\/p>\n<p style=\"text-align: justify;\">Turbinadas pela forte seca, 75% (82 mil ha) dessas derrubadas no bioma ocorreram nos estados do Matopiba, fronteira agropecu\u00e1ria em parte do Maranh\u00e3o, Tocantins, Piau\u00ed e Bahia,\u00a0<a href=\"https:\/\/ipam.org.br\/desmatamento-aumenta-86-no-cerrado-em-relacao-ao-ano-passado\/\">avaliou<\/a> o Instituto de Pesquisa Ambiental da Amaz\u00f4nia (Ipam).<\/p>\n<p style=\"text-align: justify;\">Piorando o cen\u00e1rio, legisla\u00e7\u00f5es estaduais legalizam terras griladas. A da Bahia consolida ocupa\u00e7\u00f5es at\u00e9 1960, a do Maranh\u00e3o at\u00e9 1969, a do Piau\u00ed antes de 2014 e a do Tocantins at\u00e9 2019, informou a advogada Joice Bonfim, da Campanha Nacional em Defesa do Cerrado.<\/p>\n<p style=\"text-align: justify;\">\u201dPara atender a demanda por terras na esteira da expans\u00e3o da fronteira agr\u00edcola, v\u00e3o se abrindo brechas a partir de mudan\u00e7as legislativas, em especial nas leis ambientais e de terras estaduais\u201d, afirma o estudo \u2018Na fronteira<a href=\"https:\/\/www.matopibagrilagem.org\/\">\u00a0da (i)legalidade: desmatamento e grilagem no Matopiba<\/a>\u2019.<\/p>\n<p style=\"text-align: justify;\">Para tentar frear essa lavagem de terras usurpadas, entidades civis protocolaram esta semana no Supremo Tribunal Federal (STF) um pedido de A\u00e7\u00e3o Direta de Inconstitucionalidade (ADI) contra a\u00a0<a href=\"https:\/\/www.al.to.leg.br\/arquivos\/lei_3525-2019_60006.PDF#:~:text=Publicado%20no%20Di%C3%A1rio%20Oficial%20n%C2%BA,especifica%2C%20e%20adota%20outras%20provid%C3%AAncias.\">legisla\u00e7\u00e3o<\/a>\u00a0tocantinense, aprovada em 2019.<\/p>\n<p style=\"text-align: justify;\">A lei abre alas para que t\u00edtulos de terras privadas sejam validados em cart\u00f3rios mesmo sem uma \u201ccadeia dominial\u201d completa, a lista de propriet\u00e1rios de um im\u00f3vel rural, da sua titula\u00e7\u00e3o original pelo Poder P\u00fablico ao \u00faltimo dono. Isso bateria de frente com leis federais.<\/p>\n<p style=\"text-align: justify;\">\u201cPermitir que [esses] t\u00edtulos sejam validados com aval do Instituto de Terras do Tocantins (Intertins) institucionaliza processos hist\u00f3ricos de grilagem de terras, de supress\u00e3o vegetal e de viol\u00eancia contra o povo tocantinense que vive no campo\u201d, destaca a\u00a0<a href=\"https:\/\/oeco.org.br\/wp-content\/uploads\/2023\/12\/ADI-Cerrado-Tocantins.pdf\">ADI<\/a>.<\/p>\n<p style=\"text-align: justify;\">O pedido de a\u00e7\u00e3o foi sorteado ao ministro Kassio Nunes Marques, que poder\u00e1 dar seguimento ou n\u00e3o ao procedimento.<\/p>\n<p style=\"text-align: justify;\">A Constitui\u00e7\u00e3o determina que terras devolutas devem ser primordialmente destinadas \u00e0 agricultura familiar, reforma agr\u00e1ria, ind\u00edgenas e quilombolas. \u201cEstados n\u00e3o s\u00e3o autorizados a legislar sobre direito fundi\u00e1rio e registros p\u00fablicos. Isso \u00e9 compet\u00eancia da Uni\u00e3o\u201d, explica a advogada Joice Bonfim.Se isso n\u00e3o \u00e9 respeitado, crescem o desmate e a viol\u00eancia no campo. Em 2022, o Tocantins foi palco de 504 casos de pistolagem, 101 amea\u00e7as de expuls\u00e3o, 113 casas destru\u00eddas, 15 amea\u00e7as de morte a posseiros e 1 homic\u00eddio ligado a conflitos por terra. Os\u00a0<a href=\"https:\/\/www.cptnacional.org.br\/publicacoes-2\/destaque\/6354-conflitos-no-campo-brasil-2022\">dados<\/a>\u00a0s\u00e3o da Comiss\u00e3o Pastoral da Terra (CPT).<\/p>\n<p style=\"text-align: justify;\">N\u00e3o bastando, um\u00a0<a href=\"https:\/\/www25.senado.leg.br\/web\/atividade\/materias\/-\/materia\/156319?_gl=1*1mr7k6l*_ga*MTk0NzI0MDg4LjE3MDEyNjc0NDE.*_ga_CW3ZH25XMK*MTcwMTMzOTIzNi4yLjEuMTcwMTM4NDQwNi4wLjAuMA..\">projeto<\/a>\u00a0do senador Eduardo Gomes (PL\/TO) transfere terras da Uni\u00e3o ao Tocantins. \u201cSe o texto for aprovado, o estado poder\u00e1 fazer a destina\u00e7\u00e3o massiva de terras p\u00fablicas federais a setores privados\u201d, avisa Dinah Rodrigues, advogada da CPT no Tocantins.<\/p>\n<p style=\"text-align: justify;\">A proposta legislativa foi aprovada em outubro na Comiss\u00e3o de Desenvolvimento Regional do Senado e segue para an\u00e1lise da Comiss\u00e3o de Constitui\u00e7\u00e3o e Justi\u00e7a. Medida similar, a transfer\u00eancia de terras da Uni\u00e3o a Roraima e ao Amap\u00e1, foi\u00a0<a href=\"https:\/\/www.planalto.gov.br\/ccivil_03\/_ato2019-2022\/2020\/lei\/l14004.htm\">aprovada<\/a>\u00a0em 2020.<\/p>\n<p>Fonte: O Eco<\/p>\n","protected":false},"excerpt":{"rendered":"<p>O Cerrado segue como uma \u201cbucha de canh\u00e3o\u201d para o avan\u00e7o do agroneg\u00f3cio. O desmate no bioma chegou a 109 mil ha em outubro deste ano, crescendo 86% em rela\u00e7\u00e3o ao mesmo m\u00eas de 2022. \u00c9 a pior taxa para outubro nos \u00faltimos tr\u00eas anos e terceiro pior m\u00eas de 2023. Turbinadas pela forte seca, [&hellip;]<\/p>\n","protected":false},"author":1,"featured_media":60044,"comment_status":"closed","ping_status":"open","sticky":false,"template":"","format":"standard","meta":{"_uag_custom_page_level_css":"","_monsterinsights_skip_tracking":false,"_monsterinsights_sitenote_active":false,"_monsterinsights_sitenote_note":"","_monsterinsights_sitenote_category":0,"jetpack_post_was_ever_published":false,"_jetpack_newsletter_access":"","_jetpack_dont_email_post_to_subs":false,"_jetpack_newsletter_tier_id":0,"_jetpack_memberships_contains_paywalled_content":false,"_jetpack_memberships_contains_paid_content":false,"footnotes":"","jetpack_publicize_message":"","jetpack_publicize_feature_enabled":true,"jetpack_social_post_already_shared":true,"jetpack_social_options":{"image_generator_settings":{"template":"highway","default_image_id":0,"font":"","enabled":false},"version":2}},"categories":[200],"tags":[11103,2532,11246],"class_list":["post-60043","post","type-post","status-publish","format-standard","has-post-thumbnail","hentry","category-brasil","tag-grilagem","tag-meio-ambiente","tag-posseiros"],"jetpack_publicize_connections":[],"jetpack_featured_media_url":"https:\/\/blogopara.com.br\/wp-content\/uploads\/2023\/12\/WhatsApp-Image-2023-12-05-at-14.55.24.jpeg","uagb_featured_image_src":{"full":["https:\/\/blogopara.com.br\/wp-content\/uploads\/2023\/12\/WhatsApp-Image-2023-12-05-at-14.55.24.jpeg",500,310,false],"thumbnail":["https:\/\/blogopara.com.br\/wp-content\/uploads\/2023\/12\/WhatsApp-Image-2023-12-05-at-14.55.24-150x150.jpeg",150,150,true],"medium":["https:\/\/blogopara.com.br\/wp-content\/uploads\/2023\/12\/WhatsApp-Image-2023-12-05-at-14.55.24-300x186.jpeg",300,186,true],"medium_large":["https:\/\/blogopara.com.br\/wp-content\/uploads\/2023\/12\/WhatsApp-Image-2023-12-05-at-14.55.24.jpeg",500,310,false],"large":["https:\/\/blogopara.com.br\/wp-content\/uploads\/2023\/12\/WhatsApp-Image-2023-12-05-at-14.55.24.jpeg",500,310,false],"1536x1536":["https:\/\/blogopara.com.br\/wp-content\/uploads\/2023\/12\/WhatsApp-Image-2023-12-05-at-14.55.24.jpeg",500,310,false],"2048x2048":["https:\/\/blogopara.com.br\/wp-content\/uploads\/2023\/12\/WhatsApp-Image-2023-12-05-at-14.55.24.jpeg",500,310,false],"mantranews-slider-large":["https:\/\/blogopara.com.br\/wp-content\/uploads\/2023\/12\/WhatsApp-Image-2023-12-05-at-14.55.24.jpeg",500,310,false],"mantranews-featured-medium":["https:\/\/blogopara.com.br\/wp-content\/uploads\/2023\/12\/WhatsApp-Image-2023-12-05-at-14.55.24-420x307.jpeg",420,307,true],"mantranews-featured-long":["https:\/\/blogopara.com.br\/wp-content\/uploads\/2023\/12\/WhatsApp-Image-2023-12-05-at-14.55.24-300x310.jpeg",300,310,true],"mantranews-block-medium":["https:\/\/blogopara.com.br\/wp-content\/uploads\/2023\/12\/WhatsApp-Image-2023-12-05-at-14.55.24-464x290.jpeg",464,290,true],"mantranews-carousel-image":["https:\/\/blogopara.com.br\/wp-content\/uploads\/2023\/12\/WhatsApp-Image-2023-12-05-at-14.55.24.jpeg",500,310,false],"mantranews-block-thumb":["https:\/\/blogopara.com.br\/wp-content\/uploads\/2023\/12\/WhatsApp-Image-2023-12-05-at-14.55.24-322x230.jpeg",322,230,true],"mantranews-single-large":["https:\/\/blogopara.com.br\/wp-content\/uploads\/2023\/12\/WhatsApp-Image-2023-12-05-at-14.55.24.jpeg",500,310,false]},"uagb_author_info":{"display_name":"Reda\u00e7\u00e3o geral","author_link":"https:\/\/blogopara.com.br\/index.php\/author\/blogopara"},"uagb_comment_info":0,"uagb_excerpt":"O Cerrado segue como uma \u201cbucha de canh\u00e3o\u201d para o avan\u00e7o do agroneg\u00f3cio. O desmate no bioma chegou a 109 mil ha em outubro deste ano, crescendo 86% em rela\u00e7\u00e3o ao mesmo m\u00eas de 2022. \u00c9 a pior taxa para outubro nos \u00faltimos tr\u00eas anos e terceiro pior m\u00eas de 2023. Turbinadas pela forte seca,&hellip;","jetpack_sharing_enabled":true,"jetpack_likes_enabled":true,"_links":{"self":[{"href":"https:\/\/blogopara.com.br\/index.php\/wp-json\/wp\/v2\/posts\/60043","targetHints":{"allow":["GET"]}}],"collection":[{"href":"https:\/\/blogopara.com.br\/index.php\/wp-json\/wp\/v2\/posts"}],"about":[{"href":"https:\/\/blogopara.com.br\/index.php\/wp-json\/wp\/v2\/types\/post"}],"author":[{"embeddable":true,"href":"https:\/\/blogopara.com.br\/index.php\/wp-json\/wp\/v2\/users\/1"}],"replies":[{"embeddable":true,"href":"https:\/\/blogopara.com.br\/index.php\/wp-json\/wp\/v2\/comments?post=60043"}],"version-history":[{"count":1,"href":"https:\/\/blogopara.com.br\/index.php\/wp-json\/wp\/v2\/posts\/60043\/revisions"}],"predecessor-version":[{"id":60045,"href":"https:\/\/blogopara.com.br\/index.php\/wp-json\/wp\/v2\/posts\/60043\/revisions\/60045"}],"wp:featuredmedia":[{"embeddable":true,"href":"https:\/\/blogopara.com.br\/index.php\/wp-json\/wp\/v2\/media\/60044"}],"wp:attachment":[{"href":"https:\/\/blogopara.com.br\/index.php\/wp-json\/wp\/v2\/media?parent=60043"}],"wp:term":[{"taxonomy":"category","embeddable":true,"href":"https:\/\/blogopara.com.br\/index.php\/wp-json\/wp\/v2\/categories?post=60043"},{"taxonomy":"post_tag","embeddable":true,"href":"https:\/\/blogopara.com.br\/index.php\/wp-json\/wp\/v2\/tags?post=60043"}],"curies":[{"name":"wp","href":"https:\/\/api.w.org\/{rel}","templated":true}]}}