{"id":60224,"date":"2023-12-15T07:00:00","date_gmt":"2023-12-15T10:00:00","guid":{"rendered":"https:\/\/blogopara.com.br\/?p=60224"},"modified":"2023-12-15T00:37:09","modified_gmt":"2023-12-15T03:37:09","slug":"mp-eleitoral-do-parana-pede-cassacao-e-inelegibilidade-de-moro","status":"publish","type":"post","link":"https:\/\/blogopara.com.br\/index.php\/2023\/12\/15\/mp-eleitoral-do-parana-pede-cassacao-e-inelegibilidade-de-moro","title":{"rendered":"MP Eleitoral do Paran\u00e1 pede cassa\u00e7\u00e3o e inelegibilidade de Moro"},"content":{"rendered":"<p style=\"text-align: justify;\">A Procuradoria Regional Eleitoral do Paran\u00e1 defendeu, nesta quinta-feira (14), a cassa\u00e7\u00e3o do mandato do senador Sergio Moro (Uni\u00e3o Brasil-PR) e de seus suplentes pela pr\u00e1tica de abuso de poder econ\u00f4mico, na a\u00e7\u00e3o proposta pelo Partido Liberal (PL) e pela Federa\u00e7\u00e3o Brasil da Esperan\u00e7a (PT\/PCdoB\/PV), sobre as elei\u00e7\u00f5es de 2022.<\/p>\n<p style=\"text-align: justify;\">A manifesta\u00e7\u00e3o, assinada pelos procuradores regionais Eleitorais Marcelo Godoy e Eloisa Helena Machado, diz que a \u201clisura e a legitimidade do pleito foram inegavelmente<br \/>\ncomprometidas pelo emprego excessivo de recursos financeiros no per\u00edodo que antecedeu o de campanha eleitoral\u201d.<\/p>\n<p style=\"text-align: justify;\">Os gastos realizados por Moro em pr\u00e9-campanha presidencial, de acordo com o documento, coloca em d\u00favida a isonomia entre os candidatos ao Senado.<\/p>\n<p style=\"text-align: justify;\">No processo, \u00e9 relatado o valor de R$ 2.030.228,09 pelo Podemos e o Uni\u00e3o Brasil, representando 39,78% do total de despesas contratadas pela pr\u00f3pria campanha eleitoral e 110,77% da m\u00e9dia de gastos em campanha eleitoral dos candidatos ao Legislativo.<\/p>\n<h4 style=\"text-align: justify;\">\u201cA improced\u00eancia acontecer\u00e1\u201d<\/h4>\n<p style=\"text-align: justify;\">Em nota, a defesa de Moro disse que acredita na improced\u00eancia da a\u00e7\u00e3o.<\/p>\n<p style=\"text-align: justify;\">O advogado Gustavo Guedes afirma, entretanto, que respeita, mas discorda do parecer do MP Eleitoral. Em sua vis\u00e3o, as despesas seriam justific\u00e1veis.<\/p>\n<p style=\"text-align: justify;\">Guedes defende que h\u00e1 uma falha no processo \u201cna medida em que considerou gastos fora do Paran\u00e1 e aqueles indiferentes eleitorais (seguran\u00e7a, para n\u00e3o ser assassinado pelo PCC) como despesas pr\u00e9-eleitorais\u201d.<\/p>\n<h4 style=\"text-align: justify;\">Advogados da acusa\u00e7\u00e3o<\/h4>\n<p style=\"text-align: justify;\">\u00c0 CNN, Bruno Cristaldi, advogado do PL do Paran\u00e1, diz que \u201ccom o reconhecimento das ilicitudes pela Procuradoria Regional Eleitoral do Paran\u00e1 as chances de Sergio Moro \u2014 e seus suplentes \u2014 escapar impune, mesmo no TRE-PR, praticamente se desintegraram\u201d.<\/p>\n<p style=\"text-align: justify;\">\u201cA a\u00e7\u00e3o, agora refor\u00e7ada pelos argumentos do MP, mostra que o abuso de poder econ\u00f4mico na pr\u00e9-campanha dos investigados foi grave o suficiente para a cassa\u00e7\u00e3o e a inelegibilidade. Ainda assim entendemos que o parecer, por mais que favor\u00e1vel, deveria ter sido mais severo em rela\u00e7\u00e3o a muitos outros pontos que foram relevados\u201d, continua.<\/p>\n<p style=\"text-align: justify;\">O advogado da Federa\u00e7\u00e3o Brasil da Esperan\u00e7a do Paran\u00e1, Luiz Eduardo Peccinin, afirmou \u00e0 CNN que o parecer do MP est\u00e1 \u201catento aos valores fundamentais de nossa democracia\u201d.<\/p>\n<p style=\"text-align: justify;\">\u201cTemos certeza que a Justi\u00e7a Eleitoral do Paran\u00e1 n\u00e3o se furtar\u00e1 a sua hist\u00f3ria de intransig\u00eancia com o abuso de poder, cassando e declarando a inelegibilidade de S\u00e9rgio Moro e seu suplente\u201d, expressou Peccinin.<\/p>\n<p style=\"text-align: justify;\">O deputado estadual Arilson Chiorato, presidente do PT do Paran\u00e1, relatou \u00e0 reportagem que a sigla \u201cv\u00ea que estava certa desde o come\u00e7o, quando falava de tudo isso\u201d.<\/p>\n<h4 style=\"text-align: justify;\">\u201cPersegui\u00e7\u00e3o pol\u00edtica\u201d<\/h4>\n<p style=\"text-align: justify;\">Ap\u00f3s prestar depoimento ao Tribunal Regional Eleitoral do Paran\u00e1 (TRE-PR), em 7 de dezembro, Moro disse \u00e0 CNN que os processos s\u00e3o resultados de uma \u201cpersegui\u00e7\u00e3o pol\u00edtica\u201d.<\/p>\n<p style=\"text-align: justify;\">Segundo ele, os esclarecimentos \u00e0 Justi\u00e7a Eleitoral serviram para mostrar que as acusa\u00e7\u00f5es, feitas pelo PT e por integrantes do PL no Paran\u00e1, \u201cn\u00e3o se sustentam\u201d.<\/p>\n<p style=\"text-align: justify;\">\u201cFoi uma boa oportunidade para esclarecer no caso. No fundo, as a\u00e7\u00f5es s\u00e3o um castelo de cartas, promovidas por uma persegui\u00e7\u00e3o pol\u00edtica, em parte pelo PT e, do outro lado, por oportunistas que perderam a elei\u00e7\u00e3o no Paran\u00e1 e s\u00e3o membros do PL. Mas as alega\u00e7\u00f5es n\u00e3o se sustentam\u201d, declarou.<\/p>\n<p style=\"text-align: justify;\">\u201cFalaram que tinha caixa dois, desvio, mas quando se v\u00ea nos processos, n\u00e3o tem nada, n\u00e3o tem prova nenhuma disso, porque esses fatos n\u00e3o ocorreram\u201d, prosseguiu.<\/p>\n<p style=\"text-align: justify;\">Ele ainda rebateu o argumento dos autores da den\u00fancia ao TRE de que teria sido pr\u00e9-candidato \u00e0 Presid\u00eancia, ainda no in\u00edcio de 2022, como subterf\u00fagio a uma eventual candidatura ao Senado, que se concretizaria meses depois.<\/p>\n<p style=\"text-align: justify;\">\u201cQuem acompanhou os fatos, sabe que foi o contr\u00e1rio. Foi penoso desistir da candidatura presidencial. E a\u00ed querem pegar os gastos do per\u00edodo anterior \u00e0 campanha, de atividade partid\u00e1ria, e chamar de abuso de poder econ\u00f4mico\u201d, disse.<\/p>\n<p style=\"text-align: justify;\">\u201cA a\u00e7\u00e3o vai ser julgada, e a gente respeita a Justi\u00e7a Eleitoral. Vamos esperar o julgamento. Mas os fatos que eles alegam ou n\u00e3o existem, ou n\u00e3o foram provados, ou n\u00e3o fazem sentido.\u201d<\/p>\n<h4 style=\"text-align: justify;\">As a\u00e7\u00f5es<\/h4>\n<p style=\"text-align: justify;\">Segundo os reclamantes, a chapa de Moro causou desequil\u00edbrio eleitoral.<\/p>\n<p style=\"text-align: justify;\">Isso teria ocorrido desde a filia\u00e7\u00e3o partid\u00e1ria do ex-juiz ao Podemos, em novembro de 2021, com o lan\u00e7amento de sua pr\u00e9-candidatura para a Presid\u00eancia da Rep\u00fablica at\u00e9 o momento de sua elei\u00e7\u00e3o para o Senado pelo Uni\u00e3o Brasil.<\/p>\n<p style=\"text-align: justify;\">O argumento das partes \u00e9 de que Moro usou \u201cestrutura e exposi\u00e7\u00e3o de pr\u00e9-campanha presidencial para, num segundo momento, migrar para uma disputa de menor visibilidade, menor circunscri\u00e7\u00e3o e teto de gastos vinte vezes menor, carregando consigo todas as vantagens e benef\u00edcios acumulados indevidamente, ferindo a igualdade de condi\u00e7\u00f5es entre os concorrentes ao cargo de senador\u201d.<\/p>\n<p style=\"text-align: justify;\">A a\u00e7\u00e3o diz que o ex-juiz teve os seguintes servi\u00e7os \u00e0 sua disposi\u00e7\u00e3o durante a pr\u00e9-campanha presidencial:<\/p>\n<ul style=\"text-align: justify;\">\n<li>media training;<\/li>\n<li>assessoria de imprensa;<\/li>\n<li>planejamento de marketing;<\/li>\n<li>produ\u00e7\u00e3o de v\u00eddeos em ambos os partidos;<\/li>\n<li>remunera\u00e7\u00e3o mensal;<\/li>\n<li>seguran\u00e7a privada;<\/li>\n<li>viagens a\u00e9reas nacionais e internacionais para Moro e equipe;<\/li>\n<li>ve\u00edculo blindado;<\/li>\n<li>hospedagens;<\/li>\n<li>exposi\u00e7\u00e3o midi\u00e1tica de presidenci\u00e1vel;<\/li>\n<li>protagonismo em metade das inser\u00e7\u00f5es de propaganda partid\u00e1ria gratuita no r\u00e1dio e na televis\u00e3o;<\/li>\n<li>produ\u00e7\u00e3o de conte\u00fado e estrat\u00e9gia de campanha;<\/li>\n<li>pesquisas eleitorais.<\/li>\n<\/ul>\n<p style=\"text-align: justify;\">\u201cOu seja, n\u00e3o \u00e9 um conjunto que esteja ao alcance das possibilidades do pr\u00e9-candidato m\u00e9dio ao Senado pelo Estado do Paran\u00e1\u201d, diz a acusa\u00e7\u00e3o.<\/p>\n<h4 style=\"text-align: justify;\">Movimentos de Moro na elei\u00e7\u00e3o de 2022<\/h4>\n<p style=\"text-align: justify;\">Em novembro de 2021, Moro se filiou ao Podemos com pretens\u00f5es de disputar o Pal\u00e1cio do Planalto, chegando inclusive a aparecer em pesquisas de intens\u00f5es de voto.<\/p>\n<p style=\"text-align: justify;\">No final de mar\u00e7o de 2022, ele se desfiliou do partido e entrou no Uni\u00e3o Brasil. Na ocasi\u00e3o, o ex-juiz anunciou que havia desistido de sua pr\u00e9-candidatura \u201cneste momento\u201d.<\/p>\n<p style=\"text-align: justify;\">Na mesma \u00e9poca, Moro solicitou sua transfer\u00eancia de domic\u00edlio eleitoral do Paran\u00e1 para S\u00e3o Paulo. A medida foi aceita pela 5\u00aa Zona Eleitoral, na zona oeste. Entretanto, em junho, o Tribunal Regional Eleitoral do Estado de S\u00e3o Paulo (TRE-SP) acolheu um recurso do PT contra a decis\u00e3o.<\/p>\n<p style=\"text-align: justify;\">Com a impossibilidade de se candidatar por S\u00e3o Paulo, Moro anunciou, em julho, sua candidatura ao Senado pelo Paran\u00e1.<\/p>\n<p style=\"text-align: justify;\"><em>Fonte: CNN Brasil<\/em><\/p>\n","protected":false},"excerpt":{"rendered":"<p>A Procuradoria Regional Eleitoral do Paran\u00e1 defendeu, nesta quinta-feira (14), a cassa\u00e7\u00e3o do mandato do senador Sergio Moro (Uni\u00e3o Brasil-PR) e de seus suplentes pela pr\u00e1tica de abuso de poder econ\u00f4mico, na a\u00e7\u00e3o proposta pelo Partido Liberal (PL) e pela Federa\u00e7\u00e3o Brasil da Esperan\u00e7a (PT\/PCdoB\/PV), sobre as elei\u00e7\u00f5es de 2022. A manifesta\u00e7\u00e3o, assinada pelos procuradores [&hellip;]<\/p>\n","protected":false},"author":1,"featured_media":8825,"comment_status":"closed","ping_status":"open","sticky":false,"template":"","format":"standard","meta":{"_uag_custom_page_level_css":"","_monsterinsights_skip_tracking":false,"_monsterinsights_sitenote_active":false,"_monsterinsights_sitenote_note":"","_monsterinsights_sitenote_category":0,"jetpack_post_was_ever_published":false,"_jetpack_newsletter_access":"","_jetpack_dont_email_post_to_subs":false,"_jetpack_newsletter_tier_id":0,"_jetpack_memberships_contains_paywalled_content":false,"_jetpack_memberships_contains_paid_content":false,"footnotes":"","jetpack_publicize_message":"","jetpack_publicize_feature_enabled":true,"jetpack_social_post_already_shared":true,"jetpack_social_options":{"image_generator_settings":{"template":"highway","default_image_id":0,"font":"","enabled":false},"version":2}},"categories":[200,210],"tags":[688,5516],"class_list":["post-60224","post","type-post","status-publish","format-standard","has-post-thumbnail","hentry","category-brasil","category-justica","tag-mp","tag-sergio-moro"],"jetpack_publicize_connections":[],"jetpack_featured_media_url":"https:\/\/blogopara.com.br\/wp-content\/uploads\/2020\/03\/89796ministro-sergio-moro-autoriza-uso-da-forca-nacional-para-apoiar-acoes-contra-coronavirus-3.jpg","uagb_featured_image_src":{"full":["https:\/\/blogopara.com.br\/wp-content\/uploads\/2020\/03\/89796ministro-sergio-moro-autoriza-uso-da-forca-nacional-para-apoiar-acoes-contra-coronavirus-3.jpg",500,235,false],"thumbnail":["https:\/\/blogopara.com.br\/wp-content\/uploads\/2020\/03\/89796ministro-sergio-moro-autoriza-uso-da-forca-nacional-para-apoiar-acoes-contra-coronavirus-3-150x150.jpg",150,150,true],"medium":["https:\/\/blogopara.com.br\/wp-content\/uploads\/2020\/03\/89796ministro-sergio-moro-autoriza-uso-da-forca-nacional-para-apoiar-acoes-contra-coronavirus-3-300x141.jpg",300,141,true],"medium_large":["https:\/\/blogopara.com.br\/wp-content\/uploads\/2020\/03\/89796ministro-sergio-moro-autoriza-uso-da-forca-nacional-para-apoiar-acoes-contra-coronavirus-3.jpg",500,235,false],"large":["https:\/\/blogopara.com.br\/wp-content\/uploads\/2020\/03\/89796ministro-sergio-moro-autoriza-uso-da-forca-nacional-para-apoiar-acoes-contra-coronavirus-3.jpg",500,235,false],"1536x1536":["https:\/\/blogopara.com.br\/wp-content\/uploads\/2020\/03\/89796ministro-sergio-moro-autoriza-uso-da-forca-nacional-para-apoiar-acoes-contra-coronavirus-3.jpg",500,235,false],"2048x2048":["https:\/\/blogopara.com.br\/wp-content\/uploads\/2020\/03\/89796ministro-sergio-moro-autoriza-uso-da-forca-nacional-para-apoiar-acoes-contra-coronavirus-3.jpg",500,235,false],"mantranews-slider-large":["https:\/\/blogopara.com.br\/wp-content\/uploads\/2020\/03\/89796ministro-sergio-moro-autoriza-uso-da-forca-nacional-para-apoiar-acoes-contra-coronavirus-3.jpg",500,235,false],"mantranews-featured-medium":["https:\/\/blogopara.com.br\/wp-content\/uploads\/2020\/03\/89796ministro-sergio-moro-autoriza-uso-da-forca-nacional-para-apoiar-acoes-contra-coronavirus-3-420x235.jpg",420,235,true],"mantranews-featured-long":["https:\/\/blogopara.com.br\/wp-content\/uploads\/2020\/03\/89796ministro-sergio-moro-autoriza-uso-da-forca-nacional-para-apoiar-acoes-contra-coronavirus-3-300x235.jpg",300,235,true],"mantranews-block-medium":["https:\/\/blogopara.com.br\/wp-content\/uploads\/2020\/03\/89796ministro-sergio-moro-autoriza-uso-da-forca-nacional-para-apoiar-acoes-contra-coronavirus-3-464x235.jpg",464,235,true],"mantranews-carousel-image":["https:\/\/blogopara.com.br\/wp-content\/uploads\/2020\/03\/89796ministro-sergio-moro-autoriza-uso-da-forca-nacional-para-apoiar-acoes-contra-coronavirus-3.jpg",500,235,false],"mantranews-block-thumb":["https:\/\/blogopara.com.br\/wp-content\/uploads\/2020\/03\/89796ministro-sergio-moro-autoriza-uso-da-forca-nacional-para-apoiar-acoes-contra-coronavirus-3-322x230.jpg",322,230,true],"mantranews-single-large":["https:\/\/blogopara.com.br\/wp-content\/uploads\/2020\/03\/89796ministro-sergio-moro-autoriza-uso-da-forca-nacional-para-apoiar-acoes-contra-coronavirus-3.jpg",500,235,false]},"uagb_author_info":{"display_name":"Reda\u00e7\u00e3o geral","author_link":"https:\/\/blogopara.com.br\/index.php\/author\/blogopara"},"uagb_comment_info":0,"uagb_excerpt":"A Procuradoria Regional Eleitoral do Paran\u00e1 defendeu, nesta quinta-feira (14), a cassa\u00e7\u00e3o do mandato do senador Sergio Moro (Uni\u00e3o Brasil-PR) e de seus suplentes pela pr\u00e1tica de abuso de poder econ\u00f4mico, na a\u00e7\u00e3o proposta pelo Partido Liberal (PL) e pela Federa\u00e7\u00e3o Brasil da Esperan\u00e7a (PT\/PCdoB\/PV), sobre as elei\u00e7\u00f5es de 2022. A manifesta\u00e7\u00e3o, assinada pelos procuradores&hellip;","jetpack_sharing_enabled":true,"jetpack_likes_enabled":true,"_links":{"self":[{"href":"https:\/\/blogopara.com.br\/index.php\/wp-json\/wp\/v2\/posts\/60224","targetHints":{"allow":["GET"]}}],"collection":[{"href":"https:\/\/blogopara.com.br\/index.php\/wp-json\/wp\/v2\/posts"}],"about":[{"href":"https:\/\/blogopara.com.br\/index.php\/wp-json\/wp\/v2\/types\/post"}],"author":[{"embeddable":true,"href":"https:\/\/blogopara.com.br\/index.php\/wp-json\/wp\/v2\/users\/1"}],"replies":[{"embeddable":true,"href":"https:\/\/blogopara.com.br\/index.php\/wp-json\/wp\/v2\/comments?post=60224"}],"version-history":[{"count":1,"href":"https:\/\/blogopara.com.br\/index.php\/wp-json\/wp\/v2\/posts\/60224\/revisions"}],"predecessor-version":[{"id":60225,"href":"https:\/\/blogopara.com.br\/index.php\/wp-json\/wp\/v2\/posts\/60224\/revisions\/60225"}],"wp:featuredmedia":[{"embeddable":true,"href":"https:\/\/blogopara.com.br\/index.php\/wp-json\/wp\/v2\/media\/8825"}],"wp:attachment":[{"href":"https:\/\/blogopara.com.br\/index.php\/wp-json\/wp\/v2\/media?parent=60224"}],"wp:term":[{"taxonomy":"category","embeddable":true,"href":"https:\/\/blogopara.com.br\/index.php\/wp-json\/wp\/v2\/categories?post=60224"},{"taxonomy":"post_tag","embeddable":true,"href":"https:\/\/blogopara.com.br\/index.php\/wp-json\/wp\/v2\/tags?post=60224"}],"curies":[{"name":"wp","href":"https:\/\/api.w.org\/{rel}","templated":true}]}}