{"id":60273,"date":"2023-12-17T07:14:00","date_gmt":"2023-12-17T10:14:00","guid":{"rendered":"https:\/\/blogopara.com.br\/?p=60273"},"modified":"2023-12-16T23:16:08","modified_gmt":"2023-12-17T02:16:08","slug":"prefeituras-de-cidades-baianas-em-situacao-de-emergencia-por-causa-da-seca-serao-isentas-de-taxas-para-abastecimento-com-carros-pipa","status":"publish","type":"post","link":"https:\/\/blogopara.com.br\/index.php\/2023\/12\/17\/prefeituras-de-cidades-baianas-em-situacao-de-emergencia-por-causa-da-seca-serao-isentas-de-taxas-para-abastecimento-com-carros-pipa","title":{"rendered":"Prefeituras de cidades baianas em situa\u00e7\u00e3o de emerg\u00eancia por causa da seca ser\u00e3o isentas de taxas para abastecimento com carros-pipa"},"content":{"rendered":"<p style=\"text-align: justify;\">A Prefeitura de Juazeiro, atrav\u00e9s da Secret\u00e1ria de Desenvolvimento Social, Mulher e Diversidade (Sedes), divulgou no Di\u00e1rio Oficial do Munic\u00edpio (DOEM) dessa sexta-feira (15), a lista de habilitados do Programa Humanizar, conforme descrito no Edital n\u00ba 001\/2023 de 31 de agosto de 2023. O programa adapta e\/ou reforma casas de pessoas com defici\u00eancia em situa\u00e7\u00e3o de vulnerabilidade social.<\/p>\n<p style=\"text-align: justify;\">\u201cA realiza\u00e7\u00e3o e continuidade desse programa \u00e9 essencial, pois possibilita a qualidade de vida e autonomia da pessoa com dificuldade de locomo\u00e7\u00e3o. Quero agradecer o apoio da prefeita Suzana Ramos que tem se empenhado cada vez mais nas quest\u00f5es sociais do munic\u00edpio\u201d, pontuou a secret\u00e1ria da Sedes, Nadja Dias.<\/p>\n<h4 style=\"text-align: justify;\"><strong>Programa Humanizar<\/strong><\/h4>\n<p style=\"text-align: justify;\">O Programa Humanizar foi institu\u00eddo pela Lei Municipal 3.032\/2021 com o objetivo de proporcionar um grau de independ\u00eancia e qualidade de locomo\u00e7\u00e3o de pessoas com defici\u00eancia em sua resid\u00eancia.<\/p>\n<p style=\"text-align: justify;\">Confira aqui a lista de habilitados\u00a0<a href=\"https:\/\/www.juazeiro.ba.gov.br\/wp-content\/uploads\/2023\/12\/programa-humanizar.pdf\"><strong>AQUI<\/strong><\/a><\/p>\n<p style=\"text-align: justify;\"><em><span style=\"font-size: revert; color: initial;\">Fonte: Ascom\/Sedes\/PMJ<\/span><\/em><\/p>\n","protected":false},"excerpt":{"rendered":"<p>A Prefeitura de Juazeiro, atrav\u00e9s da Secret\u00e1ria de Desenvolvimento Social, Mulher e Diversidade (Sedes), divulgou no Di\u00e1rio Oficial do Munic\u00edpio (DOEM) dessa sexta-feira (15), a lista de habilitados do Programa Humanizar, conforme descrito no Edital n\u00ba 001\/2023 de 31 de agosto de 2023. O programa adapta e\/ou reforma casas de pessoas com defici\u00eancia em situa\u00e7\u00e3o [&hellip;]<\/p>\n","protected":false},"author":1,"featured_media":22149,"comment_status":"closed","ping_status":"open","sticky":false,"template":"","format":"standard","meta":{"_uag_custom_page_level_css":"","_monsterinsights_skip_tracking":false,"_monsterinsights_sitenote_active":false,"_monsterinsights_sitenote_note":"","_monsterinsights_sitenote_category":0,"jetpack_post_was_ever_published":false,"_jetpack_newsletter_access":"","_jetpack_dont_email_post_to_subs":false,"_jetpack_newsletter_tier_id":0,"_jetpack_memberships_contains_paywalled_content":false,"_jetpack_memberships_contains_paid_content":false,"footnotes":"","jetpack_publicize_message":"","jetpack_publicize_feature_enabled":true,"jetpack_social_post_already_shared":true,"jetpack_social_options":{"image_generator_settings":{"template":"highway","default_image_id":0,"font":"","enabled":false},"version":2}},"categories":[199,10110],"tags":[11],"class_list":["post-60273","post","type-post","status-publish","format-standard","has-post-thumbnail","hentry","category-bahia","category-desenvolvimento","tag-bahia"],"jetpack_publicize_connections":[],"jetpack_featured_media_url":"https:\/\/blogopara.com.br\/wp-content\/uploads\/2021\/04\/Prefeitura-de-Juazeiro-2.jpeg","uagb_featured_image_src":{"full":["https:\/\/blogopara.com.br\/wp-content\/uploads\/2021\/04\/Prefeitura-de-Juazeiro-2.jpeg",500,333,false],"thumbnail":["https:\/\/blogopara.com.br\/wp-content\/uploads\/2021\/04\/Prefeitura-de-Juazeiro-2-150x150.jpeg",150,150,true],"medium":["https:\/\/blogopara.com.br\/wp-content\/uploads\/2021\/04\/Prefeitura-de-Juazeiro-2-300x200.jpeg",300,200,true],"medium_large":["https:\/\/blogopara.com.br\/wp-content\/uploads\/2021\/04\/Prefeitura-de-Juazeiro-2.jpeg",500,333,false],"large":["https:\/\/blogopara.com.br\/wp-content\/uploads\/2021\/04\/Prefeitura-de-Juazeiro-2.jpeg",500,333,false],"1536x1536":["https:\/\/blogopara.com.br\/wp-content\/uploads\/2021\/04\/Prefeitura-de-Juazeiro-2.jpeg",500,333,false],"2048x2048":["https:\/\/blogopara.com.br\/wp-content\/uploads\/2021\/04\/Prefeitura-de-Juazeiro-2.jpeg",500,333,false],"mantranews-slider-large":["https:\/\/blogopara.com.br\/wp-content\/uploads\/2021\/04\/Prefeitura-de-Juazeiro-2.jpeg",500,333,false],"mantranews-featured-medium":["https:\/\/blogopara.com.br\/wp-content\/uploads\/2021\/04\/Prefeitura-de-Juazeiro-2-420x307.jpeg",420,307,true],"mantranews-featured-long":["https:\/\/blogopara.com.br\/wp-content\/uploads\/2021\/04\/Prefeitura-de-Juazeiro-2-300x333.jpeg",300,333,true],"mantranews-block-medium":["https:\/\/blogopara.com.br\/wp-content\/uploads\/2021\/04\/Prefeitura-de-Juazeiro-2-464x290.jpeg",464,290,true],"mantranews-carousel-image":["https:\/\/blogopara.com.br\/wp-content\/uploads\/2021\/04\/Prefeitura-de-Juazeiro-2.jpeg",500,333,false],"mantranews-block-thumb":["https:\/\/blogopara.com.br\/wp-content\/uploads\/2021\/04\/Prefeitura-de-Juazeiro-2-322x230.jpeg",322,230,true],"mantranews-single-large":["https:\/\/blogopara.com.br\/wp-content\/uploads\/2021\/04\/Prefeitura-de-Juazeiro-2.jpeg",500,333,false]},"uagb_author_info":{"display_name":"Reda\u00e7\u00e3o geral","author_link":"https:\/\/blogopara.com.br\/index.php\/author\/blogopara"},"uagb_comment_info":0,"uagb_excerpt":"A Prefeitura de Juazeiro, atrav\u00e9s da Secret\u00e1ria de Desenvolvimento Social, Mulher e Diversidade (Sedes), divulgou no Di\u00e1rio Oficial do Munic\u00edpio (DOEM) dessa sexta-feira (15), a lista de habilitados do Programa Humanizar, conforme descrito no Edital n\u00ba 001\/2023 de 31 de agosto de 2023. O programa adapta e\/ou reforma casas de pessoas com defici\u00eancia em situa\u00e7\u00e3o&hellip;","jetpack_sharing_enabled":true,"jetpack_likes_enabled":true,"_links":{"self":[{"href":"https:\/\/blogopara.com.br\/index.php\/wp-json\/wp\/v2\/posts\/60273","targetHints":{"allow":["GET"]}}],"collection":[{"href":"https:\/\/blogopara.com.br\/index.php\/wp-json\/wp\/v2\/posts"}],"about":[{"href":"https:\/\/blogopara.com.br\/index.php\/wp-json\/wp\/v2\/types\/post"}],"author":[{"embeddable":true,"href":"https:\/\/blogopara.com.br\/index.php\/wp-json\/wp\/v2\/users\/1"}],"replies":[{"embeddable":true,"href":"https:\/\/blogopara.com.br\/index.php\/wp-json\/wp\/v2\/comments?post=60273"}],"version-history":[{"count":1,"href":"https:\/\/blogopara.com.br\/index.php\/wp-json\/wp\/v2\/posts\/60273\/revisions"}],"predecessor-version":[{"id":60274,"href":"https:\/\/blogopara.com.br\/index.php\/wp-json\/wp\/v2\/posts\/60273\/revisions\/60274"}],"wp:featuredmedia":[{"embeddable":true,"href":"https:\/\/blogopara.com.br\/index.php\/wp-json\/wp\/v2\/media\/22149"}],"wp:attachment":[{"href":"https:\/\/blogopara.com.br\/index.php\/wp-json\/wp\/v2\/media?parent=60273"}],"wp:term":[{"taxonomy":"category","embeddable":true,"href":"https:\/\/blogopara.com.br\/index.php\/wp-json\/wp\/v2\/categories?post=60273"},{"taxonomy":"post_tag","embeddable":true,"href":"https:\/\/blogopara.com.br\/index.php\/wp-json\/wp\/v2\/tags?post=60273"}],"curies":[{"name":"wp","href":"https:\/\/api.w.org\/{rel}","templated":true}]}}