{"id":60411,"date":"2023-12-21T09:03:00","date_gmt":"2023-12-21T12:03:00","guid":{"rendered":"https:\/\/blogopara.com.br\/?p=60411"},"modified":"2023-12-21T02:06:14","modified_gmt":"2023-12-21T05:06:14","slug":"chuva-evidencia-falta-de-estrutura-em-bairros-perifericos-de-petrolina","status":"publish","type":"post","link":"https:\/\/blogopara.com.br\/index.php\/2023\/12\/21\/chuva-evidencia-falta-de-estrutura-em-bairros-perifericos-de-petrolina","title":{"rendered":"Chuva evidencia falta de estrutura em bairros perif\u00e9ricos de Petrolina"},"content":{"rendered":"<p style=\"text-align: justify;\">Ap\u00f3s v\u00e1rios dias de calor, na manh\u00e3 desta quarta-feira (20), a chuva apareceu em Petrolina, Sert\u00e3o de Pernambuco. Mas, o que deveria ser motivo de al\u00edvio virou dor de cabe\u00e7a para moradores de alguns bairros da cidade. Mesmo a chuva fraca, foi suficiente para mostrar a falta de estrutura de algumas localidades.<\/p>\n<p style=\"text-align: justify;\">Na Avenida dos Mineiros, no bairro Dom Avelar, uma lagoa se formou e a passagem de carros, motos e pedestres ficou mais dif\u00edcil. &#8220;Sempre que chove \u00e9 assim, sempre alaga. \u00c9 muito dif\u00edcil de passar, \u00e0s vezes tem boca de lobo afundada, a gente pode cair dentro&#8221;, afirma o aposentado Alfredo Domingos.<\/p>\n<p style=\"text-align: justify;\">Na manh\u00e3 desta quarta, o motorista Rubens Lopes precisou fazer um percurso maior para chegar ao trabalho. \u201cSempre que chove fica a rua fica interditada, \u00e9 complicado para andar e tudo. Quem vem de carro n\u00e3o sabe se tem um buraco, \u00e9 muito dif\u00edcil\u201d.<\/p>\n<p style=\"text-align: justify;\">Na ocupa\u00e7\u00e3o Vila da F\u00e9, bairro Jo\u00e3o de Deus, a situa\u00e7\u00e3o tamb\u00e9m \u00e9 delicada. Fam\u00edlias desalojadas vivem em situa\u00e7\u00e3o de vulnerabilidade social, e encontram nos barracos uma sa\u00edda para a falta de moradia. Quando a chuva aparece, os problemas ficam maiores, afirma a moradora Marineide Alves.<\/p>\n<p style=\"text-align: justify;\">\u201cA gente fica dentro da lama, os panos tudo molhados. A lona n\u00e3o aguenta o calor do sol e derrete, quando vem a chuva, entra \u00e1gua em casa. \u00c9 sempre assim, e ningu\u00e9m chegou aqui para nos dar assist\u00eancia.\u201d<\/p>\n<p style=\"text-align: justify;\">Enquanto aguardam pelas habita\u00e7\u00f5es sociais do governo, os moradores usam lonas e len\u00e7\u00f3is para cobrir os barracos, mas nem sempre conseguem esse material, explica a dona de casa Poliana Laranjeira.<\/p>\n<p style=\"text-align: justify;\">&#8220;A gente sempre vai no Cras, mas tem algumas barracas grandes que precisam de duas lonas e eles n\u00e3o querem dar, da\u00ed fica uma parte coberta, mas outra parte sempre molha. A gente tem crian\u00e7a, \u00e9 complicado\u201d.<\/p>\n<p style=\"text-align: justify;\"><em>Fonte: g1 Petrolina<\/em><\/p>\n","protected":false},"excerpt":{"rendered":"<p>Ap\u00f3s v\u00e1rios dias de calor, na manh\u00e3 desta quarta-feira (20), a chuva apareceu em Petrolina, Sert\u00e3o de Pernambuco. Mas, o que deveria ser motivo de al\u00edvio virou dor de cabe\u00e7a para moradores de alguns bairros da cidade. Mesmo a chuva fraca, foi suficiente para mostrar a falta de estrutura de algumas localidades. Na Avenida dos [&hellip;]<\/p>\n","protected":false},"author":1,"featured_media":60412,"comment_status":"closed","ping_status":"open","sticky":false,"template":"","format":"standard","meta":{"_uag_custom_page_level_css":"","_monsterinsights_skip_tracking":false,"_monsterinsights_sitenote_active":false,"_monsterinsights_sitenote_note":"","_monsterinsights_sitenote_category":0,"jetpack_post_was_ever_published":false,"_jetpack_newsletter_access":"","_jetpack_dont_email_post_to_subs":false,"_jetpack_newsletter_tier_id":0,"_jetpack_memberships_contains_paywalled_content":false,"_jetpack_memberships_contains_paid_content":false,"footnotes":"","jetpack_publicize_message":"","jetpack_publicize_feature_enabled":true,"jetpack_social_post_already_shared":true,"jetpack_social_options":{"image_generator_settings":{"template":"highway","default_image_id":0,"font":"","enabled":false},"version":2}},"categories":[1504,851],"tags":[58],"class_list":["post-60411","post","type-post","status-publish","format-standard","has-post-thumbnail","hentry","category-comunidade","category-petrolina","tag-petrolina"],"jetpack_publicize_connections":[],"jetpack_featured_media_url":"https:\/\/blogopara.com.br\/wp-content\/uploads\/2023\/12\/Captura-de-tela-2023-12-21-020537.png","uagb_featured_image_src":{"full":["https:\/\/blogopara.com.br\/wp-content\/uploads\/2023\/12\/Captura-de-tela-2023-12-21-020537.png",500,294,false],"thumbnail":["https:\/\/blogopara.com.br\/wp-content\/uploads\/2023\/12\/Captura-de-tela-2023-12-21-020537-150x150.png",150,150,true],"medium":["https:\/\/blogopara.com.br\/wp-content\/uploads\/2023\/12\/Captura-de-tela-2023-12-21-020537-300x176.png",300,176,true],"medium_large":["https:\/\/blogopara.com.br\/wp-content\/uploads\/2023\/12\/Captura-de-tela-2023-12-21-020537.png",500,294,false],"large":["https:\/\/blogopara.com.br\/wp-content\/uploads\/2023\/12\/Captura-de-tela-2023-12-21-020537.png",500,294,false],"1536x1536":["https:\/\/blogopara.com.br\/wp-content\/uploads\/2023\/12\/Captura-de-tela-2023-12-21-020537.png",500,294,false],"2048x2048":["https:\/\/blogopara.com.br\/wp-content\/uploads\/2023\/12\/Captura-de-tela-2023-12-21-020537.png",500,294,false],"mantranews-slider-large":["https:\/\/blogopara.com.br\/wp-content\/uploads\/2023\/12\/Captura-de-tela-2023-12-21-020537.png",500,294,false],"mantranews-featured-medium":["https:\/\/blogopara.com.br\/wp-content\/uploads\/2023\/12\/Captura-de-tela-2023-12-21-020537-420x294.png",420,294,true],"mantranews-featured-long":["https:\/\/blogopara.com.br\/wp-content\/uploads\/2023\/12\/Captura-de-tela-2023-12-21-020537-300x294.png",300,294,true],"mantranews-block-medium":["https:\/\/blogopara.com.br\/wp-content\/uploads\/2023\/12\/Captura-de-tela-2023-12-21-020537-464x290.png",464,290,true],"mantranews-carousel-image":["https:\/\/blogopara.com.br\/wp-content\/uploads\/2023\/12\/Captura-de-tela-2023-12-21-020537.png",500,294,false],"mantranews-block-thumb":["https:\/\/blogopara.com.br\/wp-content\/uploads\/2023\/12\/Captura-de-tela-2023-12-21-020537-322x230.png",322,230,true],"mantranews-single-large":["https:\/\/blogopara.com.br\/wp-content\/uploads\/2023\/12\/Captura-de-tela-2023-12-21-020537.png",500,294,false]},"uagb_author_info":{"display_name":"Reda\u00e7\u00e3o geral","author_link":"https:\/\/blogopara.com.br\/index.php\/author\/blogopara"},"uagb_comment_info":0,"uagb_excerpt":"Ap\u00f3s v\u00e1rios dias de calor, na manh\u00e3 desta quarta-feira (20), a chuva apareceu em Petrolina, Sert\u00e3o de Pernambuco. Mas, o que deveria ser motivo de al\u00edvio virou dor de cabe\u00e7a para moradores de alguns bairros da cidade. Mesmo a chuva fraca, foi suficiente para mostrar a falta de estrutura de algumas localidades. Na Avenida dos&hellip;","jetpack_sharing_enabled":true,"jetpack_likes_enabled":true,"_links":{"self":[{"href":"https:\/\/blogopara.com.br\/index.php\/wp-json\/wp\/v2\/posts\/60411","targetHints":{"allow":["GET"]}}],"collection":[{"href":"https:\/\/blogopara.com.br\/index.php\/wp-json\/wp\/v2\/posts"}],"about":[{"href":"https:\/\/blogopara.com.br\/index.php\/wp-json\/wp\/v2\/types\/post"}],"author":[{"embeddable":true,"href":"https:\/\/blogopara.com.br\/index.php\/wp-json\/wp\/v2\/users\/1"}],"replies":[{"embeddable":true,"href":"https:\/\/blogopara.com.br\/index.php\/wp-json\/wp\/v2\/comments?post=60411"}],"version-history":[{"count":1,"href":"https:\/\/blogopara.com.br\/index.php\/wp-json\/wp\/v2\/posts\/60411\/revisions"}],"predecessor-version":[{"id":60413,"href":"https:\/\/blogopara.com.br\/index.php\/wp-json\/wp\/v2\/posts\/60411\/revisions\/60413"}],"wp:featuredmedia":[{"embeddable":true,"href":"https:\/\/blogopara.com.br\/index.php\/wp-json\/wp\/v2\/media\/60412"}],"wp:attachment":[{"href":"https:\/\/blogopara.com.br\/index.php\/wp-json\/wp\/v2\/media?parent=60411"}],"wp:term":[{"taxonomy":"category","embeddable":true,"href":"https:\/\/blogopara.com.br\/index.php\/wp-json\/wp\/v2\/categories?post=60411"},{"taxonomy":"post_tag","embeddable":true,"href":"https:\/\/blogopara.com.br\/index.php\/wp-json\/wp\/v2\/tags?post=60411"}],"curies":[{"name":"wp","href":"https:\/\/api.w.org\/{rel}","templated":true}]}}