{"id":6043,"date":"2019-12-28T13:28:00","date_gmt":"2019-12-28T16:28:00","guid":{"rendered":"http:\/\/blogopara.com.br\/?p=6043"},"modified":"2019-12-28T15:38:34","modified_gmt":"2019-12-28T18:38:34","slug":"juazeiro-engenheiro-da-mineracao-caraiba-colide-veiculo-com-um-caminhao-na-ba-210","status":"publish","type":"post","link":"https:\/\/blogopara.com.br\/index.php\/2019\/12\/28\/juazeiro-engenheiro-da-mineracao-caraiba-colide-veiculo-com-um-caminhao-na-ba-210","title":{"rendered":"Juazeiro: Engenheiro da Minera\u00e7\u00e3o Cara\u00edba colide ve\u00edculo com um caminh\u00e3o na BA 210"},"content":{"rendered":"<p style=\"text-align: justify;\">\nNa noite desta sexta-feira (27) por volta das 2h manh\u00e3, a picape da Minera\u00e7\u00e3o Cara\u00edba conduzida pelo supervisor e engenheiro de minas, de prenome Guilherme, colidiu frontalmente com um caminh\u00e3o Mercedes Bens na BA 210, pr\u00f3ximo a empresa Logos Buti\u00e1, no Distrito de Itamotinga.<\/p>\n<p style=\"text-align: justify;\">Segundo informa\u00e7\u00e3o, o motorista ficou gravemente ferido foi socorrido para o Hospital Traumas, Petrolina-PE. No momento n\u00e3o se tem mais informa\u00e7\u00f5es sobre o estado do mesmo.<\/p>\n<pre>Fonte: Radiopignatari.com.br<\/pre>\n","protected":false},"excerpt":{"rendered":"<p>Na noite desta sexta-feira (27) por volta das 2h manh\u00e3, a picape da Minera\u00e7\u00e3o Cara\u00edba conduzida pelo supervisor e engenheiro de minas, de prenome Guilherme, colidiu frontalmente com um caminh\u00e3o Mercedes Bens na BA 210, pr\u00f3ximo a empresa Logos Buti\u00e1, no Distrito de Itamotinga. Segundo informa\u00e7\u00e3o, o motorista ficou gravemente ferido foi socorrido para o [&hellip;]<\/p>\n","protected":false},"author":1,"featured_media":6048,"comment_status":"open","ping_status":"open","sticky":false,"template":"","format":"standard","meta":{"_uag_custom_page_level_css":"","_monsterinsights_skip_tracking":false,"_monsterinsights_sitenote_active":false,"_monsterinsights_sitenote_note":"","_monsterinsights_sitenote_category":0,"jetpack_post_was_ever_published":false,"_jetpack_newsletter_access":"","_jetpack_dont_email_post_to_subs":false,"_jetpack_newsletter_tier_id":0,"_jetpack_memberships_contains_paywalled_content":false,"_jetpack_memberships_contains_paid_content":false,"footnotes":"","jetpack_publicize_message":"","jetpack_publicize_feature_enabled":true,"jetpack_social_post_already_shared":true,"jetpack_social_options":{"image_generator_settings":{"template":"highway","default_image_id":0,"font":"","enabled":false},"version":2}},"categories":[203],"tags":[],"class_list":["post-6043","post","type-post","status-publish","format-standard","has-post-thumbnail","hentry","category-juazeiro"],"jetpack_publicize_connections":[],"jetpack_featured_media_url":"https:\/\/blogopara.com.br\/wp-content\/uploads\/2019\/12\/Boas-Festas-Que-o-Natal-seja-festejado-em-paz-e-harmonia-e-o-Ano-Novo-recebido-com-muita-alegria.-Feliz-2020.jpg","uagb_featured_image_src":{"full":["https:\/\/blogopara.com.br\/wp-content\/uploads\/2019\/12\/Boas-Festas-Que-o-Natal-seja-festejado-em-paz-e-harmonia-e-o-Ano-Novo-recebido-com-muita-alegria.-Feliz-2020.jpg",600,600,false],"thumbnail":["https:\/\/blogopara.com.br\/wp-content\/uploads\/2019\/12\/Boas-Festas-Que-o-Natal-seja-festejado-em-paz-e-harmonia-e-o-Ano-Novo-recebido-com-muita-alegria.-Feliz-2020-150x150.jpg",150,150,true],"medium":["https:\/\/blogopara.com.br\/wp-content\/uploads\/2019\/12\/Boas-Festas-Que-o-Natal-seja-festejado-em-paz-e-harmonia-e-o-Ano-Novo-recebido-com-muita-alegria.-Feliz-2020-300x300.jpg",300,300,true],"medium_large":["https:\/\/blogopara.com.br\/wp-content\/uploads\/2019\/12\/Boas-Festas-Que-o-Natal-seja-festejado-em-paz-e-harmonia-e-o-Ano-Novo-recebido-com-muita-alegria.-Feliz-2020.jpg",600,600,false],"large":["https:\/\/blogopara.com.br\/wp-content\/uploads\/2019\/12\/Boas-Festas-Que-o-Natal-seja-festejado-em-paz-e-harmonia-e-o-Ano-Novo-recebido-com-muita-alegria.-Feliz-2020.jpg",600,600,false],"1536x1536":["https:\/\/blogopara.com.br\/wp-content\/uploads\/2019\/12\/Boas-Festas-Que-o-Natal-seja-festejado-em-paz-e-harmonia-e-o-Ano-Novo-recebido-com-muita-alegria.-Feliz-2020.jpg",600,600,false],"2048x2048":["https:\/\/blogopara.com.br\/wp-content\/uploads\/2019\/12\/Boas-Festas-Que-o-Natal-seja-festejado-em-paz-e-harmonia-e-o-Ano-Novo-recebido-com-muita-alegria.-Feliz-2020.jpg",600,600,false],"mantranews-slider-large":["https:\/\/blogopara.com.br\/wp-content\/uploads\/2019\/12\/Boas-Festas-Que-o-Natal-seja-festejado-em-paz-e-harmonia-e-o-Ano-Novo-recebido-com-muita-alegria.-Feliz-2020.jpg",600,600,false],"mantranews-featured-medium":["https:\/\/blogopara.com.br\/wp-content\/uploads\/2019\/12\/Boas-Festas-Que-o-Natal-seja-festejado-em-paz-e-harmonia-e-o-Ano-Novo-recebido-com-muita-alegria.-Feliz-2020.jpg",307,307,false],"mantranews-featured-long":["https:\/\/blogopara.com.br\/wp-content\/uploads\/2019\/12\/Boas-Festas-Que-o-Natal-seja-festejado-em-paz-e-harmonia-e-o-Ano-Novo-recebido-com-muita-alegria.-Feliz-2020.jpg",300,300,false],"mantranews-block-medium":["https:\/\/blogopara.com.br\/wp-content\/uploads\/2019\/12\/Boas-Festas-Que-o-Natal-seja-festejado-em-paz-e-harmonia-e-o-Ano-Novo-recebido-com-muita-alegria.-Feliz-2020.jpg",290,290,false],"mantranews-carousel-image":["https:\/\/blogopara.com.br\/wp-content\/uploads\/2019\/12\/Boas-Festas-Que-o-Natal-seja-festejado-em-paz-e-harmonia-e-o-Ano-Novo-recebido-com-muita-alegria.-Feliz-2020.jpg",500,500,false],"mantranews-block-thumb":["https:\/\/blogopara.com.br\/wp-content\/uploads\/2019\/12\/Boas-Festas-Que-o-Natal-seja-festejado-em-paz-e-harmonia-e-o-Ano-Novo-recebido-com-muita-alegria.-Feliz-2020.jpg",230,230,false],"mantranews-single-large":["https:\/\/blogopara.com.br\/wp-content\/uploads\/2019\/12\/Boas-Festas-Que-o-Natal-seja-festejado-em-paz-e-harmonia-e-o-Ano-Novo-recebido-com-muita-alegria.-Feliz-2020.jpg",600,600,false]},"uagb_author_info":{"display_name":"Reda\u00e7\u00e3o geral","author_link":"https:\/\/blogopara.com.br\/index.php\/author\/blogopara"},"uagb_comment_info":0,"uagb_excerpt":"Na noite desta sexta-feira (27) por volta das 2h manh\u00e3, a picape da Minera\u00e7\u00e3o Cara\u00edba conduzida pelo supervisor e engenheiro de minas, de prenome Guilherme, colidiu frontalmente com um caminh\u00e3o Mercedes Bens na BA 210, pr\u00f3ximo a empresa Logos Buti\u00e1, no Distrito de Itamotinga. Segundo informa\u00e7\u00e3o, o motorista ficou gravemente ferido foi socorrido para o&hellip;","jetpack_sharing_enabled":true,"jetpack_likes_enabled":true,"_links":{"self":[{"href":"https:\/\/blogopara.com.br\/index.php\/wp-json\/wp\/v2\/posts\/6043","targetHints":{"allow":["GET"]}}],"collection":[{"href":"https:\/\/blogopara.com.br\/index.php\/wp-json\/wp\/v2\/posts"}],"about":[{"href":"https:\/\/blogopara.com.br\/index.php\/wp-json\/wp\/v2\/types\/post"}],"author":[{"embeddable":true,"href":"https:\/\/blogopara.com.br\/index.php\/wp-json\/wp\/v2\/users\/1"}],"replies":[{"embeddable":true,"href":"https:\/\/blogopara.com.br\/index.php\/wp-json\/wp\/v2\/comments?post=6043"}],"version-history":[{"count":3,"href":"https:\/\/blogopara.com.br\/index.php\/wp-json\/wp\/v2\/posts\/6043\/revisions"}],"predecessor-version":[{"id":6060,"href":"https:\/\/blogopara.com.br\/index.php\/wp-json\/wp\/v2\/posts\/6043\/revisions\/6060"}],"wp:featuredmedia":[{"embeddable":true,"href":"https:\/\/blogopara.com.br\/index.php\/wp-json\/wp\/v2\/media\/6048"}],"wp:attachment":[{"href":"https:\/\/blogopara.com.br\/index.php\/wp-json\/wp\/v2\/media?parent=6043"}],"wp:term":[{"taxonomy":"category","embeddable":true,"href":"https:\/\/blogopara.com.br\/index.php\/wp-json\/wp\/v2\/categories?post=6043"},{"taxonomy":"post_tag","embeddable":true,"href":"https:\/\/blogopara.com.br\/index.php\/wp-json\/wp\/v2\/tags?post=6043"}],"curies":[{"name":"wp","href":"https:\/\/api.w.org\/{rel}","templated":true}]}}