{"id":60469,"date":"2023-12-23T18:52:00","date_gmt":"2023-12-23T21:52:00","guid":{"rendered":"https:\/\/blogopara.com.br\/?p=60469"},"modified":"2023-12-23T17:52:46","modified_gmt":"2023-12-23T20:52:46","slug":"comunidade-de-barauna-dos-cabacas-recebe-ultima-edicao-do-ano-do-aps-itinerante","status":"publish","type":"post","link":"https:\/\/blogopara.com.br\/index.php\/2023\/12\/23\/comunidade-de-barauna-dos-cabacas-recebe-ultima-edicao-do-ano-do-aps-itinerante","title":{"rendered":"Comunidade de Bara\u00fana dos Caba\u00e7as recebe \u00faltima edi\u00e7\u00e3o do ano do APS Itinerante"},"content":{"rendered":"<div style=\"text-align: justify;\">A Prefeitura de Juazeiro, atrav\u00e9s da Secretaria de Sa\u00fade (Sesau), realizou a \u00faltima edi\u00e7\u00e3o do ano do projeto \u2018APS Itinerante\u2019 (Aten\u00e7\u00e3o Prim\u00e1ria \u00e0 Sa\u00fade) na comunidade de Bara\u00fana das Caba\u00e7as, localizada no distrito de Itamotinga, nesta quarta-feira (20). A a\u00e7\u00e3o levou para a popula\u00e7\u00e3o diversos servi\u00e7os de sa\u00fade como: consultas com Cl\u00ednico Geral, Endocrinologista, Gastroenterologista, exame de eletrocardiograma, vacina\u00e7\u00e3o, ventosaterapia, auriculoterapia, libera\u00e7\u00e3o miofascial, aferi\u00e7\u00e3o de press\u00e3o arterial e glicemia.<br aria-hidden=\"true\" \/><br aria-hidden=\"true\" \/>A prefeita Suzana Ramos ressaltou a miss\u00e3o da gest\u00e3o em ofertar cada vez mais servi\u00e7os para a popula\u00e7\u00e3o. \u201cRealizamos esse ano 13 edi\u00e7\u00f5es do APS Itinerante em 12 comunidades diferentes da sede e interior do munic\u00edpio levando mais sa\u00fade e dignidade para a popula\u00e7\u00e3o\u201d, enfatizou.<br aria-hidden=\"true\" \/><br aria-hidden=\"true\" \/>Na comunidade de Bara\u00fana foram contabilizados cerca de 100 atendimentos, e nas treze edi\u00e7\u00f5es foram quase 1.900 atendimentos. As comunidades contempladas foram Junco, Argemiro, Itaberaba, Santo Ant\u00f4nio, Mani\u00e7oba I, Massaroca, Mandacaru I, Alto Da Maravilha, Praia do Rodeadouro, Maring\u00e1, Periquito e Bara\u00fana dos Caba\u00e7as, interior de Itamotinga.<br aria-hidden=\"true\" \/><br aria-hidden=\"true\" \/>A Secret\u00e1ria de Sa\u00fade, Ana L\u00facia Alves, participou da a\u00e7\u00e3o e afirmou que no pr\u00f3ximo ano mais a\u00e7\u00f5es ser\u00e3o realizadas para reduzir a demanda reprimida nas \u00e1reas cobertas pela aten\u00e7\u00e3o b\u00e1sica de sa\u00fade. \u201cFinalizamos o ano com uma cobertura maior de exames e consultas especializadas ao realizarmos os mutir\u00f5es de sa\u00fade, e a prefeita Suzana Ramos j\u00e1 orientou para que mais a\u00e7\u00f5es sejam programadas para 2024 com ainda mais servi\u00e7os\u201d, enfatizou.<\/div>\n<div style=\"text-align: justify;\"><br aria-hidden=\"true\" \/><b>Aprova\u00e7\u00e3o<\/b><\/div>\n<div style=\"text-align: justify;\"><br aria-hidden=\"true\" \/>A moradora da comunidade de Bara\u00fana, Heloisa Rodrigues Varj\u00e3o realizou o exame de eletrocardiograma e disse estar satisfeita com o atendimento. \u201cVim fazer o eletro e j\u00e1 mostrar ao cl\u00ednico, isso facilita muito pra gente fazer esses exames sem ter que ir na sede do munic\u00edpio\u201d, disse.<br aria-hidden=\"true\" \/><br aria-hidden=\"true\" \/>O comunit\u00e1rio Nelson de Carvalho Dias Filho tamb\u00e9m fez o eletro e se consultou com o gastroenterologista. \u201cQuando precisamos dessas consultas e exames, que n\u00e3o fazem parte do atendimento das unidades de sa\u00fade, \u00e0s vezes demora, al\u00e9m de ter o deslocamento. Aqui ficou bem mais f\u00e1cil\u201d, opinou.<br aria-hidden=\"true\" \/><br aria-hidden=\"true\" \/><b>Outros programas<\/b><\/div>\n<div style=\"text-align: justify;\"><br aria-hidden=\"true\" \/>Em 2023 outros programas se destacaram na oferta de servi\u00e7os \u00e0 popula\u00e7\u00e3o. O Sa\u00fade em Movimento, criado desde o in\u00edcio da gest\u00e3o e que tem um formato mais amplo de servi\u00e7os de sa\u00fade, j\u00e1 realizou cerca de 2.500 atendimentos. Outro programa que tamb\u00e9m ampliou o acesso dos servi\u00e7os de sa\u00fade \u00e0 popula\u00e7\u00e3o foi o Laborat\u00f3rio Itinerante que contabilizou mais de 58 mil exames de cerca de 5.300 pacientes.<br aria-hidden=\"true\" \/><br aria-hidden=\"true\" \/>&#8212;<br aria-hidden=\"true\" \/><i>Texto: Iana Lima \u2013 Ascom Sesau\/PMJ.<\/i><\/div>\n","protected":false},"excerpt":{"rendered":"<p>A Prefeitura de Juazeiro, atrav\u00e9s da Secretaria de Sa\u00fade (Sesau), realizou a \u00faltima edi\u00e7\u00e3o do ano do projeto \u2018APS Itinerante\u2019 (Aten\u00e7\u00e3o Prim\u00e1ria \u00e0 Sa\u00fade) na comunidade de Bara\u00fana das Caba\u00e7as, localizada no distrito de Itamotinga, nesta quarta-feira (20). A a\u00e7\u00e3o levou para a popula\u00e7\u00e3o diversos servi\u00e7os de sa\u00fade como: consultas com Cl\u00ednico Geral, Endocrinologista, Gastroenterologista, [&hellip;]<\/p>\n","protected":false},"author":1,"featured_media":60470,"comment_status":"closed","ping_status":"open","sticky":false,"template":"","format":"standard","meta":{"_uag_custom_page_level_css":"","_monsterinsights_skip_tracking":false,"_monsterinsights_sitenote_active":false,"_monsterinsights_sitenote_note":"","_monsterinsights_sitenote_category":0,"jetpack_post_was_ever_published":false,"_jetpack_newsletter_access":"","_jetpack_dont_email_post_to_subs":false,"_jetpack_newsletter_tier_id":0,"_jetpack_memberships_contains_paywalled_content":false,"_jetpack_memberships_contains_paid_content":false,"footnotes":"","jetpack_publicize_message":"","jetpack_publicize_feature_enabled":true,"jetpack_social_post_already_shared":true,"jetpack_social_options":{"image_generator_settings":{"template":"highway","default_image_id":0,"font":"","enabled":false},"version":2}},"categories":[203],"tags":[],"class_list":["post-60469","post","type-post","status-publish","format-standard","has-post-thumbnail","hentry","category-juazeiro"],"jetpack_publicize_connections":[],"jetpack_featured_media_url":"https:\/\/blogopara.com.br\/wp-content\/uploads\/2023\/12\/thumbnail_WhatsApp-Image-2023-12-20-at-15.34.06-1.jpg","uagb_featured_image_src":{"full":["https:\/\/blogopara.com.br\/wp-content\/uploads\/2023\/12\/thumbnail_WhatsApp-Image-2023-12-20-at-15.34.06-1.jpg",500,281,false],"thumbnail":["https:\/\/blogopara.com.br\/wp-content\/uploads\/2023\/12\/thumbnail_WhatsApp-Image-2023-12-20-at-15.34.06-1-150x150.jpg",150,150,true],"medium":["https:\/\/blogopara.com.br\/wp-content\/uploads\/2023\/12\/thumbnail_WhatsApp-Image-2023-12-20-at-15.34.06-1-300x169.jpg",300,169,true],"medium_large":["https:\/\/blogopara.com.br\/wp-content\/uploads\/2023\/12\/thumbnail_WhatsApp-Image-2023-12-20-at-15.34.06-1.jpg",500,281,false],"large":["https:\/\/blogopara.com.br\/wp-content\/uploads\/2023\/12\/thumbnail_WhatsApp-Image-2023-12-20-at-15.34.06-1.jpg",500,281,false],"1536x1536":["https:\/\/blogopara.com.br\/wp-content\/uploads\/2023\/12\/thumbnail_WhatsApp-Image-2023-12-20-at-15.34.06-1.jpg",500,281,false],"2048x2048":["https:\/\/blogopara.com.br\/wp-content\/uploads\/2023\/12\/thumbnail_WhatsApp-Image-2023-12-20-at-15.34.06-1.jpg",500,281,false],"mantranews-slider-large":["https:\/\/blogopara.com.br\/wp-content\/uploads\/2023\/12\/thumbnail_WhatsApp-Image-2023-12-20-at-15.34.06-1.jpg",500,281,false],"mantranews-featured-medium":["https:\/\/blogopara.com.br\/wp-content\/uploads\/2023\/12\/thumbnail_WhatsApp-Image-2023-12-20-at-15.34.06-1-420x281.jpg",420,281,true],"mantranews-featured-long":["https:\/\/blogopara.com.br\/wp-content\/uploads\/2023\/12\/thumbnail_WhatsApp-Image-2023-12-20-at-15.34.06-1-300x281.jpg",300,281,true],"mantranews-block-medium":["https:\/\/blogopara.com.br\/wp-content\/uploads\/2023\/12\/thumbnail_WhatsApp-Image-2023-12-20-at-15.34.06-1-464x281.jpg",464,281,true],"mantranews-carousel-image":["https:\/\/blogopara.com.br\/wp-content\/uploads\/2023\/12\/thumbnail_WhatsApp-Image-2023-12-20-at-15.34.06-1.jpg",500,281,false],"mantranews-block-thumb":["https:\/\/blogopara.com.br\/wp-content\/uploads\/2023\/12\/thumbnail_WhatsApp-Image-2023-12-20-at-15.34.06-1-322x230.jpg",322,230,true],"mantranews-single-large":["https:\/\/blogopara.com.br\/wp-content\/uploads\/2023\/12\/thumbnail_WhatsApp-Image-2023-12-20-at-15.34.06-1.jpg",500,281,false]},"uagb_author_info":{"display_name":"Reda\u00e7\u00e3o geral","author_link":"https:\/\/blogopara.com.br\/index.php\/author\/blogopara"},"uagb_comment_info":0,"uagb_excerpt":"A Prefeitura de Juazeiro, atrav\u00e9s da Secretaria de Sa\u00fade (Sesau), realizou a \u00faltima edi\u00e7\u00e3o do ano do projeto \u2018APS Itinerante\u2019 (Aten\u00e7\u00e3o Prim\u00e1ria \u00e0 Sa\u00fade) na comunidade de Bara\u00fana das Caba\u00e7as, localizada no distrito de Itamotinga, nesta quarta-feira (20). A a\u00e7\u00e3o levou para a popula\u00e7\u00e3o diversos servi\u00e7os de sa\u00fade como: consultas com Cl\u00ednico Geral, Endocrinologista, Gastroenterologista,&hellip;","jetpack_sharing_enabled":true,"jetpack_likes_enabled":true,"_links":{"self":[{"href":"https:\/\/blogopara.com.br\/index.php\/wp-json\/wp\/v2\/posts\/60469","targetHints":{"allow":["GET"]}}],"collection":[{"href":"https:\/\/blogopara.com.br\/index.php\/wp-json\/wp\/v2\/posts"}],"about":[{"href":"https:\/\/blogopara.com.br\/index.php\/wp-json\/wp\/v2\/types\/post"}],"author":[{"embeddable":true,"href":"https:\/\/blogopara.com.br\/index.php\/wp-json\/wp\/v2\/users\/1"}],"replies":[{"embeddable":true,"href":"https:\/\/blogopara.com.br\/index.php\/wp-json\/wp\/v2\/comments?post=60469"}],"version-history":[{"count":1,"href":"https:\/\/blogopara.com.br\/index.php\/wp-json\/wp\/v2\/posts\/60469\/revisions"}],"predecessor-version":[{"id":60471,"href":"https:\/\/blogopara.com.br\/index.php\/wp-json\/wp\/v2\/posts\/60469\/revisions\/60471"}],"wp:featuredmedia":[{"embeddable":true,"href":"https:\/\/blogopara.com.br\/index.php\/wp-json\/wp\/v2\/media\/60470"}],"wp:attachment":[{"href":"https:\/\/blogopara.com.br\/index.php\/wp-json\/wp\/v2\/media?parent=60469"}],"wp:term":[{"taxonomy":"category","embeddable":true,"href":"https:\/\/blogopara.com.br\/index.php\/wp-json\/wp\/v2\/categories?post=60469"},{"taxonomy":"post_tag","embeddable":true,"href":"https:\/\/blogopara.com.br\/index.php\/wp-json\/wp\/v2\/tags?post=60469"}],"curies":[{"name":"wp","href":"https:\/\/api.w.org\/{rel}","templated":true}]}}