{"id":60520,"date":"2023-12-25T09:44:00","date_gmt":"2023-12-25T12:44:00","guid":{"rendered":"https:\/\/blogopara.com.br\/?p=60520"},"modified":"2023-12-24T17:57:24","modified_gmt":"2023-12-24T20:57:24","slug":"advogada-foi-morta-na-frente-da-filha-e-do-marido-em-vila-de-abrantes","status":"publish","type":"post","link":"https:\/\/blogopara.com.br\/index.php\/2023\/12\/25\/advogada-foi-morta-na-frente-da-filha-e-do-marido-em-vila-de-abrantes","title":{"rendered":"Advogada foi morta na frente da filha e do marido em Vila de Abrantes"},"content":{"rendered":"<div class=\"mdc-layout-grid__cell mdc-layout-grid__cell--span-6-desktop mdc-layout-grid__cell--span-8-tablet comp paragrafo cXenseParse\">\n<p style=\"text-align: justify;\">A advogada\u00a0Cristiana de Queiroz Andrade, de 45 anos,\u00a0<a class=\"link\" href=\"https:\/\/correio24horas.com.br\/minha-bahia\/advogada-e-morta-a-tiros-em-vila-de-abrantes-1223\" target=\"_blank\" rel=\"noopener\">morta ao retornar de um shopping em Vila de Abrantes na noite de sexta-feira (22)<\/a>, foi assassinada na frente da filha mais velha, do esposo e de uma cunhada. \u00c9 o que revelou uma prima da v\u00edtima que estava\u00a0<a class=\"link\" href=\"https:\/\/www.correio24horas.com.br\/minha-bahia\/familiares-e-amigos-se-despedem-de-advogada-assassinada-ao-retornar-para-casa-em-vila-de-abrantes-1223\" target=\"_blank\" rel=\"noopener\">presente no vel\u00f3rio e enterro, realizados na manh\u00e3 deste domingo (24)<\/a>, no Cemit\u00e9rio Municipal de Brotas.<\/p>\n<\/div>\n<div class=\"mdc-layout-grid__cell mdc-layout-grid__cell--span-6-desktop mdc-layout-grid__cell--span-8-tablet comp paragrafo cXenseParse\" style=\"text-align: justify;\">\n<p>De acordo com parentes, Cristiana retornava de um shopping com a fam\u00edlia onde faziam as compras de Natal, por volta das 21h, quando n\u00e3o conseguiu acionar um motorista por aplicativo. Ela e os familiares resolveram voltar a p\u00e9, quando foram abordados por dois homens em uma moto. &#8220;Sa\u00edram todos correndo. Foi fora do shopping, j\u00e1 pra ir pra casa dela, porque ela mora perto&#8221;, disse a prima, que preferiu n\u00e3o se identificar. A mulher n\u00e3o soube informar se algum pertence dela ou dos familiares foi levado pelos bandidos.<\/p>\n<\/div>\n<div class=\"mdc-layout-grid__cell mdc-layout-grid__cell--span-6-desktop mdc-layout-grid__cell--span-8-tablet comp paragrafo cXenseParse\" style=\"text-align: justify;\">\n<p>A dor da perda se misturou \u00e0 indigna\u00e7\u00e3o pela forma como a advogada foi morta.\u00a0&#8220;Era uma pessoa boa, n\u00e3o tinha confus\u00e3o com ningu\u00e9m&#8221;, repetiram amigos, familiares e colegas de profiss\u00e3o.\u00a0Uma amiga da v\u00edtima, que n\u00e3o quis se identificar, relatou que Cristiana n\u00e3o se envolvia em confus\u00f5es, brigas, ou desentendimentos.<\/p>\n<\/div>\n<div class=\"mdc-layout-grid__cell mdc-layout-grid__cell--span-6-desktop mdc-layout-grid__cell--span-8-tablet comp paragrafo cXenseParse\" style=\"text-align: justify;\">\n<p>&#8220;Conhe\u00e7o ela h\u00e1 5 anos e, desde ent\u00e3o, a gente se falava sempre que podia. Uma boa advogada, um car\u00e1ter \u00edntegro. Vivia para cuidar dos filhos e ficar com o marido. Cris era uma pessoa muito boa e estava sempre disposta a ajudar a todos que precisavam dos servi\u00e7os dela&#8221;, disse a amiga.<\/p>\n<\/div>\n<div class=\"mdc-layout-grid__cell mdc-layout-grid__cell--span-6-desktop mdc-layout-grid__cell--span-8-tablet comp paragrafo cXenseParse\" style=\"text-align: justify;\">\n<p>Uma das filhas de Cristiana &#8211; ela deixou tamb\u00e9m mais dois filhos, um menino e outra menina &#8211; falou um pouco durante o vel\u00f3rio sobre a m\u00e3e. Segundo a jovem, a advogada gostava de fazer strogonoff para a fam\u00edlia, assistia s\u00e9ries com as filhas, al\u00e9m de sempre ensin\u00e1-las sobre seguir o caminho correto da vida. &#8220;Ela queria que a gente aproveitasse cada momento da vida. Seu esp\u00edrito, suas risadas, piadas estar\u00e3o sempre em nossos cora\u00e7\u00f5es. Voc\u00ea sempre foi e sempre ser\u00e1 a maior parte das nossas vidas&#8221;, desabafou.<\/p>\n<\/div>\n<div class=\"mdc-layout-grid__cell mdc-layout-grid__cell--span-6-desktop mdc-layout-grid__cell--span-8-tablet comp paragrafo cXenseParse\" style=\"text-align: justify;\">\n<p>O marido de Cristiana tamb\u00e9m falou durante o vel\u00f3rio. &#8220;Vou acordar sem tomar caf\u00e9 com ela, sem discutir os assuntos, sem um beijo&#8221;, lamentou.<\/p>\n<\/div>\n<div class=\"mdc-layout-grid__cell mdc-layout-grid__cell--span-6-desktop mdc-layout-grid__cell--span-8-tablet comp paragrafo cXenseParse\" style=\"text-align: justify;\">\n<p>A sogra de Cristiana, que preferiu n\u00e3o se identificar, comentou sobre ter ficado surpresa com a partida repentina da nora, que entrou na fam\u00edlia h\u00e1 cerca de 4 anos. &#8220;\u00c9 muito bom quando a gente recebe uma nora como filha. Ela tinha duas meninas e um menino do outro casamento. Cris me tratava muito bem como sogra. J\u00e1 como m\u00e3e, ela vivia muito por eles, educava, era dedicada aos tr\u00eas. N\u00e3o se envolvia em brigas, muito tranquila, amorosa, eu estou arrasada&#8221;, contou.<\/p>\n<\/div>\n<div class=\"mdc-layout-grid__cell mdc-layout-grid__cell--span-6-desktop mdc-layout-grid__cell--span-8-tablet comp paragrafo cXenseParse\" style=\"text-align: justify;\">\n<p><b>Questionamentos sobre a motiva\u00e7\u00e3o<\/b><\/p>\n<\/div>\n<div class=\"mdc-layout-grid__cell mdc-layout-grid__cell--span-6-desktop mdc-layout-grid__cell--span-8-tablet comp paragrafo cXenseParse\" style=\"text-align: justify;\">\n<p>Um parente, que da v\u00edtima pediu para n\u00e3o ser identificado, falou da suspeita de um poss\u00edvel cliente que pode ter mandado assassinar a advogada por motivos profissionais.<\/p>\n<\/div>\n<div class=\"mdc-layout-grid__cell mdc-layout-grid__cell--span-6-desktop mdc-layout-grid__cell--span-8-tablet comp paragrafo cXenseParse\" style=\"text-align: justify;\">\n<p>&#8220;N\u00e3o posso afirmar completamente, mas ela tamb\u00e9m trabalhava com direito criminal, ent\u00e3o a minha suspeita seria essa. Pelo o que entendi, n\u00e3o levaram nada dela, nem celular, nem bolsa, s\u00f3 apareceram para matar&#8221;, revelou.<\/p>\n<\/div>\n<div class=\"mdc-layout-grid__cell mdc-layout-grid__cell--span-6-desktop mdc-layout-grid__cell--span-8-tablet comp paragrafo cXenseParse\" style=\"text-align: justify;\">\n<p>J\u00e1 a prima disse que\u00a0ningu\u00e9m sabe a real motiva\u00e7\u00e3o. Ela, no entanto, falou que n\u00e3o h\u00e1 desconfian\u00e7as de que o crime esteja relacionado ao trabalho.<\/p>\n<\/div>\n<div class=\"mdc-layout-grid__cell mdc-layout-grid__cell--span-6-desktop mdc-layout-grid__cell--span-8-tablet comp paragrafo cXenseParse\" style=\"text-align: justify;\">\n<p>Formada em Direito pela Faculdade Maur\u00edcio de Nassau em 2012, Cristiana era especialista em direito do trabalho e previdenci\u00e1rio, assessora jur\u00eddica para empresas e analista em advocacia extrajudicial.<\/p>\n<\/div>\n<div class=\"mdc-layout-grid__cell mdc-layout-grid__cell--span-6-desktop mdc-layout-grid__cell--span-8-tablet comp paragrafo cXenseParse\">\n<p style=\"text-align: justify;\">No site que est\u00e1 dispon\u00edvel no Instagram de Cristiana, \u00e9 poss\u00edvel ver que o escrit\u00f3rio da advogada trabalhava com Direito C\u00edvel, Criminal, Previdenci\u00e1rio, Consumidor, Tribut\u00e1rio e Trabalhista.<\/p>\n<div class=\"mdc-layout-grid__cell mdc-layout-grid__cell--span-6-desktop mdc-layout-grid__cell--span-8-tablet comp paragrafo cXenseParse\" style=\"text-align: justify;\">\n<p>Sobre a profissional, ela era analista Master em Licita\u00e7\u00f5es, Especialista em Direito do consumidor, com \u00eanfase em Planos de Sa\u00fade e analise em Advocacia Extrajudicial.<\/p>\n<\/div>\n<div class=\"mdc-layout-grid__cell mdc-layout-grid__cell--span-6-desktop mdc-layout-grid__cell--span-8-tablet comp media-embed \" style=\"text-align: justify;\"><\/div>\n<\/div>\n","protected":false},"excerpt":{"rendered":"<p>A advogada\u00a0Cristiana de Queiroz Andrade, de 45 anos,\u00a0morta ao retornar de um shopping em Vila de Abrantes na noite de sexta-feira (22), foi assassinada na frente da filha mais velha, do esposo e de uma cunhada. \u00c9 o que revelou uma prima da v\u00edtima que estava\u00a0presente no vel\u00f3rio e enterro, realizados na manh\u00e3 deste domingo [&hellip;]<\/p>\n","protected":false},"author":1,"featured_media":60521,"comment_status":"closed","ping_status":"open","sticky":false,"template":"","format":"standard","meta":{"_uag_custom_page_level_css":"","_monsterinsights_skip_tracking":false,"_monsterinsights_sitenote_active":false,"_monsterinsights_sitenote_note":"","_monsterinsights_sitenote_category":0,"jetpack_post_was_ever_published":false,"_jetpack_newsletter_access":"","_jetpack_dont_email_post_to_subs":false,"_jetpack_newsletter_tier_id":0,"_jetpack_memberships_contains_paywalled_content":false,"_jetpack_memberships_contains_paid_content":false,"footnotes":"","jetpack_publicize_message":"","jetpack_publicize_feature_enabled":true,"jetpack_social_post_already_shared":true,"jetpack_social_options":{"image_generator_settings":{"template":"highway","default_image_id":0,"font":"","enabled":false},"version":2}},"categories":[199],"tags":[10136,4889,74],"class_list":["post-60520","post","type-post","status-publish","format-standard","has-post-thumbnail","hentry","category-bahia","tag-pt-da-bahia","tag-ssp-ba","tag-violencia"],"jetpack_publicize_connections":[],"jetpack_featured_media_url":"https:\/\/blogopara.com.br\/wp-content\/uploads\/2023\/12\/cristiana-queiroz-advogada-assassinada-em-camacari-1963658-article.jpg","uagb_featured_image_src":{"full":["https:\/\/blogopara.com.br\/wp-content\/uploads\/2023\/12\/cristiana-queiroz-advogada-assassinada-em-camacari-1963658-article.jpg",500,260,false],"thumbnail":["https:\/\/blogopara.com.br\/wp-content\/uploads\/2023\/12\/cristiana-queiroz-advogada-assassinada-em-camacari-1963658-article-150x150.jpg",150,150,true],"medium":["https:\/\/blogopara.com.br\/wp-content\/uploads\/2023\/12\/cristiana-queiroz-advogada-assassinada-em-camacari-1963658-article-300x156.jpg",300,156,true],"medium_large":["https:\/\/blogopara.com.br\/wp-content\/uploads\/2023\/12\/cristiana-queiroz-advogada-assassinada-em-camacari-1963658-article.jpg",500,260,false],"large":["https:\/\/blogopara.com.br\/wp-content\/uploads\/2023\/12\/cristiana-queiroz-advogada-assassinada-em-camacari-1963658-article.jpg",500,260,false],"1536x1536":["https:\/\/blogopara.com.br\/wp-content\/uploads\/2023\/12\/cristiana-queiroz-advogada-assassinada-em-camacari-1963658-article.jpg",500,260,false],"2048x2048":["https:\/\/blogopara.com.br\/wp-content\/uploads\/2023\/12\/cristiana-queiroz-advogada-assassinada-em-camacari-1963658-article.jpg",500,260,false],"mantranews-slider-large":["https:\/\/blogopara.com.br\/wp-content\/uploads\/2023\/12\/cristiana-queiroz-advogada-assassinada-em-camacari-1963658-article.jpg",500,260,false],"mantranews-featured-medium":["https:\/\/blogopara.com.br\/wp-content\/uploads\/2023\/12\/cristiana-queiroz-advogada-assassinada-em-camacari-1963658-article-420x260.jpg",420,260,true],"mantranews-featured-long":["https:\/\/blogopara.com.br\/wp-content\/uploads\/2023\/12\/cristiana-queiroz-advogada-assassinada-em-camacari-1963658-article-300x260.jpg",300,260,true],"mantranews-block-medium":["https:\/\/blogopara.com.br\/wp-content\/uploads\/2023\/12\/cristiana-queiroz-advogada-assassinada-em-camacari-1963658-article-464x260.jpg",464,260,true],"mantranews-carousel-image":["https:\/\/blogopara.com.br\/wp-content\/uploads\/2023\/12\/cristiana-queiroz-advogada-assassinada-em-camacari-1963658-article.jpg",500,260,false],"mantranews-block-thumb":["https:\/\/blogopara.com.br\/wp-content\/uploads\/2023\/12\/cristiana-queiroz-advogada-assassinada-em-camacari-1963658-article-322x230.jpg",322,230,true],"mantranews-single-large":["https:\/\/blogopara.com.br\/wp-content\/uploads\/2023\/12\/cristiana-queiroz-advogada-assassinada-em-camacari-1963658-article.jpg",500,260,false]},"uagb_author_info":{"display_name":"Reda\u00e7\u00e3o geral","author_link":"https:\/\/blogopara.com.br\/index.php\/author\/blogopara"},"uagb_comment_info":0,"uagb_excerpt":"A advogada\u00a0Cristiana de Queiroz Andrade, de 45 anos,\u00a0morta ao retornar de um shopping em Vila de Abrantes na noite de sexta-feira (22), foi assassinada na frente da filha mais velha, do esposo e de uma cunhada. \u00c9 o que revelou uma prima da v\u00edtima que estava\u00a0presente no vel\u00f3rio e enterro, realizados na manh\u00e3 deste domingo&hellip;","jetpack_sharing_enabled":true,"jetpack_likes_enabled":true,"_links":{"self":[{"href":"https:\/\/blogopara.com.br\/index.php\/wp-json\/wp\/v2\/posts\/60520","targetHints":{"allow":["GET"]}}],"collection":[{"href":"https:\/\/blogopara.com.br\/index.php\/wp-json\/wp\/v2\/posts"}],"about":[{"href":"https:\/\/blogopara.com.br\/index.php\/wp-json\/wp\/v2\/types\/post"}],"author":[{"embeddable":true,"href":"https:\/\/blogopara.com.br\/index.php\/wp-json\/wp\/v2\/users\/1"}],"replies":[{"embeddable":true,"href":"https:\/\/blogopara.com.br\/index.php\/wp-json\/wp\/v2\/comments?post=60520"}],"version-history":[{"count":1,"href":"https:\/\/blogopara.com.br\/index.php\/wp-json\/wp\/v2\/posts\/60520\/revisions"}],"predecessor-version":[{"id":60522,"href":"https:\/\/blogopara.com.br\/index.php\/wp-json\/wp\/v2\/posts\/60520\/revisions\/60522"}],"wp:featuredmedia":[{"embeddable":true,"href":"https:\/\/blogopara.com.br\/index.php\/wp-json\/wp\/v2\/media\/60521"}],"wp:attachment":[{"href":"https:\/\/blogopara.com.br\/index.php\/wp-json\/wp\/v2\/media?parent=60520"}],"wp:term":[{"taxonomy":"category","embeddable":true,"href":"https:\/\/blogopara.com.br\/index.php\/wp-json\/wp\/v2\/categories?post=60520"},{"taxonomy":"post_tag","embeddable":true,"href":"https:\/\/blogopara.com.br\/index.php\/wp-json\/wp\/v2\/tags?post=60520"}],"curies":[{"name":"wp","href":"https:\/\/api.w.org\/{rel}","templated":true}]}}