{"id":60534,"date":"2023-12-25T17:15:00","date_gmt":"2023-12-25T20:15:00","guid":{"rendered":"https:\/\/blogopara.com.br\/?p=60534"},"modified":"2023-12-25T09:21:10","modified_gmt":"2023-12-25T12:21:10","slug":"historia-do-natal-origem-significado-e-simbolos","status":"publish","type":"post","link":"https:\/\/blogopara.com.br\/index.php\/2023\/12\/25\/historia-do-natal-origem-significado-e-simbolos","title":{"rendered":"Hist\u00f3ria do Natal: origem, significado e s\u00edmbolos"},"content":{"rendered":"<p style=\"text-align: justify;\">O\u00a0Natal\u00a0\u00e9 uma das mais importantes datas festivas do cristianismo, sendo celebrado anualmente no dia\u00a025 de dezembro. Nessa festa \u00e9 comemorado o\u00a0nascimento de Jesus Cristo, evento que aconteceu em Bel\u00e9m, na Palestina, no ano 1 d.C. Acredita-se que a comemora\u00e7\u00e3o do Natal tenha sido criada pela Igreja Cat\u00f3lica como forma de enfraquecer outras festividades pag\u00e3s.<\/p>\n<p style=\"text-align: justify;\">O Natal \u00e9 enxergado, por aqueles que n\u00e3o s\u00e3o crist\u00e3os, como uma festa que passa a mensagem de\u00a0amor ao pr\u00f3ximo\u00a0e de\u00a0uni\u00e3o. \u00c9 comum que fam\u00edlias e amigos re\u00fanam-se para a ceia de Natal, realizada geralmente na v\u00e9spera (noite do dia 24).<\/p>\n<h2 style=\"text-align: justify;\">Origem do Natal<\/h2>\n<p style=\"text-align: justify;\">Existe muito\u00a0debate sobre a origem do Natal\u00a0entre os estudiosos desse assunto. A falta de documenta\u00e7\u00e3o acaba dificultando o trabalho dos historiadores, mas com base em algumas informa\u00e7\u00f5es descobertas, foi poss\u00edvel formular algumas teorias para responder \u00e0s d\u00favidas a respeito dessa festividade.<\/p>\n<p style=\"text-align: justify;\">O que se sabe atualmente \u00e9 que o Natal, enquanto comemora\u00e7\u00e3o crist\u00e3, n\u00e3o existia at\u00e9 o final do s\u00e9culo II d.C., provavelmente at\u00e9 o final do s\u00e9culo III d.C.. Na \u00e9poca, existia uma discuss\u00e3o entre os grandes nomes do cristianismo sobre a data do nascimento de Cristo, mas nenhuma delas mencionava o dia 25 de dezembro.<\/p>\n<p style=\"text-align: justify;\">Ent\u00e3o, como o dia 25 de dezembro acabou abrigando a comemora\u00e7\u00e3o pelo nascimento de Cristo? A resposta dada pelos historiadores \u00e9 que a escolha da data, provavelmente, foi uma\u00a0rea\u00e7\u00e3o da Igreja Cat\u00f3lica contra festividades pag\u00e3s. No caso do dia 25 de dezembro, uma festa importante acontecia nessa data nos tempos do\u00a0Imp\u00e9rio Romano.<\/p>\n<p style=\"text-align: justify;\">Essa festa era uma celebra\u00e7\u00e3o ao\u00a0Sol Invenc\u00edvel\u00a0ou\u00a0Sol\u00a0Invicto, um deus romano que teve um festival criado para si em 274, por ordem do imperador Aureliano. O culto ao Sol Invenc\u00edvel acabou associando-se diretamente com o culto \u00e0 Mitra, deusa persa que era muito popular nas terras romanas, fazendo com que a celebra\u00e7\u00e3o no dia 25 de dezembro se tornasse especial.<\/p>\n<p style=\"text-align: justify;\">Os historiadores acreditam que o Natal acabou sendo estabelecido no dia 25 de dezembro para enfraquecer essa celebra\u00e7\u00e3o pag\u00e3 dos romanos. Isso porque, como mencionado, at\u00e9 o final do s\u00e9culo II, ningu\u00e9m acreditava que 25 de dezembro era o dia do nascimento de Jesus (outras datas eram estipuladas na \u00e9poca).<\/p>\n<p style=\"text-align: justify;\">Acredita-se que o 25 de dezembro foi convencionado como comemora\u00e7\u00e3o do nascimento de Cristo pelo\u00a0papa J\u00falio I, que determinou a comemora\u00e7\u00e3o do Natal nesse dia em 350. O primeiro documento escrito que consta o Natal em 25 de dezembro \u00e9 de 354.<\/p>\n<h2 style=\"text-align: justify;\">S\u00edmbolos do Natal<\/h2>\n<p style=\"text-align: justify;\">O Natal \u00e9 atualmente uma das grandes festas religiosas do Ocidente. Sua comemora\u00e7\u00e3o tem caracter\u00edsticas em comum, mas, claro, tamb\u00e9m incorpora especificidades de regi\u00e3o para regi\u00e3o. Os s\u00edmbolos natalinos s\u00e3o parte importante da tradi\u00e7\u00e3o natalina e possuem tanto\u00a0origens crist\u00e3s\u00a0quanto\u00a0origens pag\u00e3s.<\/p>\n<p style=\"text-align: justify;\">Os\u00a0s\u00edmbolos natalinos\u00a0foram surgindo em diferentes momentos da hist\u00f3ria, mas remontam, principalmente, \u00e0\u00a0Idade M\u00e9dia\u00a0e \u00e0\u00a0Idade Moderna, per\u00edodos em que o Natal j\u00e1 tinha ganhado uma import\u00e2ncia consider\u00e1vel no calend\u00e1rio lit\u00fargico do cristianismo. Entre os s\u00edmbolos natalinos, os grandes destaques s\u00e3o o Papai Noel, o pres\u00e9pio e a \u00e1rvore de Natal.<\/p>\n<ul style=\"text-align: justify;\">\n<li>\n<h3>Papai Noel<\/h3>\n<\/li>\n<\/ul>\n<p style=\"text-align: justify;\">O Papai Noel \u00e9 um dos grandes personagens da comemora\u00e7\u00e3o n\u00e3o religiosa do Natal. Na tradi\u00e7\u00e3o natalina, acredita-se que o Papai Noel visita as casas na v\u00e9spera de Natal para deixar presentes para as crian\u00e7as bem-comportadas. Esse personagem se origina de tra\u00e7os da cultura crist\u00e3 e pag\u00e3 que se misturaram ao longo da hist\u00f3ria.<\/p>\n<p style=\"text-align: justify;\">A origem crist\u00e3 do Papai Noel remonta a um bispo crist\u00e3o que viveu na \u00c1sia Menor entre os s\u00e9culos III e IV d.C.:\u00a0S\u00e3o\u00a0Nicolau. Esse bispo ficou conhecido por ser extremamente generoso, tendo uma vida marcada por obras de caridade, socorrendo os pobres. Por outro lado, h\u00e1 uma tradi\u00e7\u00e3o que liga o Papai Noel a Odin, deus da\u00a0mitologia n\u00f3rdica\u00a0que era conhecido pelos povos germ\u00e2nicos como um deus que presenteava as crian\u00e7as na v\u00e9spera do\u00a0Yule\u00a0(pode ser chamado de J\u00f3l), festival que acontecia no solst\u00edcio de inverno no norte da Europa.<\/p>\n<p style=\"text-align: justify;\">Com a cristianiza\u00e7\u00e3o do norte da Europa, houve uma fus\u00e3o das cren\u00e7as que envolviam Odin e S\u00e3o Nicolau. Na Holanda, a cristianiza\u00e7\u00e3o deu origem ao\u00a0Sinterklaas\u00a0(remete a S\u00e3o Nicolau ou Santa Claus, no ingl\u00eas). Essa lenda foi levada \u00e0 Am\u00e9rica por imigrantes holandeses. Na d\u00e9cada de 1930, a Coca-Cola pegou a hist\u00f3ria sobre o Papai Noel e popularizou-a em suas pe\u00e7as de publicidades, fazendo com que a fama do Papai Noel se espalhasse pelo mundo, consolidando sua forma e suas cores atuais.<\/p>\n<p style=\"text-align: justify;\">A\u00a0\u00e1rvore de Natal, por sua vez, \u00e9 inteiramente pag\u00e3. Trata-se de uma tradi\u00e7\u00e3o que se popularizou na cultura europeia e permaneceu sendo realizada mesmo com a cristianiza\u00e7\u00e3o da Europa. As \u00e1rvores na Antiguidade eram utilizadas por diferentes povos como decora\u00e7\u00e3o ou como parte de seus rituais religiosos.<\/p>\n<p style=\"text-align: justify;\">No que se refere \u00e0 \u00e1rvore de Natal, os historiadores remontam sua origem ao\u00a0Yule, o j\u00e1 mencionado festival religioso realizado pelos n\u00f3rdicos no solst\u00edcio de inverno, portanto, bem pr\u00f3ximo ao 25 de dezembro. Os historiadores n\u00e3o sabem quando essa tradi\u00e7\u00e3o restrita aos\u00a0germ\u00e2nicos\u00a0e\u00a0n\u00f3rdicos\u00a0popularizou-se, o que se sabe \u00e9 que, no final da Idade M\u00e9dia, j\u00e1 havia vest\u00edgios de casas com \u00e1rvores decoradas.<\/p>\n<p style=\"text-align: justify;\">A pr\u00e1tica ent\u00e3o se espalhou pelo norte da Europa, chegando aos pa\u00edses b\u00e1lticos e permanecendo como tradi\u00e7\u00e3o na Escandin\u00e1via e na Alemanha. A partir da Idade Moderna, a pr\u00e1tica de decorar \u00e1rvores (o pinheiro) no interior da resid\u00eancia, ficou bem popular e, por interm\u00e9dio dos ingleses, acabou espalhando-se pelo mundo.<\/p>\n<p style=\"text-align: justify;\">Ainda no s\u00e9culo XIX, os alem\u00e3es criaram as\u00a0bolas de Natal,\u00a0que passaram a ser parte da decora\u00e7\u00e3o da \u00e1rvore natalina. Antes era comum utilizar ma\u00e7\u00e3s e nozes para a decora\u00e7\u00e3o das \u00e1rvores. As bolas de Natal eram produzidas de vidro.<\/p>\n<p style=\"text-align: justify;\">O pres\u00e9pio \u00e9 parte da decora\u00e7\u00e3o natalina, sendo encontrado, principalmente, em igrejas. Esse item da decora\u00e7\u00e3o de Natal \u00e9 inteiramente crist\u00e3o e foi criado por\u00a0S\u00e3o Francisco de Assis, em 1223. Nessa ocasi\u00e3o, S\u00e3o Francisco de Assis estava no interior do territ\u00f3rio italiano, pregando o cristianismo para os camponeses.<\/p>\n<p style=\"text-align: justify;\">Na ocasi\u00e3o do Natal de 1223, para facilitar a compreens\u00e3o de sua prega\u00e7\u00e3o, S\u00e3o Francisco de Assis montou o\u00a0primeiro pres\u00e9pio,\u00a0utilizando-se de argila e de animais de verdade. A pr\u00e1tica acabou espalhando-se por toda a cristandade europeia com o passar do tempo.<\/p>\n<h2 style=\"text-align: justify;\">Todos os crist\u00e3os comemoram o Natal no dia 25 de dezembro?<\/h2>\n<p style=\"text-align: justify;\">N\u00e3o, somente os cat\u00f3licos e protestantes, isto, \u00e9, os\u00a0crist\u00e3os\u00a0ocidentais\u00a0comemoram o Natal no dia\u00a025\u00a0de\u00a0dezembro. As igrejas\u00a0crist\u00e3s\u00a0orientais, como a ortodoxa e a copta, comemoram o Natal no dia\u00a07\u00a0de\u00a0janeiro. Essa diferen\u00e7a explica-se pelo diferente calend\u00e1rio que os crist\u00e3os ocidentais usam no calend\u00e1rio lit\u00fargico.<\/p>\n<p style=\"text-align: justify;\">No Ocidente, \u00e9 utilizado o\u00a0calend\u00e1rio\u00a0gregoriano;\u00a0no Oriente, \u00e9 utilizado o\u00a0calend\u00e1rio\u00a0juliano. O primeiro surgiu no s\u00e9culo XVI por interm\u00e9dio do\u00a0papa Greg\u00f3rio XIII, e o segundo \u00e9 um calend\u00e1rio fundado por\u00a0J\u00falio C\u00e9sar\u00a0no s\u00e9culo I a.C.<\/p>\n","protected":false},"excerpt":{"rendered":"<p>O\u00a0Natal\u00a0\u00e9 uma das mais importantes datas festivas do cristianismo, sendo celebrado anualmente no dia\u00a025 de dezembro. Nessa festa \u00e9 comemorado o\u00a0nascimento de Jesus Cristo, evento que aconteceu em Bel\u00e9m, na Palestina, no ano 1 d.C. Acredita-se que a comemora\u00e7\u00e3o do Natal tenha sido criada pela Igreja Cat\u00f3lica como forma de enfraquecer outras festividades pag\u00e3s. O [&hellip;]<\/p>\n","protected":false},"author":1,"featured_media":60535,"comment_status":"closed","ping_status":"open","sticky":false,"template":"","format":"standard","meta":{"_uag_custom_page_level_css":"","_monsterinsights_skip_tracking":false,"_monsterinsights_sitenote_active":false,"_monsterinsights_sitenote_note":"","_monsterinsights_sitenote_category":0,"jetpack_post_was_ever_published":false,"_jetpack_newsletter_access":"","_jetpack_dont_email_post_to_subs":false,"_jetpack_newsletter_tier_id":0,"_jetpack_memberships_contains_paywalled_content":false,"_jetpack_memberships_contains_paid_content":false,"footnotes":"","jetpack_publicize_message":"","jetpack_publicize_feature_enabled":true,"jetpack_social_post_already_shared":true,"jetpack_social_options":{"image_generator_settings":{"template":"highway","default_image_id":0,"font":"","enabled":false},"version":2}},"categories":[273],"tags":[],"class_list":["post-60534","post","type-post","status-publish","format-standard","has-post-thumbnail","hentry","category-mundo"],"jetpack_publicize_connections":[],"jetpack_featured_media_url":"https:\/\/blogopara.com.br\/wp-content\/uploads\/2023\/12\/WhatsApp-Image-2023-12-25-at-09.19.28-1.jpeg","uagb_featured_image_src":{"full":["https:\/\/blogopara.com.br\/wp-content\/uploads\/2023\/12\/WhatsApp-Image-2023-12-25-at-09.19.28-1.jpeg",500,332,false],"thumbnail":["https:\/\/blogopara.com.br\/wp-content\/uploads\/2023\/12\/WhatsApp-Image-2023-12-25-at-09.19.28-1-150x150.jpeg",150,150,true],"medium":["https:\/\/blogopara.com.br\/wp-content\/uploads\/2023\/12\/WhatsApp-Image-2023-12-25-at-09.19.28-1-300x199.jpeg",300,199,true],"medium_large":["https:\/\/blogopara.com.br\/wp-content\/uploads\/2023\/12\/WhatsApp-Image-2023-12-25-at-09.19.28-1.jpeg",500,332,false],"large":["https:\/\/blogopara.com.br\/wp-content\/uploads\/2023\/12\/WhatsApp-Image-2023-12-25-at-09.19.28-1.jpeg",500,332,false],"1536x1536":["https:\/\/blogopara.com.br\/wp-content\/uploads\/2023\/12\/WhatsApp-Image-2023-12-25-at-09.19.28-1.jpeg",500,332,false],"2048x2048":["https:\/\/blogopara.com.br\/wp-content\/uploads\/2023\/12\/WhatsApp-Image-2023-12-25-at-09.19.28-1.jpeg",500,332,false],"mantranews-slider-large":["https:\/\/blogopara.com.br\/wp-content\/uploads\/2023\/12\/WhatsApp-Image-2023-12-25-at-09.19.28-1.jpeg",500,332,false],"mantranews-featured-medium":["https:\/\/blogopara.com.br\/wp-content\/uploads\/2023\/12\/WhatsApp-Image-2023-12-25-at-09.19.28-1-420x307.jpeg",420,307,true],"mantranews-featured-long":["https:\/\/blogopara.com.br\/wp-content\/uploads\/2023\/12\/WhatsApp-Image-2023-12-25-at-09.19.28-1-300x332.jpeg",300,332,true],"mantranews-block-medium":["https:\/\/blogopara.com.br\/wp-content\/uploads\/2023\/12\/WhatsApp-Image-2023-12-25-at-09.19.28-1-464x290.jpeg",464,290,true],"mantranews-carousel-image":["https:\/\/blogopara.com.br\/wp-content\/uploads\/2023\/12\/WhatsApp-Image-2023-12-25-at-09.19.28-1.jpeg",500,332,false],"mantranews-block-thumb":["https:\/\/blogopara.com.br\/wp-content\/uploads\/2023\/12\/WhatsApp-Image-2023-12-25-at-09.19.28-1-322x230.jpeg",322,230,true],"mantranews-single-large":["https:\/\/blogopara.com.br\/wp-content\/uploads\/2023\/12\/WhatsApp-Image-2023-12-25-at-09.19.28-1.jpeg",500,332,false]},"uagb_author_info":{"display_name":"Reda\u00e7\u00e3o geral","author_link":"https:\/\/blogopara.com.br\/index.php\/author\/blogopara"},"uagb_comment_info":0,"uagb_excerpt":"O\u00a0Natal\u00a0\u00e9 uma das mais importantes datas festivas do cristianismo, sendo celebrado anualmente no dia\u00a025 de dezembro. Nessa festa \u00e9 comemorado o\u00a0nascimento de Jesus Cristo, evento que aconteceu em Bel\u00e9m, na Palestina, no ano 1 d.C. Acredita-se que a comemora\u00e7\u00e3o do Natal tenha sido criada pela Igreja Cat\u00f3lica como forma de enfraquecer outras festividades pag\u00e3s. O&hellip;","jetpack_sharing_enabled":true,"jetpack_likes_enabled":true,"_links":{"self":[{"href":"https:\/\/blogopara.com.br\/index.php\/wp-json\/wp\/v2\/posts\/60534","targetHints":{"allow":["GET"]}}],"collection":[{"href":"https:\/\/blogopara.com.br\/index.php\/wp-json\/wp\/v2\/posts"}],"about":[{"href":"https:\/\/blogopara.com.br\/index.php\/wp-json\/wp\/v2\/types\/post"}],"author":[{"embeddable":true,"href":"https:\/\/blogopara.com.br\/index.php\/wp-json\/wp\/v2\/users\/1"}],"replies":[{"embeddable":true,"href":"https:\/\/blogopara.com.br\/index.php\/wp-json\/wp\/v2\/comments?post=60534"}],"version-history":[{"count":1,"href":"https:\/\/blogopara.com.br\/index.php\/wp-json\/wp\/v2\/posts\/60534\/revisions"}],"predecessor-version":[{"id":60536,"href":"https:\/\/blogopara.com.br\/index.php\/wp-json\/wp\/v2\/posts\/60534\/revisions\/60536"}],"wp:featuredmedia":[{"embeddable":true,"href":"https:\/\/blogopara.com.br\/index.php\/wp-json\/wp\/v2\/media\/60535"}],"wp:attachment":[{"href":"https:\/\/blogopara.com.br\/index.php\/wp-json\/wp\/v2\/media?parent=60534"}],"wp:term":[{"taxonomy":"category","embeddable":true,"href":"https:\/\/blogopara.com.br\/index.php\/wp-json\/wp\/v2\/categories?post=60534"},{"taxonomy":"post_tag","embeddable":true,"href":"https:\/\/blogopara.com.br\/index.php\/wp-json\/wp\/v2\/tags?post=60534"}],"curies":[{"name":"wp","href":"https:\/\/api.w.org\/{rel}","templated":true}]}}