{"id":60598,"date":"2023-12-27T14:25:00","date_gmt":"2023-12-27T17:25:00","guid":{"rendered":"https:\/\/blogopara.com.br\/?p=60598"},"modified":"2023-12-27T01:27:48","modified_gmt":"2023-12-27T04:27:48","slug":"salario-minimo-em-2024-sera-de-r-1-412-entenda-decisao","status":"publish","type":"post","link":"https:\/\/blogopara.com.br\/index.php\/2023\/12\/27\/salario-minimo-em-2024-sera-de-r-1-412-entenda-decisao","title":{"rendered":"Sal\u00e1rio m\u00ednimo em 2024 ser\u00e1 de R$ 1.412; entenda decis\u00e3o"},"content":{"rendered":"<p style=\"text-align: justify;\">O governo federal definiu o valor do sal\u00e1rio m\u00ednimo para o pr\u00f3ximo ano, a partir de janeiro: R$ 1.412. A quantia segue a nova f\u00f3rmula estabelecida pela pol\u00edtica permanente de valoriza\u00e7\u00e3o do m\u00ednimo do governo Luiz In\u00e1cio Lula da Silva (PT).<\/p>\n<p style=\"text-align: justify;\">O valor pago a partir de fevereiro de 2024 sobe de R$ 1.320 para R$ 1.412. At\u00e9 o \u00faltimo dia de dezembro, a decis\u00e3o ser\u00e1 oficializada em decreto assinado pelo presidente.<\/p>\n<p style=\"text-align: justify;\">A proposta inicial do governo era de R$ 1.421. A base de c\u00e1lculo utilizada para reajustar o m\u00ednimo \u00e9 o \u00cdndice Nacional de Pre\u00e7os ao Consumidor (INPC).<\/p>\n<p style=\"text-align: justify;\">Quando o governo enviou o Projeto de Lei Or\u00e7ament\u00e1ria Anual (PLOA) de 2024 ao Congresso, o \u00edndice era de 4,48%. Em dezembro desde ano, no entanto, a porcentagem foi atualizada para 3,85%. A atualiza\u00e7\u00e3o no \u00edndice motivou a pequena redu\u00e7\u00e3o no valor do m\u00ednimo para o ano que vem, e o valor de R$ 1.412 foi chancelado na Lei Or\u00e7ament\u00e1ria Anual (LOA) aprovada pelo Executivo.<\/p>\n<h4 style=\"text-align: justify;\">Entenda o c\u00e1lculo<\/h4>\n<p style=\"text-align: justify;\">A nova pol\u00edtica de valoriza\u00e7\u00e3o do m\u00ednimo usa uma combina\u00e7\u00e3o de dois \u00edndices:<\/p>\n<ul style=\"text-align: justify;\">\n<li>a infla\u00e7\u00e3o medida pelo \u00cdndice Nacional de Pre\u00e7os ao Consumidor (INPC) acumulado nos 12 meses encerrados em novembro do exerc\u00edcio anterior ao do reajuste; e<\/li>\n<li>a varia\u00e7\u00e3o positiva do Produto Interno Bruto (PIB) de dois anos anteriores, a partir de 1\u00ba de janeiro.<\/li>\n<\/ul>\n<p style=\"text-align: justify;\">O Instituto Brasileiro de Geografia e Estat\u00edstica (IBGE) divulgou o INPC de novembro: 3,85%. A ele \u00e9 somado ao PIB de 2022, que cresceu 3%, segundo dados revisados pelo IBGE. O valor exato obtido seria de R$ 1.411,95, mas a lei que instituiu a nova pol\u00edtica de valoriza\u00e7\u00e3o do sal\u00e1rio m\u00ednimo estabelece que, quando houver valores decimais, o valor seja arredondado para cima.<\/p>\n<h4 style=\"text-align: justify;\">Nova pol\u00edtica de reajuste do sal\u00e1rio m\u00ednimo<\/h4>\n<p style=\"text-align: justify;\">O governo Lula sancionou neste ano a lei que estabelece uma pol\u00edtica de reajuste anual do m\u00ednimo. O aumento real, ou seja, acima da infla\u00e7\u00e3o, era uma promessa de campanha de Lula, sob a justificativa de que a medida aumenta o poder de compra das fam\u00edlias.<\/p>\n<p style=\"text-align: justify;\">Al\u00e9m de criar uma f\u00f3rmula para o reajuste, a lei definiu que o valor \u00e9 implementado por decreto presidencial. O governo Jair Bolsonaro (PL) decidiu abandonar a pol\u00edtica de valoriza\u00e7\u00e3o do m\u00ednimo, que determinava reajuste acima da infla\u00e7\u00e3o. A equipe comandada pelo ent\u00e3o ministro Paulo Guedes (Economia) entendeu que a medida gerava um impacto excessivo sobre as contas p\u00fablicas.<\/p>\n<p style=\"text-align: justify;\">O reajuste do m\u00ednimo n\u00e3o altera apenas os vencimentos de quem recebe o piso nacional, mas tamb\u00e9m implica o reajuste de diversos benef\u00edcios, como o Benef\u00edcio de Presta\u00e7\u00e3o Continuada (BPC) e os pagamentos do Instituto Nacional do Seguro Social (INSS).<\/p>\n<p style=\"text-align: justify;\">Segundo estudo do Departamento Intersindical de Estat\u00edstica e Estudos Socioecon\u00f4micos (Dieese) divulgado em abril deste ano, o sal\u00e1rio m\u00ednimo \u00e9 refer\u00eancia para 54 milh\u00f5es de pessoas no pa\u00eds. Desse total, 22,7 milh\u00f5es foram impactadas de forma direta em 2021, e 31,3 milh\u00f5es, de forma indireta. Em termos percentuais, esse contingente representou 25,4% da popula\u00e7\u00e3o brasileira, ou seja, um quarto da popula\u00e7\u00e3o brasileira foi afetada pelo sal\u00e1rio m\u00ednimo.<\/p>\n<p style=\"text-align: justify;\"><em>Fonte: Metr\u00f3poles<\/em><\/p>\n\n\n<p><\/p>\n","protected":false},"excerpt":{"rendered":"<p>O governo federal definiu o valor do sal\u00e1rio m\u00ednimo para o pr\u00f3ximo ano, a partir de janeiro: R$ 1.412. A quantia segue a nova f\u00f3rmula estabelecida pela pol\u00edtica permanente de valoriza\u00e7\u00e3o do m\u00ednimo do governo Luiz In\u00e1cio Lula da Silva (PT). O valor pago a partir de fevereiro de 2024 sobe de R$ 1.320 para [&hellip;]<\/p>\n","protected":false},"author":1,"featured_media":44674,"comment_status":"closed","ping_status":"open","sticky":false,"template":"","format":"standard","meta":{"_uag_custom_page_level_css":"","_monsterinsights_skip_tracking":false,"_monsterinsights_sitenote_active":false,"_monsterinsights_sitenote_note":"","_monsterinsights_sitenote_category":0,"jetpack_post_was_ever_published":false,"_jetpack_newsletter_access":"","_jetpack_dont_email_post_to_subs":false,"_jetpack_newsletter_tier_id":0,"_jetpack_memberships_contains_paywalled_content":false,"_jetpack_memberships_contains_paid_content":false,"footnotes":"","jetpack_publicize_message":"","jetpack_publicize_feature_enabled":true,"jetpack_social_post_already_shared":true,"jetpack_social_options":{"image_generator_settings":{"template":"highway","default_image_id":0,"font":"","enabled":false},"version":2}},"categories":[200,206],"tags":[7008],"class_list":["post-60598","post","type-post","status-publish","format-standard","has-post-thumbnail","hentry","category-brasil","category-economia","tag-salario-minimo-2"],"jetpack_publicize_connections":[],"jetpack_featured_media_url":"https:\/\/blogopara.com.br\/wp-content\/uploads\/2022\/10\/salario-minimo-em-2022.jpg","uagb_featured_image_src":{"full":["https:\/\/blogopara.com.br\/wp-content\/uploads\/2022\/10\/salario-minimo-em-2022.jpg",500,314,false],"thumbnail":["https:\/\/blogopara.com.br\/wp-content\/uploads\/2022\/10\/salario-minimo-em-2022-150x150.jpg",150,150,true],"medium":["https:\/\/blogopara.com.br\/wp-content\/uploads\/2022\/10\/salario-minimo-em-2022-300x188.jpg",300,188,true],"medium_large":["https:\/\/blogopara.com.br\/wp-content\/uploads\/2022\/10\/salario-minimo-em-2022.jpg",500,314,false],"large":["https:\/\/blogopara.com.br\/wp-content\/uploads\/2022\/10\/salario-minimo-em-2022.jpg",500,314,false],"1536x1536":["https:\/\/blogopara.com.br\/wp-content\/uploads\/2022\/10\/salario-minimo-em-2022.jpg",500,314,false],"2048x2048":["https:\/\/blogopara.com.br\/wp-content\/uploads\/2022\/10\/salario-minimo-em-2022.jpg",500,314,false],"mantranews-slider-large":["https:\/\/blogopara.com.br\/wp-content\/uploads\/2022\/10\/salario-minimo-em-2022.jpg",500,314,false],"mantranews-featured-medium":["https:\/\/blogopara.com.br\/wp-content\/uploads\/2022\/10\/salario-minimo-em-2022-420x307.jpg",420,307,true],"mantranews-featured-long":["https:\/\/blogopara.com.br\/wp-content\/uploads\/2022\/10\/salario-minimo-em-2022-300x314.jpg",300,314,true],"mantranews-block-medium":["https:\/\/blogopara.com.br\/wp-content\/uploads\/2022\/10\/salario-minimo-em-2022-464x290.jpg",464,290,true],"mantranews-carousel-image":["https:\/\/blogopara.com.br\/wp-content\/uploads\/2022\/10\/salario-minimo-em-2022.jpg",500,314,false],"mantranews-block-thumb":["https:\/\/blogopara.com.br\/wp-content\/uploads\/2022\/10\/salario-minimo-em-2022-322x230.jpg",322,230,true],"mantranews-single-large":["https:\/\/blogopara.com.br\/wp-content\/uploads\/2022\/10\/salario-minimo-em-2022.jpg",500,314,false]},"uagb_author_info":{"display_name":"Reda\u00e7\u00e3o geral","author_link":"https:\/\/blogopara.com.br\/index.php\/author\/blogopara"},"uagb_comment_info":0,"uagb_excerpt":"O governo federal definiu o valor do sal\u00e1rio m\u00ednimo para o pr\u00f3ximo ano, a partir de janeiro: R$ 1.412. A quantia segue a nova f\u00f3rmula estabelecida pela pol\u00edtica permanente de valoriza\u00e7\u00e3o do m\u00ednimo do governo Luiz In\u00e1cio Lula da Silva (PT). O valor pago a partir de fevereiro de 2024 sobe de R$ 1.320 para&hellip;","jetpack_sharing_enabled":true,"jetpack_likes_enabled":true,"_links":{"self":[{"href":"https:\/\/blogopara.com.br\/index.php\/wp-json\/wp\/v2\/posts\/60598","targetHints":{"allow":["GET"]}}],"collection":[{"href":"https:\/\/blogopara.com.br\/index.php\/wp-json\/wp\/v2\/posts"}],"about":[{"href":"https:\/\/blogopara.com.br\/index.php\/wp-json\/wp\/v2\/types\/post"}],"author":[{"embeddable":true,"href":"https:\/\/blogopara.com.br\/index.php\/wp-json\/wp\/v2\/users\/1"}],"replies":[{"embeddable":true,"href":"https:\/\/blogopara.com.br\/index.php\/wp-json\/wp\/v2\/comments?post=60598"}],"version-history":[{"count":1,"href":"https:\/\/blogopara.com.br\/index.php\/wp-json\/wp\/v2\/posts\/60598\/revisions"}],"predecessor-version":[{"id":60599,"href":"https:\/\/blogopara.com.br\/index.php\/wp-json\/wp\/v2\/posts\/60598\/revisions\/60599"}],"wp:featuredmedia":[{"embeddable":true,"href":"https:\/\/blogopara.com.br\/index.php\/wp-json\/wp\/v2\/media\/44674"}],"wp:attachment":[{"href":"https:\/\/blogopara.com.br\/index.php\/wp-json\/wp\/v2\/media?parent=60598"}],"wp:term":[{"taxonomy":"category","embeddable":true,"href":"https:\/\/blogopara.com.br\/index.php\/wp-json\/wp\/v2\/categories?post=60598"},{"taxonomy":"post_tag","embeddable":true,"href":"https:\/\/blogopara.com.br\/index.php\/wp-json\/wp\/v2\/tags?post=60598"}],"curies":[{"name":"wp","href":"https:\/\/api.w.org\/{rel}","templated":true}]}}