{"id":60714,"date":"2023-12-31T13:49:00","date_gmt":"2023-12-31T16:49:00","guid":{"rendered":"https:\/\/blogopara.com.br\/?p=60714"},"modified":"2023-12-30T22:51:17","modified_gmt":"2023-12-31T01:51:17","slug":"miguel-coelho-faz-reflexao-sobre-o-ano-de-2023-e-afirma-que-vai-seguir-lutando-incansavelmente-com-esperanca-de-um-futuro-melhor-para-pernambuco","status":"publish","type":"post","link":"https:\/\/blogopara.com.br\/index.php\/2023\/12\/31\/miguel-coelho-faz-reflexao-sobre-o-ano-de-2023-e-afirma-que-vai-seguir-lutando-incansavelmente-com-esperanca-de-um-futuro-melhor-para-pernambuco","title":{"rendered":"Miguel Coelho faz reflex\u00e3o sobre o ano de 2023 e afirma que vai seguir lutando incansavelmente com esperan\u00e7a de um futuro melhor para Pernambuco"},"content":{"rendered":"<p style=\"text-align: justify;\">Como pol\u00edtico e, acima de tudo, como algu\u00e9m comprometido com o futuro de Pernambuco, \u00e9 com grande preocupa\u00e7\u00e3o, mas tamb\u00e9m com esperan\u00e7a, que fa\u00e7o uma reflex\u00e3o sobre o ano de 2023 para o nosso estado e para Petrolina. Este per\u00edodo foi marcado por desafios significativos, mas tamb\u00e9m por conquistas que merecem ser celebradas.<br aria-hidden=\"true\" \/><br aria-hidden=\"true\" \/>Desejo que Pernambuco possa sair de vez do ciclo dif\u00edcil em que se viu mergulhado nos \u00faltimos anos. \u00c9 imperativo que o estado retome sua posi\u00e7\u00e3o de destaque no cen\u00e1rio nacional, sendo um protagonista n\u00e3o apenas em termos de hist\u00f3ria e cultura, mas tamb\u00e9m por suas a\u00e7\u00f5es inovadoras em prol do bem-estar da popula\u00e7\u00e3o.<br aria-hidden=\"true\" \/><br aria-hidden=\"true\" \/>Infelizmente, ao fazer um balan\u00e7o do ano para Pernambuco, \u00e9 doloroso constatar que o estado figura em posi\u00e7\u00f5es lament\u00e1veis em v\u00e1rias pesquisas e indicadores. Os desafios da gest\u00e3o estadual t\u00eam sido evidenciados, denotando a fragilidade perante os obst\u00e1culos que se apresentam.<br aria-hidden=\"true\" \/><br aria-hidden=\"true\" \/>Um dos aspectos mais preocupantes foi a quest\u00e3o do abastecimento de \u00e1gua, realizado de forma prec\u00e1ria pela Compesa em todo o estado. A insatisfa\u00e7\u00e3o dos pernambucanos com os servi\u00e7os prestados pela empresa \u00e9 evidente, e a situa\u00e7\u00e3o do fornecimento de \u00e1gua e tratamento de esgoto deixou muito a desejar o ano todo.<br aria-hidden=\"true\" \/><br aria-hidden=\"true\" \/>A decis\u00e3o do governo estadual em aumentar o ICMS tamb\u00e9m foi criticada. Este aumento afeta a cadeia produtiva e, consequentemente, a gera\u00e7\u00e3o de empregos, sendo crucial que sejam adotadas medidas eficazes para melhorar a vida dos contribuintes pernambucanos. N\u00e3o adianta fazer malabarismo, baixando o IPVA, para tapar o sol com a peneira, n\u00e3o s\u00e3o a\u00e7\u00f5es aleat\u00f3rias que v\u00e3o recuperar a economia do estado. Segundo estudo da Fecom\u00e9rcio-PE, o aumento do ICMS vai prejudicar o com\u00e9rcio varejista, reduzindo vendas, causando demiss\u00f5es e at\u00e9 fechamento de empresas.<br aria-hidden=\"true\" \/><br aria-hidden=\"true\" \/>Por outro lado, enquanto refletimos sobre o estado, \u00e9 com satisfa\u00e7\u00e3o que celebro os feitos alcan\u00e7ados por Petrolina em 2023. O IBGE confirmou, por meio do Censo, que a cidade se tornou a terceira maior de Pernambuco. Isso reflete o potencial de crescimento e desenvolvimento econ\u00f4mico sob a lideran\u00e7a do atual prefeito, Sim\u00e3o Durando. Petrolina tem se destacado entre as maiores cidades, logo atr\u00e1s da capital Recife.<br aria-hidden=\"true\" \/><br aria-hidden=\"true\" \/>Os investimentos em infraestrutura t\u00eam sido not\u00e1veis, desde a melhoria da mobilidade urbana at\u00e9 a constru\u00e7\u00e3o de novos hospitais, asfaltamento de ruas e a\u00e7\u00f5es voltadas para sa\u00fade e educa\u00e7\u00e3o. Este progresso \u00e9 fruto de um trabalho conjunto e comprometido de nosso grupo pol\u00edtico, com destaque para os servi\u00e7os dos deputados Fernando Filho e Ant\u00f4nio Coelho.<br aria-hidden=\"true\" \/><br aria-hidden=\"true\" \/>Neste novo ano que se inicia, nossa esperan\u00e7a persiste e nosso compromisso em trabalhar incansavelmente pelo desenvolvimento de nosso estado continua firme. N\u00e3o podemos permitir que Pernambuco perca seu lugar de destaque, e isso nos motiva a seguir lutando incansavelmente com esperan\u00e7a de um futuro melhor para todos os pernambucanos.<\/p>\n<div style=\"text-align: justify;\"><\/div>\n<div style=\"text-align: justify;\">Miguel Coelho<\/div>\n<p style=\"text-align: justify;\">\n","protected":false},"excerpt":{"rendered":"<p>Como pol\u00edtico e, acima de tudo, como algu\u00e9m comprometido com o futuro de Pernambuco, \u00e9 com grande preocupa\u00e7\u00e3o, mas tamb\u00e9m com esperan\u00e7a, que fa\u00e7o uma reflex\u00e3o sobre o ano de 2023 para o nosso estado e para Petrolina. Este per\u00edodo foi marcado por desafios significativos, mas tamb\u00e9m por conquistas que merecem ser celebradas.Desejo que Pernambuco [&hellip;]<\/p>\n","protected":false},"author":1,"featured_media":56682,"comment_status":"closed","ping_status":"open","sticky":false,"template":"","format":"standard","meta":{"_uag_custom_page_level_css":"","_monsterinsights_skip_tracking":false,"_monsterinsights_sitenote_active":false,"_monsterinsights_sitenote_note":"","_monsterinsights_sitenote_category":0,"jetpack_post_was_ever_published":false,"_jetpack_newsletter_access":"","_jetpack_dont_email_post_to_subs":false,"_jetpack_newsletter_tier_id":0,"_jetpack_memberships_contains_paywalled_content":false,"_jetpack_memberships_contains_paid_content":false,"footnotes":"","jetpack_publicize_message":"","jetpack_publicize_feature_enabled":true,"jetpack_social_post_already_shared":true,"jetpack_social_options":{"image_generator_settings":{"template":"highway","default_image_id":0,"font":"","enabled":false},"version":2}},"categories":[851],"tags":[10740],"class_list":["post-60714","post","type-post","status-publish","format-standard","has-post-thumbnail","hentry","category-petrolina","tag-pernambuci"],"jetpack_publicize_connections":[],"jetpack_featured_media_url":"https:\/\/blogopara.com.br\/wp-content\/uploads\/2023\/08\/Miguel-Coelho3.jpeg","uagb_featured_image_src":{"full":["https:\/\/blogopara.com.br\/wp-content\/uploads\/2023\/08\/Miguel-Coelho3.jpeg",500,281,false],"thumbnail":["https:\/\/blogopara.com.br\/wp-content\/uploads\/2023\/08\/Miguel-Coelho3-150x150.jpeg",150,150,true],"medium":["https:\/\/blogopara.com.br\/wp-content\/uploads\/2023\/08\/Miguel-Coelho3-300x169.jpeg",300,169,true],"medium_large":["https:\/\/blogopara.com.br\/wp-content\/uploads\/2023\/08\/Miguel-Coelho3.jpeg",500,281,false],"large":["https:\/\/blogopara.com.br\/wp-content\/uploads\/2023\/08\/Miguel-Coelho3.jpeg",500,281,false],"1536x1536":["https:\/\/blogopara.com.br\/wp-content\/uploads\/2023\/08\/Miguel-Coelho3.jpeg",500,281,false],"2048x2048":["https:\/\/blogopara.com.br\/wp-content\/uploads\/2023\/08\/Miguel-Coelho3.jpeg",500,281,false],"mantranews-slider-large":["https:\/\/blogopara.com.br\/wp-content\/uploads\/2023\/08\/Miguel-Coelho3.jpeg",500,281,false],"mantranews-featured-medium":["https:\/\/blogopara.com.br\/wp-content\/uploads\/2023\/08\/Miguel-Coelho3-420x281.jpeg",420,281,true],"mantranews-featured-long":["https:\/\/blogopara.com.br\/wp-content\/uploads\/2023\/08\/Miguel-Coelho3-300x281.jpeg",300,281,true],"mantranews-block-medium":["https:\/\/blogopara.com.br\/wp-content\/uploads\/2023\/08\/Miguel-Coelho3-464x281.jpeg",464,281,true],"mantranews-carousel-image":["https:\/\/blogopara.com.br\/wp-content\/uploads\/2023\/08\/Miguel-Coelho3.jpeg",500,281,false],"mantranews-block-thumb":["https:\/\/blogopara.com.br\/wp-content\/uploads\/2023\/08\/Miguel-Coelho3-322x230.jpeg",322,230,true],"mantranews-single-large":["https:\/\/blogopara.com.br\/wp-content\/uploads\/2023\/08\/Miguel-Coelho3.jpeg",500,281,false]},"uagb_author_info":{"display_name":"Reda\u00e7\u00e3o geral","author_link":"https:\/\/blogopara.com.br\/index.php\/author\/blogopara"},"uagb_comment_info":0,"uagb_excerpt":"Como pol\u00edtico e, acima de tudo, como algu\u00e9m comprometido com o futuro de Pernambuco, \u00e9 com grande preocupa\u00e7\u00e3o, mas tamb\u00e9m com esperan\u00e7a, que fa\u00e7o uma reflex\u00e3o sobre o ano de 2023 para o nosso estado e para Petrolina. Este per\u00edodo foi marcado por desafios significativos, mas tamb\u00e9m por conquistas que merecem ser celebradas.Desejo que Pernambuco&hellip;","jetpack_sharing_enabled":true,"jetpack_likes_enabled":true,"_links":{"self":[{"href":"https:\/\/blogopara.com.br\/index.php\/wp-json\/wp\/v2\/posts\/60714","targetHints":{"allow":["GET"]}}],"collection":[{"href":"https:\/\/blogopara.com.br\/index.php\/wp-json\/wp\/v2\/posts"}],"about":[{"href":"https:\/\/blogopara.com.br\/index.php\/wp-json\/wp\/v2\/types\/post"}],"author":[{"embeddable":true,"href":"https:\/\/blogopara.com.br\/index.php\/wp-json\/wp\/v2\/users\/1"}],"replies":[{"embeddable":true,"href":"https:\/\/blogopara.com.br\/index.php\/wp-json\/wp\/v2\/comments?post=60714"}],"version-history":[{"count":1,"href":"https:\/\/blogopara.com.br\/index.php\/wp-json\/wp\/v2\/posts\/60714\/revisions"}],"predecessor-version":[{"id":60715,"href":"https:\/\/blogopara.com.br\/index.php\/wp-json\/wp\/v2\/posts\/60714\/revisions\/60715"}],"wp:featuredmedia":[{"embeddable":true,"href":"https:\/\/blogopara.com.br\/index.php\/wp-json\/wp\/v2\/media\/56682"}],"wp:attachment":[{"href":"https:\/\/blogopara.com.br\/index.php\/wp-json\/wp\/v2\/media?parent=60714"}],"wp:term":[{"taxonomy":"category","embeddable":true,"href":"https:\/\/blogopara.com.br\/index.php\/wp-json\/wp\/v2\/categories?post=60714"},{"taxonomy":"post_tag","embeddable":true,"href":"https:\/\/blogopara.com.br\/index.php\/wp-json\/wp\/v2\/tags?post=60714"}],"curies":[{"name":"wp","href":"https:\/\/api.w.org\/{rel}","templated":true}]}}