{"id":60716,"date":"2023-12-31T14:23:00","date_gmt":"2023-12-31T17:23:00","guid":{"rendered":"https:\/\/blogopara.com.br\/?p=60716"},"modified":"2023-12-31T10:34:49","modified_gmt":"2023-12-31T13:34:49","slug":"ano-novo-em-salvador-tera-queima-de-fogos-em-22-pontos-saiba-quais","status":"publish","type":"post","link":"https:\/\/blogopara.com.br\/index.php\/2023\/12\/31\/ano-novo-em-salvador-tera-queima-de-fogos-em-22-pontos-saiba-quais","title":{"rendered":"Ano novo em Salvador ter\u00e1 queima de fogos em 22 pontos; saiba quais"},"content":{"rendered":"<p style=\"text-align: justify;\">Salvador ter\u00e1 queima de fogos em 22 pontos da cidade para a chegada de 2024. Na orla da Boca do Rio,\u00a0onde acontece o Festival Virada Salvador, ser\u00e3o tr\u00eas pontos de queima de fogos para celebrar o ano novo. Na Arena Daniela Mercury, local onde ocorrem os shows, todos os dias ter\u00e1 queima de fogos, sempre a partir de 0h.<\/p>\n<p style=\"text-align: justify;\">Al\u00e9m dos tr\u00eas pontos na Boca do Rio, veja onde ter\u00e1 queima de fogos na noite de R\u00e9veillon:<\/p>\n<div id=\"uolpd-video-inarticle\">\n<div id=\"player-in-article\">\n<div id=\"inarticle-ad-container\">\n<ul style=\"text-align: justify;\">\n<li>Barra<\/li>\n<li>Rio Vermelho<\/li>\n<li>Amaralina<\/li>\n<li>Jardim de Alah<\/li>\n<li>Patamares<\/li>\n<li>Pernambu\u00e9s<\/li>\n<li>Itapu\u00e3<\/li>\n<li>Cajazeiras<\/li>\n<li>Periperi<\/li>\n<li>Paripe<\/li>\n<li>Ribeira<\/li>\n<li>Boa Viagem<\/li>\n<li>Santo Ant\u00f4nio Al\u00e9m do Carmo<\/li>\n<li>Ilha de Paramana<\/li>\n<li>Praia de Santana (Ilha de Mar\u00e9)<\/li>\n<li>Itamoabo (Ilha de Mar\u00e9)<\/li>\n<li>Ilha de Bananeira<\/li>\n<li>Ilha de Santana<\/li>\n<li>Bom Jesus dos Passos<\/li>\n<\/ul>\n<h2 style=\"text-align: justify;\">Transporte<\/h2>\n<p style=\"text-align: justify;\">A\u00a0opera\u00e7\u00e3o especial de transporte\u00a0contar\u00e1 com linhas especiais das 14h \u00e0s 6h, com itiner\u00e1rios espec\u00edficos para a festa. As linhas especiais incluem:<\/p>\n<p style=\"text-align: justify;\">2024 &#8211; Terminal Acesso Norte x Festival da Virada<\/p>\n<p style=\"text-align: justify;\">2024-01 &#8211; Esta\u00e7\u00e3o Piraj\u00e1 x Festival da Virada<\/p>\n<p style=\"text-align: justify;\">2024-02 &#8211; Esta\u00e7\u00e3o Metr\u00f4 Pitua\u00e7u x Festival da Virada<\/p>\n<p style=\"text-align: justify;\">Ao todo, ser\u00e3o 140 \u00f4nibus em opera\u00e7\u00e3o durante os dias de festival: 77 da frota regular, 3 linhas especiais e 4 linhas reguladores de esta\u00e7\u00f5es.<\/p>\n<h2 style=\"text-align: justify;\">Festival Virada Salvador<\/h2>\n<p style=\"text-align: justify;\">A programa\u00e7\u00e3o do\u00a0Festival Virada Salvador\u00a0ter\u00e1 in\u00edcio \u00e0s 17h, com a arena aberta diariamente \u00e0s 14h. Al\u00e9m dos shows, a Arena Daniela Mercury oferece a\u00a0Roda Gigante da Virada, uma Vila Gastron\u00f4mica\u00a0com food trucks, uma tirolesa, um espa\u00e7o gamer, a \u00e1rea Skate Mania e a Divertil\u00e2ndia, um conjunto de brinquedos infantis.<\/p>\n<p style=\"text-align: justify;\">Ao longo dos cinco dias, o\u00a0palco receber\u00e1 artistas como L\u00e9o Santana, Anitta, Nadson O Ferinha, Xand Avi\u00e3o, Nattan, Jorge &amp; Mateus, Leonardo, entre outros. A cantora Ivete Sangalo ser\u00e1 a respons\u00e1vel pela contagem regressiva oficial.<\/p>\n<p style=\"text-align: justify;\">A TV Bahia vai transmitir ao vivo o Festival da Virada no domingo (31), a partir das 22h30, depois do Fant\u00e1stico. Na programa\u00e7\u00e3o, os principais shows da noite e a contagem regressiva. Camila Marinho e Luana Assiz estar\u00e3o no comando.<\/p>\n<p>Fonte: Ibahia<\/p>\n<\/div>\n<\/div>\n<\/div>\n","protected":false},"excerpt":{"rendered":"<p>Salvador ter\u00e1 queima de fogos em 22 pontos da cidade para a chegada de 2024. Na orla da Boca do Rio,\u00a0onde acontece o Festival Virada Salvador, ser\u00e3o tr\u00eas pontos de queima de fogos para celebrar o ano novo. Na Arena Daniela Mercury, local onde ocorrem os shows, todos os dias ter\u00e1 queima de fogos, sempre [&hellip;]<\/p>\n","protected":false},"author":1,"featured_media":60717,"comment_status":"closed","ping_status":"open","sticky":false,"template":"","format":"standard","meta":{"_uag_custom_page_level_css":"","_monsterinsights_skip_tracking":false,"_monsterinsights_sitenote_active":false,"_monsterinsights_sitenote_note":"","_monsterinsights_sitenote_category":0,"jetpack_post_was_ever_published":false,"_jetpack_newsletter_access":"","_jetpack_dont_email_post_to_subs":false,"_jetpack_newsletter_tier_id":0,"_jetpack_memberships_contains_paywalled_content":false,"_jetpack_memberships_contains_paid_content":false,"footnotes":"","jetpack_publicize_message":"","jetpack_publicize_feature_enabled":true,"jetpack_social_post_already_shared":true,"jetpack_social_options":{"image_generator_settings":{"template":"highway","default_image_id":0,"font":"","enabled":false},"version":2}},"categories":[199],"tags":[],"class_list":["post-60716","post","type-post","status-publish","format-standard","has-post-thumbnail","hentry","category-bahia"],"jetpack_publicize_connections":[],"jetpack_featured_media_url":"https:\/\/blogopara.com.br\/wp-content\/uploads\/2023\/12\/anotabahia-reveillon-em-salvador-tera-queima-de-fogos-por-cinco-dias-consecutivos-31-12-15-reveillon-ssa-foto-valter-pontes-agecom7-scaled-e1672139020649-1024x668-1.jpg","uagb_featured_image_src":{"full":["https:\/\/blogopara.com.br\/wp-content\/uploads\/2023\/12\/anotabahia-reveillon-em-salvador-tera-queima-de-fogos-por-cinco-dias-consecutivos-31-12-15-reveillon-ssa-foto-valter-pontes-agecom7-scaled-e1672139020649-1024x668-1.jpg",500,326,false],"thumbnail":["https:\/\/blogopara.com.br\/wp-content\/uploads\/2023\/12\/anotabahia-reveillon-em-salvador-tera-queima-de-fogos-por-cinco-dias-consecutivos-31-12-15-reveillon-ssa-foto-valter-pontes-agecom7-scaled-e1672139020649-1024x668-1-150x150.jpg",150,150,true],"medium":["https:\/\/blogopara.com.br\/wp-content\/uploads\/2023\/12\/anotabahia-reveillon-em-salvador-tera-queima-de-fogos-por-cinco-dias-consecutivos-31-12-15-reveillon-ssa-foto-valter-pontes-agecom7-scaled-e1672139020649-1024x668-1-300x196.jpg",300,196,true],"medium_large":["https:\/\/blogopara.com.br\/wp-content\/uploads\/2023\/12\/anotabahia-reveillon-em-salvador-tera-queima-de-fogos-por-cinco-dias-consecutivos-31-12-15-reveillon-ssa-foto-valter-pontes-agecom7-scaled-e1672139020649-1024x668-1.jpg",500,326,false],"large":["https:\/\/blogopara.com.br\/wp-content\/uploads\/2023\/12\/anotabahia-reveillon-em-salvador-tera-queima-de-fogos-por-cinco-dias-consecutivos-31-12-15-reveillon-ssa-foto-valter-pontes-agecom7-scaled-e1672139020649-1024x668-1.jpg",500,326,false],"1536x1536":["https:\/\/blogopara.com.br\/wp-content\/uploads\/2023\/12\/anotabahia-reveillon-em-salvador-tera-queima-de-fogos-por-cinco-dias-consecutivos-31-12-15-reveillon-ssa-foto-valter-pontes-agecom7-scaled-e1672139020649-1024x668-1.jpg",500,326,false],"2048x2048":["https:\/\/blogopara.com.br\/wp-content\/uploads\/2023\/12\/anotabahia-reveillon-em-salvador-tera-queima-de-fogos-por-cinco-dias-consecutivos-31-12-15-reveillon-ssa-foto-valter-pontes-agecom7-scaled-e1672139020649-1024x668-1.jpg",500,326,false],"mantranews-slider-large":["https:\/\/blogopara.com.br\/wp-content\/uploads\/2023\/12\/anotabahia-reveillon-em-salvador-tera-queima-de-fogos-por-cinco-dias-consecutivos-31-12-15-reveillon-ssa-foto-valter-pontes-agecom7-scaled-e1672139020649-1024x668-1.jpg",500,326,false],"mantranews-featured-medium":["https:\/\/blogopara.com.br\/wp-content\/uploads\/2023\/12\/anotabahia-reveillon-em-salvador-tera-queima-de-fogos-por-cinco-dias-consecutivos-31-12-15-reveillon-ssa-foto-valter-pontes-agecom7-scaled-e1672139020649-1024x668-1-420x307.jpg",420,307,true],"mantranews-featured-long":["https:\/\/blogopara.com.br\/wp-content\/uploads\/2023\/12\/anotabahia-reveillon-em-salvador-tera-queima-de-fogos-por-cinco-dias-consecutivos-31-12-15-reveillon-ssa-foto-valter-pontes-agecom7-scaled-e1672139020649-1024x668-1-300x326.jpg",300,326,true],"mantranews-block-medium":["https:\/\/blogopara.com.br\/wp-content\/uploads\/2023\/12\/anotabahia-reveillon-em-salvador-tera-queima-de-fogos-por-cinco-dias-consecutivos-31-12-15-reveillon-ssa-foto-valter-pontes-agecom7-scaled-e1672139020649-1024x668-1-464x290.jpg",464,290,true],"mantranews-carousel-image":["https:\/\/blogopara.com.br\/wp-content\/uploads\/2023\/12\/anotabahia-reveillon-em-salvador-tera-queima-de-fogos-por-cinco-dias-consecutivos-31-12-15-reveillon-ssa-foto-valter-pontes-agecom7-scaled-e1672139020649-1024x668-1.jpg",500,326,false],"mantranews-block-thumb":["https:\/\/blogopara.com.br\/wp-content\/uploads\/2023\/12\/anotabahia-reveillon-em-salvador-tera-queima-de-fogos-por-cinco-dias-consecutivos-31-12-15-reveillon-ssa-foto-valter-pontes-agecom7-scaled-e1672139020649-1024x668-1-322x230.jpg",322,230,true],"mantranews-single-large":["https:\/\/blogopara.com.br\/wp-content\/uploads\/2023\/12\/anotabahia-reveillon-em-salvador-tera-queima-de-fogos-por-cinco-dias-consecutivos-31-12-15-reveillon-ssa-foto-valter-pontes-agecom7-scaled-e1672139020649-1024x668-1.jpg",500,326,false]},"uagb_author_info":{"display_name":"Reda\u00e7\u00e3o geral","author_link":"https:\/\/blogopara.com.br\/index.php\/author\/blogopara"},"uagb_comment_info":0,"uagb_excerpt":"Salvador ter\u00e1 queima de fogos em 22 pontos da cidade para a chegada de 2024. Na orla da Boca do Rio,\u00a0onde acontece o Festival Virada Salvador, ser\u00e3o tr\u00eas pontos de queima de fogos para celebrar o ano novo. Na Arena Daniela Mercury, local onde ocorrem os shows, todos os dias ter\u00e1 queima de fogos, sempre&hellip;","jetpack_sharing_enabled":true,"jetpack_likes_enabled":true,"_links":{"self":[{"href":"https:\/\/blogopara.com.br\/index.php\/wp-json\/wp\/v2\/posts\/60716","targetHints":{"allow":["GET"]}}],"collection":[{"href":"https:\/\/blogopara.com.br\/index.php\/wp-json\/wp\/v2\/posts"}],"about":[{"href":"https:\/\/blogopara.com.br\/index.php\/wp-json\/wp\/v2\/types\/post"}],"author":[{"embeddable":true,"href":"https:\/\/blogopara.com.br\/index.php\/wp-json\/wp\/v2\/users\/1"}],"replies":[{"embeddable":true,"href":"https:\/\/blogopara.com.br\/index.php\/wp-json\/wp\/v2\/comments?post=60716"}],"version-history":[{"count":1,"href":"https:\/\/blogopara.com.br\/index.php\/wp-json\/wp\/v2\/posts\/60716\/revisions"}],"predecessor-version":[{"id":60718,"href":"https:\/\/blogopara.com.br\/index.php\/wp-json\/wp\/v2\/posts\/60716\/revisions\/60718"}],"wp:featuredmedia":[{"embeddable":true,"href":"https:\/\/blogopara.com.br\/index.php\/wp-json\/wp\/v2\/media\/60717"}],"wp:attachment":[{"href":"https:\/\/blogopara.com.br\/index.php\/wp-json\/wp\/v2\/media?parent=60716"}],"wp:term":[{"taxonomy":"category","embeddable":true,"href":"https:\/\/blogopara.com.br\/index.php\/wp-json\/wp\/v2\/categories?post=60716"},{"taxonomy":"post_tag","embeddable":true,"href":"https:\/\/blogopara.com.br\/index.php\/wp-json\/wp\/v2\/tags?post=60716"}],"curies":[{"name":"wp","href":"https:\/\/api.w.org\/{rel}","templated":true}]}}