{"id":60831,"date":"2024-01-05T07:45:00","date_gmt":"2024-01-05T10:45:00","guid":{"rendered":"https:\/\/blogopara.com.br\/?p=60831"},"modified":"2024-01-05T01:40:21","modified_gmt":"2024-01-05T04:40:21","slug":"alunos-novatos-com-deficiencia-podem-realizar-sua-pre-matricula-na-rede-municipal-de-ensino-de-juazeiro-nesta-quinta-e-sexta-feira","status":"publish","type":"post","link":"https:\/\/blogopara.com.br\/index.php\/2024\/01\/05\/alunos-novatos-com-deficiencia-podem-realizar-sua-pre-matricula-na-rede-municipal-de-ensino-de-juazeiro-nesta-quinta-e-sexta-feira","title":{"rendered":"Alunos novatos com defici\u00eancia podem realizar sua pr\u00e9-matr\u00edcula na rede municipal de ensino de Juazeiro nesta quinta e sexta-feira"},"content":{"rendered":"<p style=\"text-align: justify;\">A Prefeitura de Juazeiro, por meio da Secretaria de Educa\u00e7\u00e3o e Juventude (Seduc), inicia nesta quinta-feira (4) o per\u00edodo de pr\u00e9-matr\u00edculas para alunos novatos com defici\u00eancia, Transtorno do Espectro Autista (TEA) e Altas Habilidades\/Superdota\u00e7\u00e3o, referente ao ano letivo 2024, na rede municipal de ensino de Juazeiro. O cadastro de pr\u00e9-matr\u00edcula deve ser realizado pelo respons\u00e1vel legal do estudante at\u00e9 esta sexta-feira (5), por meio do Portal da Educa\u00e7\u00e3o do munic\u00edpio, no endere\u00e7o eletr\u00f4nico <a id=\"LPlnk331035\" href=\"http:\/\/educacao.juazeiro.ba.gov.br\/\" target=\"_blank\" rel=\"noopener noreferrer\" data-auth=\"NotApplicable\" data-linkindex=\"0\">educacao.juazeiro.ba.gov.br<\/a>.<br aria-hidden=\"true\" \/><br aria-hidden=\"true\" \/>No ato da inscri\u00e7\u00e3o, a m\u00e3e ou respons\u00e1vel pelo estudante dever\u00e1 indicar a unidade escolar e turno para a qual deseja a vaga, sendo permitida a inscri\u00e7\u00e3o para uma \u00fanica unidade. Para validar a inscri\u00e7\u00e3o, a m\u00e3e ou respons\u00e1vel legal do estudante deve comparecer \u00e0 unidade escolar relacionada no protocolo de agendamento dispon\u00edvel no Portal de Educa\u00e7\u00e3o, no dia e hor\u00e1rio estabelecidos pelo sistema, portando os documentos solicitados no protocolo de pr\u00e9-matr\u00edcula.<br aria-hidden=\"true\" \/><br aria-hidden=\"true\" \/>Calend\u00e1rio de matr\u00edcula<br aria-hidden=\"true\" \/>At\u00e9 o dia 7 de janeiro, o sistema tamb\u00e9m est\u00e1 aberto para inscri\u00e7\u00e3o dos interessados na modalidade Educa\u00e7\u00e3o Infantil\/Creche (0-3 anos). De 9 a 19 de janeiro ser\u00e3o realizadas as pr\u00e9-matr\u00edculas para os estudantes novatos, a inscri\u00e7\u00e3o para os interessados na modalidade da Educa\u00e7\u00e3o Infantil (Pr\u00e9-Escola de 4 a 5 anos), Ensino Fundamental e Educa\u00e7\u00e3o de Jovens e Adultos (EJA).<br aria-hidden=\"true\" \/>Mais informa\u00e7\u00f5es podem ser conferidas na instru\u00e7\u00e3o normativa, dispon\u00edvel no Di\u00e1rio Oficial do Munic\u00edpio.<br aria-hidden=\"true\" \/><br aria-hidden=\"true\" \/>Texto: Camila Santana \u2013 Ascom Seduc\/PMJ<\/p>\n","protected":false},"excerpt":{"rendered":"<p>A Prefeitura de Juazeiro, por meio da Secretaria de Educa\u00e7\u00e3o e Juventude (Seduc), inicia nesta quinta-feira (4) o per\u00edodo de pr\u00e9-matr\u00edculas para alunos novatos com defici\u00eancia, Transtorno do Espectro Autista (TEA) e Altas Habilidades\/Superdota\u00e7\u00e3o, referente ao ano letivo 2024, na rede municipal de ensino de Juazeiro. O cadastro de pr\u00e9-matr\u00edcula deve ser realizado pelo respons\u00e1vel [&hellip;]<\/p>\n","protected":false},"author":1,"featured_media":60832,"comment_status":"closed","ping_status":"open","sticky":false,"template":"","format":"standard","meta":{"_uag_custom_page_level_css":"","_monsterinsights_skip_tracking":false,"_monsterinsights_sitenote_active":false,"_monsterinsights_sitenote_note":"","_monsterinsights_sitenote_category":0,"jetpack_post_was_ever_published":false,"_jetpack_newsletter_access":"","_jetpack_dont_email_post_to_subs":false,"_jetpack_newsletter_tier_id":0,"_jetpack_memberships_contains_paywalled_content":false,"_jetpack_memberships_contains_paid_content":false,"footnotes":"","jetpack_publicize_message":"","jetpack_publicize_feature_enabled":true,"jetpack_social_post_already_shared":true,"jetpack_social_options":{"image_generator_settings":{"template":"highway","default_image_id":0,"font":"","enabled":false},"version":2}},"categories":[203],"tags":[],"class_list":["post-60831","post","type-post","status-publish","format-standard","has-post-thumbnail","hentry","category-juazeiro"],"jetpack_publicize_connections":[],"jetpack_featured_media_url":"https:\/\/blogopara.com.br\/wp-content\/uploads\/2024\/01\/thumbnail_Card.jpg","uagb_featured_image_src":{"full":["https:\/\/blogopara.com.br\/wp-content\/uploads\/2024\/01\/thumbnail_Card.jpg",500,500,false],"thumbnail":["https:\/\/blogopara.com.br\/wp-content\/uploads\/2024\/01\/thumbnail_Card-150x150.jpg",150,150,true],"medium":["https:\/\/blogopara.com.br\/wp-content\/uploads\/2024\/01\/thumbnail_Card-300x300.jpg",300,300,true],"medium_large":["https:\/\/blogopara.com.br\/wp-content\/uploads\/2024\/01\/thumbnail_Card.jpg",500,500,false],"large":["https:\/\/blogopara.com.br\/wp-content\/uploads\/2024\/01\/thumbnail_Card.jpg",500,500,false],"1536x1536":["https:\/\/blogopara.com.br\/wp-content\/uploads\/2024\/01\/thumbnail_Card.jpg",500,500,false],"2048x2048":["https:\/\/blogopara.com.br\/wp-content\/uploads\/2024\/01\/thumbnail_Card.jpg",500,500,false],"mantranews-slider-large":["https:\/\/blogopara.com.br\/wp-content\/uploads\/2024\/01\/thumbnail_Card.jpg",500,500,false],"mantranews-featured-medium":["https:\/\/blogopara.com.br\/wp-content\/uploads\/2024\/01\/thumbnail_Card-420x307.jpg",420,307,true],"mantranews-featured-long":["https:\/\/blogopara.com.br\/wp-content\/uploads\/2024\/01\/thumbnail_Card-300x443.jpg",300,443,true],"mantranews-block-medium":["https:\/\/blogopara.com.br\/wp-content\/uploads\/2024\/01\/thumbnail_Card-464x290.jpg",464,290,true],"mantranews-carousel-image":["https:\/\/blogopara.com.br\/wp-content\/uploads\/2024\/01\/thumbnail_Card.jpg",500,500,false],"mantranews-block-thumb":["https:\/\/blogopara.com.br\/wp-content\/uploads\/2024\/01\/thumbnail_Card-322x230.jpg",322,230,true],"mantranews-single-large":["https:\/\/blogopara.com.br\/wp-content\/uploads\/2024\/01\/thumbnail_Card.jpg",500,500,false]},"uagb_author_info":{"display_name":"Reda\u00e7\u00e3o geral","author_link":"https:\/\/blogopara.com.br\/index.php\/author\/blogopara"},"uagb_comment_info":0,"uagb_excerpt":"A Prefeitura de Juazeiro, por meio da Secretaria de Educa\u00e7\u00e3o e Juventude (Seduc), inicia nesta quinta-feira (4) o per\u00edodo de pr\u00e9-matr\u00edculas para alunos novatos com defici\u00eancia, Transtorno do Espectro Autista (TEA) e Altas Habilidades\/Superdota\u00e7\u00e3o, referente ao ano letivo 2024, na rede municipal de ensino de Juazeiro. O cadastro de pr\u00e9-matr\u00edcula deve ser realizado pelo respons\u00e1vel&hellip;","jetpack_sharing_enabled":true,"jetpack_likes_enabled":true,"_links":{"self":[{"href":"https:\/\/blogopara.com.br\/index.php\/wp-json\/wp\/v2\/posts\/60831","targetHints":{"allow":["GET"]}}],"collection":[{"href":"https:\/\/blogopara.com.br\/index.php\/wp-json\/wp\/v2\/posts"}],"about":[{"href":"https:\/\/blogopara.com.br\/index.php\/wp-json\/wp\/v2\/types\/post"}],"author":[{"embeddable":true,"href":"https:\/\/blogopara.com.br\/index.php\/wp-json\/wp\/v2\/users\/1"}],"replies":[{"embeddable":true,"href":"https:\/\/blogopara.com.br\/index.php\/wp-json\/wp\/v2\/comments?post=60831"}],"version-history":[{"count":1,"href":"https:\/\/blogopara.com.br\/index.php\/wp-json\/wp\/v2\/posts\/60831\/revisions"}],"predecessor-version":[{"id":60833,"href":"https:\/\/blogopara.com.br\/index.php\/wp-json\/wp\/v2\/posts\/60831\/revisions\/60833"}],"wp:featuredmedia":[{"embeddable":true,"href":"https:\/\/blogopara.com.br\/index.php\/wp-json\/wp\/v2\/media\/60832"}],"wp:attachment":[{"href":"https:\/\/blogopara.com.br\/index.php\/wp-json\/wp\/v2\/media?parent=60831"}],"wp:term":[{"taxonomy":"category","embeddable":true,"href":"https:\/\/blogopara.com.br\/index.php\/wp-json\/wp\/v2\/categories?post=60831"},{"taxonomy":"post_tag","embeddable":true,"href":"https:\/\/blogopara.com.br\/index.php\/wp-json\/wp\/v2\/tags?post=60831"}],"curies":[{"name":"wp","href":"https:\/\/api.w.org\/{rel}","templated":true}]}}