{"id":60975,"date":"2024-01-10T14:18:00","date_gmt":"2024-01-10T17:18:00","guid":{"rendered":"https:\/\/blogopara.com.br\/?p=60975"},"modified":"2024-01-09T16:26:49","modified_gmt":"2024-01-09T19:26:49","slug":"prefeitura-de-juazeiro-estabelece-regras-para-o-carnaval-de-2024-em-reuniao-entre-semaurb-e-amtt","status":"publish","type":"post","link":"https:\/\/blogopara.com.br\/index.php\/2024\/01\/10\/prefeitura-de-juazeiro-estabelece-regras-para-o-carnaval-de-2024-em-reuniao-entre-semaurb-e-amtt","title":{"rendered":"Prefeitura de Juazeiro estabelece regras para o Carnaval de 2024 em reuni\u00e3o entre Semaurb e AMTT"},"content":{"rendered":"<p style=\"text-align: justify;\">A Prefeitura de Juazeiro realizou nesta ter\u00e7a-feira (09) uma reuni\u00e3o para definir as regras para o Carnaval de Juazeiro, que ser\u00e1 realizado de 25 a 28 de janeiro, abrindo a temporada carnavalesca na Bahia. A reuni\u00e3o foi com a Secretaria de Meio Ambiente e Ordenamento Urbano (Semaurb) e a Autarquia Municipal de Tr\u00e2nsito e Transporte (AMTT). Durante o encontro, foram discutidas quest\u00f5es como a interdi\u00e7\u00e3o de vias p\u00fablicas, a circula\u00e7\u00e3o de ve\u00edculos, o abastecimento de barracas e camarotes.<br aria-hidden=\"true\" \/><br aria-hidden=\"true\" \/>De acordo com o diretor operacional da AMTT, Marcos Passos, as vias p\u00fablicas principais do circuito carnavalesco ser\u00e3o interditadas a partir das 18h da quinta-feira (25) e da sexta-feira (26). J\u00e1 no s\u00e1bado (27) e no domingo (28), as interdi\u00e7\u00f5es come\u00e7ar\u00e3o a partir das 16h.<br aria-hidden=\"true\" \/><br aria-hidden=\"true\" \/>O abastecimento das barracas, camarotes e bares localizados no circuito carnavalesco s\u00f3 ser\u00e1 permitido at\u00e9 \u00e0s 16h. Ap\u00f3s esse hor\u00e1rio, n\u00e3o ser\u00e1 permitida a entrada de nenhum ve\u00edculo no percurso do Carnaval.<br aria-hidden=\"true\" \/><br aria-hidden=\"true\" \/>&#8220;<i>Estamos trabalhando para garantir um Carnaval seguro e tranquilo para a popula\u00e7\u00e3o de Juazeiro. Essas regras foram definidas em conjunto com a CSTT para garantir a fluidez do tr\u00e2nsito e a seguran\u00e7a dos foli\u00f5es<\/i>&#8220;, afirmou o secret\u00e1rio da Semaurb, Isl\u00e9dio Bandeira.<br aria-hidden=\"true\" \/><br aria-hidden=\"true\" \/>&#8212;<br aria-hidden=\"true\" \/>Texto e fotos: Gabriel Filliph &#8211; Ascom PMJ<\/p>\n","protected":false},"excerpt":{"rendered":"<p>A Prefeitura de Juazeiro realizou nesta ter\u00e7a-feira (09) uma reuni\u00e3o para definir as regras para o Carnaval de Juazeiro, que ser\u00e1 realizado de 25 a 28 de janeiro, abrindo a temporada carnavalesca na Bahia. A reuni\u00e3o foi com a Secretaria de Meio Ambiente e Ordenamento Urbano (Semaurb) e a Autarquia Municipal de Tr\u00e2nsito e Transporte [&hellip;]<\/p>\n","protected":false},"author":1,"featured_media":60976,"comment_status":"closed","ping_status":"open","sticky":false,"template":"","format":"standard","meta":{"_uag_custom_page_level_css":"","_monsterinsights_skip_tracking":false,"_monsterinsights_sitenote_active":false,"_monsterinsights_sitenote_note":"","_monsterinsights_sitenote_category":0,"jetpack_post_was_ever_published":false,"_jetpack_newsletter_access":"","_jetpack_dont_email_post_to_subs":false,"_jetpack_newsletter_tier_id":0,"_jetpack_memberships_contains_paywalled_content":false,"_jetpack_memberships_contains_paid_content":false,"footnotes":"","jetpack_publicize_message":"","jetpack_publicize_feature_enabled":true,"jetpack_social_post_already_shared":true,"jetpack_social_options":{"image_generator_settings":{"template":"highway","default_image_id":0,"font":"","enabled":false},"version":2}},"categories":[203],"tags":[],"class_list":["post-60975","post","type-post","status-publish","format-standard","has-post-thumbnail","hentry","category-juazeiro"],"jetpack_publicize_connections":[],"jetpack_featured_media_url":"https:\/\/blogopara.com.br\/wp-content\/uploads\/2024\/01\/Reuniao-Carnaval-2024.jpg","uagb_featured_image_src":{"full":["https:\/\/blogopara.com.br\/wp-content\/uploads\/2024\/01\/Reuniao-Carnaval-2024.jpg",500,333,false],"thumbnail":["https:\/\/blogopara.com.br\/wp-content\/uploads\/2024\/01\/Reuniao-Carnaval-2024-150x150.jpg",150,150,true],"medium":["https:\/\/blogopara.com.br\/wp-content\/uploads\/2024\/01\/Reuniao-Carnaval-2024-300x200.jpg",300,200,true],"medium_large":["https:\/\/blogopara.com.br\/wp-content\/uploads\/2024\/01\/Reuniao-Carnaval-2024.jpg",500,333,false],"large":["https:\/\/blogopara.com.br\/wp-content\/uploads\/2024\/01\/Reuniao-Carnaval-2024.jpg",500,333,false],"1536x1536":["https:\/\/blogopara.com.br\/wp-content\/uploads\/2024\/01\/Reuniao-Carnaval-2024.jpg",500,333,false],"2048x2048":["https:\/\/blogopara.com.br\/wp-content\/uploads\/2024\/01\/Reuniao-Carnaval-2024.jpg",500,333,false],"mantranews-slider-large":["https:\/\/blogopara.com.br\/wp-content\/uploads\/2024\/01\/Reuniao-Carnaval-2024.jpg",500,333,false],"mantranews-featured-medium":["https:\/\/blogopara.com.br\/wp-content\/uploads\/2024\/01\/Reuniao-Carnaval-2024-420x307.jpg",420,307,true],"mantranews-featured-long":["https:\/\/blogopara.com.br\/wp-content\/uploads\/2024\/01\/Reuniao-Carnaval-2024-300x333.jpg",300,333,true],"mantranews-block-medium":["https:\/\/blogopara.com.br\/wp-content\/uploads\/2024\/01\/Reuniao-Carnaval-2024-464x290.jpg",464,290,true],"mantranews-carousel-image":["https:\/\/blogopara.com.br\/wp-content\/uploads\/2024\/01\/Reuniao-Carnaval-2024.jpg",500,333,false],"mantranews-block-thumb":["https:\/\/blogopara.com.br\/wp-content\/uploads\/2024\/01\/Reuniao-Carnaval-2024-322x230.jpg",322,230,true],"mantranews-single-large":["https:\/\/blogopara.com.br\/wp-content\/uploads\/2024\/01\/Reuniao-Carnaval-2024.jpg",500,333,false]},"uagb_author_info":{"display_name":"Reda\u00e7\u00e3o geral","author_link":"https:\/\/blogopara.com.br\/index.php\/author\/blogopara"},"uagb_comment_info":0,"uagb_excerpt":"A Prefeitura de Juazeiro realizou nesta ter\u00e7a-feira (09) uma reuni\u00e3o para definir as regras para o Carnaval de Juazeiro, que ser\u00e1 realizado de 25 a 28 de janeiro, abrindo a temporada carnavalesca na Bahia. A reuni\u00e3o foi com a Secretaria de Meio Ambiente e Ordenamento Urbano (Semaurb) e a Autarquia Municipal de Tr\u00e2nsito e Transporte&hellip;","jetpack_sharing_enabled":true,"jetpack_likes_enabled":true,"_links":{"self":[{"href":"https:\/\/blogopara.com.br\/index.php\/wp-json\/wp\/v2\/posts\/60975","targetHints":{"allow":["GET"]}}],"collection":[{"href":"https:\/\/blogopara.com.br\/index.php\/wp-json\/wp\/v2\/posts"}],"about":[{"href":"https:\/\/blogopara.com.br\/index.php\/wp-json\/wp\/v2\/types\/post"}],"author":[{"embeddable":true,"href":"https:\/\/blogopara.com.br\/index.php\/wp-json\/wp\/v2\/users\/1"}],"replies":[{"embeddable":true,"href":"https:\/\/blogopara.com.br\/index.php\/wp-json\/wp\/v2\/comments?post=60975"}],"version-history":[{"count":1,"href":"https:\/\/blogopara.com.br\/index.php\/wp-json\/wp\/v2\/posts\/60975\/revisions"}],"predecessor-version":[{"id":60977,"href":"https:\/\/blogopara.com.br\/index.php\/wp-json\/wp\/v2\/posts\/60975\/revisions\/60977"}],"wp:featuredmedia":[{"embeddable":true,"href":"https:\/\/blogopara.com.br\/index.php\/wp-json\/wp\/v2\/media\/60976"}],"wp:attachment":[{"href":"https:\/\/blogopara.com.br\/index.php\/wp-json\/wp\/v2\/media?parent=60975"}],"wp:term":[{"taxonomy":"category","embeddable":true,"href":"https:\/\/blogopara.com.br\/index.php\/wp-json\/wp\/v2\/categories?post=60975"},{"taxonomy":"post_tag","embeddable":true,"href":"https:\/\/blogopara.com.br\/index.php\/wp-json\/wp\/v2\/tags?post=60975"}],"curies":[{"name":"wp","href":"https:\/\/api.w.org\/{rel}","templated":true}]}}