{"id":60991,"date":"2024-01-10T11:10:00","date_gmt":"2024-01-10T14:10:00","guid":{"rendered":"https:\/\/blogopara.com.br\/?p=60991"},"modified":"2024-01-09T23:14:11","modified_gmt":"2024-01-10T02:14:11","slug":"lula-sanciona-lei-que-confere-titulo-de-heroi-da-patria-a-luiz-gonzaga","status":"publish","type":"post","link":"https:\/\/blogopara.com.br\/index.php\/2024\/01\/10\/lula-sanciona-lei-que-confere-titulo-de-heroi-da-patria-a-luiz-gonzaga","title":{"rendered":"Lula sanciona lei que confere t\u00edtulo de Her\u00f3i da P\u00e1tria a Luiz Gonzaga"},"content":{"rendered":"<p style=\"text-align: justify;\">Nesta segunda-feira (8), o presidente Luiz In\u00e1cio Lula da Silva sancionou a Lei n\u00ba 14.793 no Di\u00e1rio Oficial da Uni\u00e3o (DOU, que confere o t\u00edtulo de Her\u00f3i da P\u00e1tria a Luiz Gonzaga. Com isso, o nome do Rei do Bai\u00e3o passa a integrar o Livro dos Her\u00f3is e Hero\u00ednas da P\u00e1tria, no Pante\u00e3o da P\u00e1tria e da Liberdade, em Bras\u00edlia, como forma de homenage\u00e1-lo pela representa\u00e7\u00e3o na cultura popular brasileira, em especial a nordestina.<\/p>\n<p style=\"text-align: justify;\">Nascido em 13 de dezembro de 1912, em Exu, no Sert\u00e3o de Pernambuco, o sanfoneiro era filho de Ana Batista de Jesus e de Janu\u00e1rio Jos\u00e9 dos Santos, conhecido nas redondezas como Mestre Janu\u00e1rio por tamb\u00e9m dominar a sanfona e eternizado pelo filho na m\u00fasica \u2018Respeita Janu\u00e1rio\u2019.<\/p>\n<p style=\"text-align: justify;\">Gonzag\u00e3o faleceu aos 76 anos, em 2 de agosto de 1989. Em seu legado, deixou mais de 50 discos compactos e 44 discos de vinil e a consolida\u00e7\u00e3o da m\u00fasica nordestina em todo o pa\u00eds. Dominou a sanfona desde cedo, instrumento que carregou por toda a vida, seguindo os passos do pai. Antes de emplacar na carreira musical, serviu como soldado ao Ex\u00e9rcito no Nordeste e come\u00e7ou sua carreira de m\u00fasico no Rio de Janeiro, ent\u00e3o capital do pa\u00eds, em 1939.<\/p>\n<p style=\"text-align: justify;\">Em homenagem ao seu nascimento, o dia 13 de dezembro foi institu\u00eddo como o Dia Nacional do Forr\u00f3. Em 2023, o presidente Lula sancionou a Lei n\u00ba 14.720, que reconheceu oficialmente o forr\u00f3 como manifesta\u00e7\u00e3o da cultura nacional. O Instituto do Patrim\u00f4nio Hist\u00f3rico e Art\u00edstico Nacional (Iphan) declarou, em 2021, as matrizes tradicionais do forr\u00f3 como Patrim\u00f4nio Cultural do Brasil.<\/p>\n<p style=\"text-align: justify;\"><em>Fonte: Blog do Waldiney Passos<\/em><\/p>\n","protected":false},"excerpt":{"rendered":"<p>Nesta segunda-feira (8), o presidente Luiz In\u00e1cio Lula da Silva sancionou a Lei n\u00ba 14.793 no Di\u00e1rio Oficial da Uni\u00e3o (DOU, que confere o t\u00edtulo de Her\u00f3i da P\u00e1tria a Luiz Gonzaga. Com isso, o nome do Rei do Bai\u00e3o passa a integrar o Livro dos Her\u00f3is e Hero\u00ednas da P\u00e1tria, no Pante\u00e3o da P\u00e1tria [&hellip;]<\/p>\n","protected":false},"author":1,"featured_media":60992,"comment_status":"closed","ping_status":"open","sticky":false,"template":"","format":"standard","meta":{"_uag_custom_page_level_css":"","_monsterinsights_skip_tracking":false,"_monsterinsights_sitenote_active":false,"_monsterinsights_sitenote_note":"","_monsterinsights_sitenote_category":0,"jetpack_post_was_ever_published":false,"_jetpack_newsletter_access":"","_jetpack_dont_email_post_to_subs":false,"_jetpack_newsletter_tier_id":0,"_jetpack_memberships_contains_paywalled_content":false,"_jetpack_memberships_contains_paid_content":false,"footnotes":"","jetpack_publicize_message":"","jetpack_publicize_feature_enabled":true,"jetpack_social_post_already_shared":true,"jetpack_social_options":{"image_generator_settings":{"template":"highway","default_image_id":0,"font":"","enabled":false},"version":2}},"categories":[1784,11295],"tags":[11296,530,554],"class_list":["post-60991","post","type-post","status-publish","format-standard","has-post-thumbnail","hentry","category-cultura-2","category-nordeste-nordeste","tag-heroi-da-patria","tag-luiz-gonzaga","tag-lula"],"jetpack_publicize_connections":[],"jetpack_featured_media_url":"https:\/\/blogopara.com.br\/wp-content\/uploads\/2024\/01\/luizgonzaga.png","uagb_featured_image_src":{"full":["https:\/\/blogopara.com.br\/wp-content\/uploads\/2024\/01\/luizgonzaga.png",500,281,false],"thumbnail":["https:\/\/blogopara.com.br\/wp-content\/uploads\/2024\/01\/luizgonzaga-150x150.png",150,150,true],"medium":["https:\/\/blogopara.com.br\/wp-content\/uploads\/2024\/01\/luizgonzaga-300x169.png",300,169,true],"medium_large":["https:\/\/blogopara.com.br\/wp-content\/uploads\/2024\/01\/luizgonzaga.png",500,281,false],"large":["https:\/\/blogopara.com.br\/wp-content\/uploads\/2024\/01\/luizgonzaga.png",500,281,false],"1536x1536":["https:\/\/blogopara.com.br\/wp-content\/uploads\/2024\/01\/luizgonzaga.png",500,281,false],"2048x2048":["https:\/\/blogopara.com.br\/wp-content\/uploads\/2024\/01\/luizgonzaga.png",500,281,false],"mantranews-slider-large":["https:\/\/blogopara.com.br\/wp-content\/uploads\/2024\/01\/luizgonzaga.png",500,281,false],"mantranews-featured-medium":["https:\/\/blogopara.com.br\/wp-content\/uploads\/2024\/01\/luizgonzaga-420x281.png",420,281,true],"mantranews-featured-long":["https:\/\/blogopara.com.br\/wp-content\/uploads\/2024\/01\/luizgonzaga-300x281.png",300,281,true],"mantranews-block-medium":["https:\/\/blogopara.com.br\/wp-content\/uploads\/2024\/01\/luizgonzaga-464x281.png",464,281,true],"mantranews-carousel-image":["https:\/\/blogopara.com.br\/wp-content\/uploads\/2024\/01\/luizgonzaga.png",500,281,false],"mantranews-block-thumb":["https:\/\/blogopara.com.br\/wp-content\/uploads\/2024\/01\/luizgonzaga-322x230.png",322,230,true],"mantranews-single-large":["https:\/\/blogopara.com.br\/wp-content\/uploads\/2024\/01\/luizgonzaga.png",500,281,false]},"uagb_author_info":{"display_name":"Reda\u00e7\u00e3o geral","author_link":"https:\/\/blogopara.com.br\/index.php\/author\/blogopara"},"uagb_comment_info":0,"uagb_excerpt":"Nesta segunda-feira (8), o presidente Luiz In\u00e1cio Lula da Silva sancionou a Lei n\u00ba 14.793 no Di\u00e1rio Oficial da Uni\u00e3o (DOU, que confere o t\u00edtulo de Her\u00f3i da P\u00e1tria a Luiz Gonzaga. Com isso, o nome do Rei do Bai\u00e3o passa a integrar o Livro dos Her\u00f3is e Hero\u00ednas da P\u00e1tria, no Pante\u00e3o da P\u00e1tria&hellip;","jetpack_sharing_enabled":true,"jetpack_likes_enabled":true,"_links":{"self":[{"href":"https:\/\/blogopara.com.br\/index.php\/wp-json\/wp\/v2\/posts\/60991","targetHints":{"allow":["GET"]}}],"collection":[{"href":"https:\/\/blogopara.com.br\/index.php\/wp-json\/wp\/v2\/posts"}],"about":[{"href":"https:\/\/blogopara.com.br\/index.php\/wp-json\/wp\/v2\/types\/post"}],"author":[{"embeddable":true,"href":"https:\/\/blogopara.com.br\/index.php\/wp-json\/wp\/v2\/users\/1"}],"replies":[{"embeddable":true,"href":"https:\/\/blogopara.com.br\/index.php\/wp-json\/wp\/v2\/comments?post=60991"}],"version-history":[{"count":1,"href":"https:\/\/blogopara.com.br\/index.php\/wp-json\/wp\/v2\/posts\/60991\/revisions"}],"predecessor-version":[{"id":60993,"href":"https:\/\/blogopara.com.br\/index.php\/wp-json\/wp\/v2\/posts\/60991\/revisions\/60993"}],"wp:featuredmedia":[{"embeddable":true,"href":"https:\/\/blogopara.com.br\/index.php\/wp-json\/wp\/v2\/media\/60992"}],"wp:attachment":[{"href":"https:\/\/blogopara.com.br\/index.php\/wp-json\/wp\/v2\/media?parent=60991"}],"wp:term":[{"taxonomy":"category","embeddable":true,"href":"https:\/\/blogopara.com.br\/index.php\/wp-json\/wp\/v2\/categories?post=60991"},{"taxonomy":"post_tag","embeddable":true,"href":"https:\/\/blogopara.com.br\/index.php\/wp-json\/wp\/v2\/tags?post=60991"}],"curies":[{"name":"wp","href":"https:\/\/api.w.org\/{rel}","templated":true}]}}