{"id":61015,"date":"2024-01-11T14:27:00","date_gmt":"2024-01-11T17:27:00","guid":{"rendered":"https:\/\/blogopara.com.br\/?p=61015"},"modified":"2024-01-10T21:31:43","modified_gmt":"2024-01-11T00:31:43","slug":"enem-dos-concursos-veja-os-editais-e-saiba-tudo-sobre-a-selecao-unificada","status":"publish","type":"post","link":"https:\/\/blogopara.com.br\/index.php\/2024\/01\/11\/enem-dos-concursos-veja-os-editais-e-saiba-tudo-sobre-a-selecao-unificada","title":{"rendered":"Enem dos Concursos: veja os editais e saiba tudo sobre a sele\u00e7\u00e3o unificada"},"content":{"rendered":"<div class=\"container--component-block\">\n<p id=\"paragrafo-yl235s47ak\" class=\"component--paragrafo\" style=\"text-align: justify;\">Os editais do Concurso P\u00fablico Nacional Unificado, apelidado de Enem dos Concursos, foram publicados na noite desta quarta-feira (10). Ao todo, ser\u00e3o 6.640 vagas divididas em 21 \u00f3rg\u00e3os federais. A sele\u00e7\u00e3o ter\u00e1 provas simult\u00e2neas em 220 cidades de todo o pa\u00eds no dia 5 de maio.<\/p>\n<\/div>\n<div class=\"container--component-block\" style=\"text-align: justify;\">\n<p id=\"paragrafo-qquhbhzk1u\" class=\"component--paragrafo\">As inscri\u00e7\u00f5es come\u00e7am em 19 de janeiro\u00a0e v\u00e3o at\u00e9 6 de fevereiro. \u00c9 na inscri\u00e7\u00e3o que o candidato escolhe a carreira, que est\u00e3o agrupadas em oito blocos tem\u00e1ticos. Veja a distribui\u00e7\u00e3o das vagas abaixo.<\/p>\n<\/div>\n<div class=\"container--component-block\" style=\"text-align: justify;\">\n<h4 id=\"intertitulo-2yi1okfvbl\" class=\"component--intertitulo\">Confira os editais:<\/h4>\n<\/div>\n<div class=\"container--component-block\" style=\"text-align: justify;\">\n<p id=\"paragrafo-rt5t2v73ps\" class=\"component--paragrafo\"><a class=\"link\" href=\"https:\/\/www.gov.br\/gestao\/pt-br\/concursonacional\/editais\/edital-cpnu-bloco-1-10jan2024.pdf\" target=\"_blank\" rel=\"noopener\"><b>Edital bloco tem\u00e1tico 1 \u2013 Infraestrutura, Exatas e Engenharias<\/b><\/a><\/p>\n<\/div>\n<div class=\"container--component-block\" style=\"text-align: justify;\">\n<p id=\"paragrafo-pjy7729y1r\" class=\"component--paragrafo\"><a class=\"link\" href=\"https:\/\/www.in.gov.br\/en\/web\/dou\/-\/edital-n-1-de-10-de-janeiro-de-2024concurso-publico-nacional-unificado-do-governo-federal-para-provimento-536759310\" target=\"_blank\" rel=\"noopener\">Di\u00e1rio Oficial<\/a><\/p>\n<\/div>\n<div class=\"container--component-block\" style=\"text-align: justify;\">\n<p id=\"paragrafo-h5pkwerhbr\" class=\"component--paragrafo\"><a class=\"link\" href=\"https:\/\/www.gov.br\/gestao\/pt-br\/concursonacional\/editais\/edital-cpnu-bloco-2-10jan2024.pdf\" target=\"_blank\" rel=\"noopener\"><b>Edital bloco tem\u00e1tico 2 \u2013 Tecnologia, Dados e Informa\u00e7\u00e3o<\/b><\/a><\/p>\n<\/div>\n<div class=\"container--component-block\" style=\"text-align: justify;\">\n<p id=\"paragrafo-iy3cc699hf\" class=\"component--paragrafo\"><a class=\"link\" href=\"https:\/\/www.in.gov.br\/en\/web\/dou\/-\/edital-n-2-de-10-de-janeiro-de-2024concurso-publico-nacional-unificado-do-governo-federal-para-provimento-536759236\" target=\"_blank\" rel=\"noopener\">Di\u00e1rio Oficial<\/a><\/p>\n<\/div>\n<div class=\"container--component-block\" style=\"text-align: justify;\">\n<p id=\"paragrafo-r5f2lm4c6e\" class=\"component--paragrafo\"><a class=\"link\" href=\"https:\/\/www.gov.br\/gestao\/pt-br\/concursonacional\/editais\/edital-cpnu-bloco-3-10jan2024.pdf\" target=\"_blank\" rel=\"noopener\"><b>Edital bloco tem\u00e1tico 3 \u2013 Ambiental, Agr\u00e1rio e Biol\u00f3gicas<\/b><\/a><\/p>\n<\/div>\n<div class=\"container--component-block\" style=\"text-align: justify;\">\n<p id=\"paragrafo-2zkutihkti\" class=\"component--paragrafo\"><a class=\"link\" href=\"https:\/\/www.in.gov.br\/en\/web\/dou\/-\/edital-n-3-de-10-de-janeiro-de-2024concurso-publico-nacional-unificado-do-governo-federal-para-provimento-536759022\" target=\"_blank\" rel=\"noopener\">Di\u00e1rio Oficial<\/a><\/p>\n<\/div>\n<div class=\"container--component-block\" style=\"text-align: justify;\">\n<p id=\"paragrafo-3qxau8qwj5\" class=\"component--paragrafo\"><a class=\"link\" href=\"https:\/\/www.gov.br\/gestao\/pt-br\/concursonacional\/editais\/edital-cpnu-bloco-4-10jan2024.pdf\" target=\"_blank\" rel=\"noopener\"><b>Edital bloco tem\u00e1tico 4 \u2013 Trabalho e Sa\u00fade do Servidor<\/b><\/a><\/p>\n<\/div>\n<div class=\"container--component-block\" style=\"text-align: justify;\">\n<p id=\"paragrafo-5tqiviaxof\" class=\"component--paragrafo\"><a class=\"link\" href=\"https:\/\/www.in.gov.br\/en\/web\/dou\/-\/edital-n-4-de-10-de-janeiro-de-2024concurso-publico-nacional-unificado-do-governo-federal-para-provimento-536758942\" target=\"_blank\" rel=\"noopener\">Di\u00e1rio Oficial<\/a><\/p>\n<\/div>\n<div class=\"container--component-block\" style=\"text-align: justify;\">\n<p id=\"paragrafo-kdua34fuda\" class=\"component--paragrafo\"><a class=\"link\" href=\"https:\/\/www.gov.br\/gestao\/pt-br\/concursonacional\/editais\/edital-cpnu-bloco-5-10jan2024.pdf\" target=\"_blank\" rel=\"noopener\"><b>Edital bloco tem\u00e1tico 5 \u2013 Educa\u00e7\u00e3o, Sa\u00fade, Desenvolvimento Social e Direitos Humanos<\/b><\/a><\/p>\n<\/div>\n<div class=\"container--component-block\" style=\"text-align: justify;\">\n<p id=\"paragrafo-2yse6ii3vv\" class=\"component--paragrafo\"><a class=\"link\" href=\"https:\/\/www.in.gov.br\/en\/web\/dou\/-\/edital-n-5-de-10-de-janeiro-de-2024concurso-publico-nacional-unificado-do-governo-federal-para-536759338\" target=\"_blank\" rel=\"noopener\">Di\u00e1rio Oficial<\/a><\/p>\n<\/div>\n<div class=\"container--component-block\" style=\"text-align: justify;\">\n<p id=\"paragrafo-sagj0ixxpc\" class=\"component--paragrafo\"><a class=\"link\" href=\"https:\/\/www.gov.br\/gestao\/pt-br\/concursonacional\/editais\/edital-cpnu-bloco-6-10jan2024.pdf\" target=\"_blank\" rel=\"noopener\"><b>Edital bloco tem\u00e1tico 6 \u2013 Setores Econ\u00f4micos e Regula\u00e7\u00e3o<\/b><\/a><\/p>\n<\/div>\n<div class=\"container--component-block\" style=\"text-align: justify;\">\n<p id=\"paragrafo-yh39zatzgj\" class=\"component--paragrafo\"><a class=\"link\" href=\"https:\/\/www.in.gov.br\/en\/web\/dou\/-\/edital-n-6-de-10-de-janeiro-de-2024concurso-publico-nacional-unificado-do-governo-federal-para-536758915\" target=\"_blank\" rel=\"noopener\">Di\u00e1rio Oficial<\/a><\/p>\n<\/div>\n<div class=\"container--component-block\" style=\"text-align: justify;\">\n<p id=\"paragrafo-wntfu3m0sb\" class=\"component--paragrafo\"><a class=\"link\" href=\"https:\/\/www.gov.br\/gestao\/pt-br\/concursonacional\/editais\/edital-cpnu-bloco-7-10jan2024.pdf\" target=\"_blank\" rel=\"noopener\"><b>Edital bloco tem\u00e1tico 7 \u2013 Gest\u00e3o Governamental e Administra\u00e7\u00e3o P\u00fablica<\/b><\/a><\/p>\n<\/div>\n<div class=\"container--component-block\" style=\"text-align: justify;\">\n<p id=\"paragrafo-ywm5iwsrlk\" class=\"component--paragrafo\"><a class=\"link\" href=\"https:\/\/www.in.gov.br\/en\/web\/dou\/-\/edital-n-7-de-10-de-janeiro-de-2024concurso-publico-nacional-unificado-do-governo-federal-para-provimento-536759152\" target=\"_blank\" rel=\"noopener\">Di\u00e1rio Oficial<\/a><\/p>\n<\/div>\n<div class=\"container--component-block\" style=\"text-align: justify;\">\n<p id=\"paragrafo-raoq72ksdi\" class=\"component--paragrafo\"><a class=\"link\" href=\"https:\/\/www.gov.br\/gestao\/pt-br\/concursonacional\/editais\/edital-cpnu-bloco-8-10jan2024.pdf\" target=\"_blank\" rel=\"noopener\"><b>Edital bloco tem\u00e1tico 8 \u2013 N\u00edvel Intermedi\u00e1rio<\/b><\/a><\/p>\n<\/div>\n<div class=\"container--component-block\" style=\"text-align: justify;\">\n<p id=\"paragrafo-50c92bez0m\" class=\"component--paragrafo\"><a class=\"link\" href=\"https:\/\/www.in.gov.br\/en\/web\/dou\/-\/edital-n-8-de-10-de-janeiro-de-2024concurso-publico-nacional-unificado-do-governo-federal-para-536758785\" target=\"_blank\" rel=\"noopener\">Di\u00e1rio Oficial<\/a><\/p>\n<\/div>\n<div class=\"container--component-block\" style=\"text-align: justify;\">\n<p id=\"paragrafo-d7bn9pdxgm\" class=\"component--paragrafo\">Embora a banca respons\u00e1vel pelo concurso seja a Funda\u00e7\u00e3o Cesgranrio, as inscri\u00e7\u00f5es ocorrer\u00e3o no Portal Gov.br. Para se inscrever, ser\u00e1 necess\u00e1rio ter conta no portal de qualquer n\u00edvel (ouro, prata ou bronze). A taxa de inscri\u00e7\u00e3o custar\u00e1 R$ 60 para n\u00edvel m\u00e9dio e R$ 90 para n\u00edvel superior.<\/p>\n<\/div>\n<div class=\"container--component-block\" style=\"text-align: justify;\">\n<p id=\"paragrafo-ra4hjynr1f\" class=\"component--paragrafo\">A taxa de inscri\u00e7\u00e3o dar\u00e1 direito aos candidatos de disputar v\u00e1rias vagas em diferentes \u00f3rg\u00e3os federais, desde que dentro do mesmo bloco tem\u00e1tico. Poder\u00e3o pedir isen\u00e7\u00e3o da taxa inscritos no Cadastro \u00danico para Programas Sociais do Governo Federal (Cad\u00danico), doadores de medula \u00f3ssea e bolsista ou ex-bolsista do Programa Universidade para Todos (Prouni) ou Fundo de Financiamento Estudantil (Fies).<\/p>\n<\/div>\n<div class=\"container--component-block\" style=\"text-align: justify;\">\n<p id=\"paragrafo-zxkz6qutur\" class=\"component--paragrafo\">Segundo o Minist\u00e9rio da Gest\u00e3o e Inova\u00e7\u00e3o em Servi\u00e7os P\u00fablicos, o concurso dever\u00e1 atrair de 2 milh\u00f5es a 3 milh\u00f5es de candidatos. Das 6.640 vagas previstas, 5.948 s\u00e3o para n\u00edvel superior (gradua\u00e7\u00e3o) e 692 s\u00e3o de n\u00edvel m\u00e9dio. Os sal\u00e1rios variam de R$ 3,7 mil a R$ 23 mil. A divulga\u00e7\u00e3o final dos resultados ocorrer\u00e1 em 30 de julho, com o in\u00edcio da convoca\u00e7\u00e3o para a posse e para os cursos de forma\u00e7\u00e3o em 5 de agosto.<\/p>\n<\/div>\n<div class=\"container--component-block\" style=\"text-align: justify;\">\n<p id=\"paragrafo-glmzzduhsh\" class=\"component--paragrafo\">Confira abaixo mais informa\u00e7\u00f5es sobre o concurso:<\/p>\n<\/div>\n<div class=\"container--component-block\" style=\"text-align: justify;\">\n<h4 id=\"intertitulo-fvmeim97my\" class=\"component--intertitulo\">Vagas<\/h4>\n<\/div>\n<div class=\"container--component-block\" style=\"text-align: justify;\">\n<p id=\"paragrafo-0lyafbmebi\" class=\"component--paragrafo\">\u2022 N\u00edvel superior (gradua\u00e7\u00e3o): 5.948<\/p>\n<\/div>\n<div class=\"container--component-block\" style=\"text-align: justify;\">\n<p id=\"paragrafo-rrp5ds82i1\" class=\"component--paragrafo\">\u2022 N\u00edvel m\u00e9dio: 692<\/p>\n<\/div>\n<div class=\"container--component-block\" style=\"text-align: justify;\">\n<p id=\"paragrafo-en00yt93y2\" class=\"component--paragrafo\">\u2022 Total: 6.640<\/p>\n<\/div>\n<div class=\"container--component-block\" style=\"text-align: justify;\">\n<h4 id=\"intertitulo-11r2wl4zo5\" class=\"component--intertitulo\">Blocos tem\u00e1ticos<\/h4>\n<\/div>\n<div class=\"container--component-block\" style=\"text-align: justify;\">\n<p id=\"paragrafo-50nox4i7a4\" class=\"component--paragrafo\">\u2022 Bloco 1: Infraestrutura, Exatas e Engenharia (727 vagas);<\/p>\n<\/div>\n<div class=\"container--component-block\" style=\"text-align: justify;\">\n<p id=\"paragrafo-nvuewk93zy\" class=\"component--paragrafo\">\u2022 Bloco 2: Tecnologia, Dados e Informa\u00e7\u00f5es (597 vagas);<\/p>\n<\/div>\n<div class=\"container--component-block\" style=\"text-align: justify;\">\n<p id=\"paragrafo-60e6okh3bd\" class=\"component--paragrafo\">\u2022 Bloco 3: Ambiental, Agr\u00e1rio e Biol\u00f3gicas (530 vagas);<\/p>\n<\/div>\n<div class=\"container--component-block\" style=\"text-align: justify;\">\n<p id=\"paragrafo-lej9rxd2mk\" class=\"component--paragrafo\">\u2022 Bloco 4: Trabalho e Sa\u00fade do Servidor (971 vagas);<\/p>\n<\/div>\n<div class=\"container--component-block\" style=\"text-align: justify;\">\n<p id=\"paragrafo-abuvk4o8rd\" class=\"component--paragrafo\">\u2022 Bloco 5: Educa\u00e7\u00e3o, Sa\u00fade, Desenvolvimento Social e Direitos Humanos (1.016 vagas);<\/p>\n<\/div>\n<div class=\"container--component-block\" style=\"text-align: justify;\">\n<p id=\"paragrafo-yaehrjio8d\" class=\"component--paragrafo\">\u2022 Bloco 6: Setores Econ\u00f4micos e Regula\u00e7\u00e3o (359 vagas);<\/p>\n<\/div>\n<div class=\"container--component-block\" style=\"text-align: justify;\">\n<p id=\"paragrafo-ikw3fgcy1t\" class=\"component--paragrafo\">\u2022 Bloco 7: Gest\u00e3o Governamental e Administra\u00e7\u00e3o P\u00fablica (1.748 vagas);<\/p>\n<\/div>\n<div class=\"container--component-block\" style=\"text-align: justify;\">\n<p id=\"paragrafo-6835k82igs\" class=\"component--paragrafo\">\u2022 Bloco 8: N\u00edvel intermedi\u00e1rio (692 vagas).<\/p>\n<\/div>\n<div class=\"container--component-block\" style=\"text-align: justify;\">\n<h4 id=\"intertitulo-wzj60h2s4z\" class=\"component--intertitulo\">Reserva de vagas<\/h4>\n<\/div>\n<div class=\"container--component-block\" style=\"text-align: justify;\">\n<p id=\"paragrafo-mo0jffwf02\" class=\"component--paragrafo\">\u2022 20% para pessoas negras;<\/p>\n<\/div>\n<div class=\"container--component-block\" style=\"text-align: justify;\">\n<p id=\"paragrafo-esn44xm5i9\" class=\"component--paragrafo\">\u2022 5% para pessoas com defici\u00eancia;<\/p>\n<\/div>\n<div class=\"container--component-block\" style=\"text-align: justify;\">\n<p id=\"paragrafo-n1s3qm1hxz\" class=\"component--paragrafo\">\u2022 30% para ind\u00edgenas nos cargos para a Funai.<\/p>\n<\/div>\n<div class=\"container--component-block\" style=\"text-align: justify;\">\n<h4 id=\"intertitulo-cutwzofyds\" class=\"component--intertitulo\">Cronograma<\/h4>\n<\/div>\n<div class=\"container--component-block\" style=\"text-align: justify;\">\n<p id=\"paragrafo-y3blnpi8n5\" class=\"component--paragrafo\">\u2022 Inscri\u00e7\u00f5es: 19\/01 a 09\/02\/2024<\/p>\n<\/div>\n<div class=\"container--component-block\" style=\"text-align: justify;\">\n<p id=\"paragrafo-ipzr4xq2we\" class=\"component--paragrafo\">\u2022 Divulga\u00e7\u00e3o dos dados finais de inscri\u00e7\u00f5es: 29\/02\/2024<\/p>\n<\/div>\n<div class=\"container--component-block\" style=\"text-align: justify;\">\n<p id=\"paragrafo-4qtyruo4x4\" class=\"component--paragrafo\">\u2022 Divulga\u00e7\u00e3o dos cart\u00f5es de confirma\u00e7\u00e3o: 29\/04\/2024<\/p>\n<\/div>\n<div class=\"container--component-block\" style=\"text-align: justify;\">\n<p id=\"paragrafo-p69ft1kzrf\" class=\"component--paragrafo\">\u2022 Aplica\u00e7\u00e3o das provas: 05\/05\/2024<\/p>\n<\/div>\n<div class=\"container--component-block\" style=\"text-align: justify;\">\n<p id=\"paragrafo-jutg16kwa0\" class=\"component--paragrafo\">\u2022 Divulga\u00e7\u00e3o dos resultados das provas objetivas e preliminares das provas discursivas e reda\u00e7\u00e3o: 03\/06\/2024<\/p>\n<\/div>\n<div class=\"container--component-block\" style=\"text-align: justify;\">\n<p id=\"paragrafo-xe980vt99b\" class=\"component--paragrafo\">\u2022 Divulga\u00e7\u00e3o final dos resultados: 30\/07\/2024<\/p>\n<\/div>\n<div class=\"container--component-block\" style=\"text-align: justify;\">\n<p id=\"paragrafo-aey03pkra8\" class=\"component--paragrafo\">\u2022 In\u00edcio da convoca\u00e7\u00e3o para posse e cursos de forma\u00e7\u00e3o: 05\/08\/2024<\/p>\n<\/div>\n<div class=\"container--component-block\" style=\"text-align: justify;\">\n<h4 id=\"intertitulo-0savinx1n4\" class=\"component--intertitulo\">Inscri\u00e7\u00f5es<\/h4>\n<\/div>\n<div class=\"container--component-block\" style=\"text-align: justify;\">\n<p id=\"paragrafo-jsl0lbgdcj\" class=\"component--paragrafo\">\u2022 Realizadas na plataforma \u00fanica, no Portal Gov.br, com contas ouro, prata ou bronze;<\/p>\n<\/div>\n<div class=\"container--component-block\" style=\"text-align: justify;\">\n<p id=\"paragrafo-39ysk19x4c\" class=\"component--paragrafo\">\u2022 Taxa: R$ 60 (n\u00edvel m\u00e9dio) e R$ 90 (n\u00edvel superior);<\/p>\n<\/div>\n<div class=\"container--component-block\" style=\"text-align: justify;\">\n<p id=\"paragrafo-xcso6s7hsb\" class=\"component--paragrafo\">\u2022 Isen\u00e7\u00e3o:<\/p>\n<\/div>\n<div class=\"container--component-block\" style=\"text-align: justify;\">\n<p id=\"paragrafo-20m5fufjks\" class=\"component--paragrafo\">\u2013 Inscritos no Cad\u00danico;<\/p>\n<\/div>\n<div class=\"container--component-block\" style=\"text-align: justify;\">\n<p id=\"paragrafo-aflv60bdew\" class=\"component--paragrafo\">\u2013 Doador de medula \u00f3ssea;<\/p>\n<\/div>\n<div class=\"container--component-block\" style=\"text-align: justify;\">\n<p id=\"paragrafo-a2fxs1euib\" class=\"component--paragrafo\">\u2013 Bolsista ou ex-bolsista do ProUni;<\/p>\n<\/div>\n<div class=\"container--component-block\" style=\"text-align: justify;\">\n<p id=\"paragrafo-31sclk0el1\" class=\"component--paragrafo\">\u2013 Bolsista ou ex-bolsista do Fies.<\/p>\n<\/div>\n<div class=\"container--component-block\" style=\"text-align: justify;\">\n<p id=\"paragrafo-bn5h5w8z62\" class=\"component--paragrafo\">\u2022 S\u00f3 ser\u00e1 permitida uma inscri\u00e7\u00e3o por CPF.<\/p>\n<\/div>\n<div class=\"container--component-block\" style=\"text-align: justify;\">\n<h4 id=\"intertitulo-mghp3392w8\" class=\"component--intertitulo\">Escolha das vagas<\/h4>\n<\/div>\n<div class=\"container--component-block\" style=\"text-align: justify;\">\n<p id=\"paragrafo-wt4to2d62f\" class=\"component--paragrafo\">O candidato poder\u00e1 concorrer a todos os cargos dentro do mesmo bloco tem\u00e1tico, com as seguintes etapas de escolha:<\/p>\n<\/div>\n<div class=\"container--component-block\" style=\"text-align: justify;\">\n<p id=\"paragrafo-8flrna1dja\" class=\"component--paragrafo\">\u2022 Etapa 1: escolher o bloco tem\u00e1tico;<\/p>\n<\/div>\n<div class=\"container--component-block\" style=\"text-align: justify;\">\n<p id=\"paragrafo-sy8lclgbcw\" class=\"component--paragrafo\">\u2022 Etapa 2: escolher os cargos dentro do mesmo bloco tem\u00e1tico;<\/p>\n<\/div>\n<div class=\"container--component-block\" style=\"text-align: justify;\">\n<p id=\"paragrafo-zzaq1y0aqn\" class=\"component--paragrafo\">\u2022 Etapa 3: ordenar prefer\u00eancia entre os cargos;<\/p>\n<\/div>\n<div class=\"container--component-block\" style=\"text-align: justify;\">\n<p id=\"paragrafo-3wcrwyiub4\" class=\"component--paragrafo\">\u2022 Etapa 4: ordenar prefer\u00eancia entre as especialidades;<\/p>\n<\/div>\n<div class=\"container--component-block\" style=\"text-align: justify;\">\n<p id=\"paragrafo-gx4sea6qt4\" class=\"component--paragrafo\">\u2022 \u00c9 poss\u00edvel expressar prefer\u00eancia entre todos os cargos e especialidades ou apenas em alguns deles.<\/p>\n<\/div>\n<div class=\"container--component-block\" style=\"text-align: justify;\">\n<h4 id=\"intertitulo-qpm4p8ximf\" class=\"component--intertitulo\">Banca examinadora<\/h4>\n<\/div>\n<div class=\"container--component-block\" style=\"text-align: justify;\">\n<p id=\"paragrafo-t84hzn6ts9\" class=\"component--paragrafo\">\u2022 Funda\u00e7\u00e3o Cesgranrio<\/p>\n<\/div>\n<div class=\"container--component-block\" style=\"text-align: justify;\">\n<h4 id=\"intertitulo-lr9kyue395\" class=\"component--intertitulo\">Provas<\/h4>\n<\/div>\n<div class=\"container--component-block\" style=\"text-align: justify;\">\n<p id=\"paragrafo-slcu7fx2hw\" class=\"component--paragrafo\"><b>N\u00edvel superior<\/b><\/p>\n<\/div>\n<div class=\"container--component-block\" style=\"text-align: justify;\">\n<p id=\"paragrafo-hs22cczezw\" class=\"component--paragrafo\">\u2022 Pela manh\u00e3 (2h30 de dura\u00e7\u00e3o): provas objetivas de conhecimentos gerais (20 quest\u00f5es) + prova discursiva de conhecimento espec\u00edfico do bloco;<\/p>\n<\/div>\n<div class=\"container--component-block\" style=\"text-align: justify;\">\n<p id=\"paragrafo-sv9zecesc5\" class=\"component--paragrafo\">\u2022 Pela tarde (2h30 de dura\u00e7\u00e3o): provas objetivas de conhecimentos espec\u00edficos (50 quest\u00f5es).<\/p>\n<\/div>\n<div class=\"container--component-block\" style=\"text-align: justify;\">\n<p id=\"paragrafo-p2ivcvvuht\" class=\"component--paragrafo\"><b>N\u00edvel m\u00e9dio<\/b><\/p>\n<\/div>\n<div class=\"container--component-block\" style=\"text-align: justify;\">\n<p id=\"paragrafo-csnr44x2ef\" class=\"component--paragrafo\">\u2022 Pela manh\u00e3 (2h30 de dura\u00e7\u00e3o): provas objetivas (20 quest\u00f5es) + reda\u00e7\u00e3o;<\/p>\n<\/div>\n<div class=\"container--component-block\" style=\"text-align: justify;\">\n<p id=\"paragrafo-580hamuvch\" class=\"component--paragrafo\">\u2022 Pela tarde (2h30 de dura\u00e7\u00e3o): provas objetivas (40 quest\u00f5es).<\/p>\n<\/div>\n<div class=\"container--component-block\" style=\"text-align: justify;\">\n<h4 id=\"intertitulo-yq20k0xglm\" class=\"component--intertitulo\">Confira a distribui\u00e7\u00e3o das vagas:<\/h4>\n<\/div>\n<div class=\"container--component-block\" style=\"text-align: justify;\">\n<div id=\"imagem-j93j0bl6w1\" class=\"component--imagem\">\n<figure><img decoding=\"async\" src=\"https:\/\/midias.correio24horas.com.br\/2024\/01\/10\/auto-upload-1978181.png\" alt=\"\" width=\"1920px\" height=\"1080px\" \/><\/figure>\n<\/div>\n<\/div>\n<div class=\"container--component-block\" style=\"text-align: justify;\">\n<div id=\"imagem-6n6wnkmjjc\" class=\"component--imagem\">\n<figure><img decoding=\"async\" src=\"https:\/\/midias.correio24horas.com.br\/2024\/01\/10\/article-0jwro3si149.png\" alt=\"\" width=\"601px\" height=\"338px\" \/><\/figure>\n<\/div>\n<\/div>\n<div class=\"container--component-block\" style=\"text-align: justify;\">\n<div id=\"imagem-ebly78eead\" class=\"component--imagem\">\n<figure><img decoding=\"async\" src=\"https:\/\/midias.correio24horas.com.br\/2024\/01\/10\/article-0l77fjat9m4h.png\" alt=\"\" width=\"601px\" height=\"338px\" \/><\/figure>\n<\/div>\n<\/div>\n<div class=\"container--component-block\" style=\"text-align: justify;\">\n<div id=\"imagem-v072ghncxw\" class=\"component--imagem\">\n<figure><img decoding=\"async\" src=\"https:\/\/midias.correio24horas.com.br\/2024\/01\/10\/article-0d8rll0oma4o.png\" alt=\"\" width=\"601px\" height=\"338px\" \/><\/figure>\n<\/div>\n<\/div>\n<div class=\"container--component-block\" style=\"text-align: justify;\">\n<div id=\"imagem-f0uu8zvqe1\" class=\"component--imagem\">\n<figure><img decoding=\"async\" src=\"https:\/\/midias.correio24horas.com.br\/2024\/01\/10\/article-0evk1tq2jxr7.png\" alt=\"\" width=\"601px\" height=\"338px\" \/><\/figure>\n<\/div>\n<\/div>\n<div class=\"container--component-block\" style=\"text-align: justify;\">\n<div id=\"imagem-l4b3k631kq\" class=\"component--imagem\">\n<figure><img decoding=\"async\" src=\"https:\/\/midias.correio24horas.com.br\/2024\/01\/10\/article-0o23jj1c5vkh.png\" alt=\"\" width=\"601px\" height=\"338px\" \/><\/figure>\n<\/div>\n<\/div>\n<div class=\"container--component-block\" style=\"text-align: justify;\">\n<div id=\"imagem-bmycp86a86\" class=\"component--imagem\">\n<figure><img decoding=\"async\" src=\"https:\/\/midias.correio24horas.com.br\/2024\/01\/10\/article-0diu78r66itk.png\" alt=\"\" width=\"601px\" height=\"338px\" \/><\/figure>\n<\/div>\n<\/div>\n<div class=\"container--component-block\" style=\"text-align: justify;\">\n<div id=\"imagem-qfktvyhafb\" class=\"component--imagem\">\n<figure><img decoding=\"async\" src=\"https:\/\/midias.correio24horas.com.br\/2024\/01\/10\/article-0i5ehi5ecug.png\" alt=\"\" width=\"601px\" height=\"338px\" \/><\/figure>\n<\/div>\n<\/div>\n<div class=\"container--component-block\" style=\"text-align: justify;\">\n<div id=\"imagem-ditfpbawtj\" class=\"component--imagem\">\n<figure><img decoding=\"async\" src=\"https:\/\/midias.correio24horas.com.br\/2024\/01\/10\/article-0e7nnx0ldpb6.png\" alt=\"\" width=\"601px\" height=\"338px\" \/><\/figure>\n<\/div>\n<\/div>\n<div class=\"container--component-block\" style=\"text-align: justify;\">\n<div id=\"imagem-gyl3kp14sk\" class=\"component--imagem\">\n<figure><img decoding=\"async\" src=\"https:\/\/midias.correio24horas.com.br\/2024\/01\/10\/article-0vtfi0fe5yen.png\" alt=\"\" width=\"601px\" height=\"338px\" \/><\/figure>\n<\/div>\n<\/div>\n<div class=\"container--component-block\" style=\"text-align: justify;\">\n<div id=\"imagem-0u63o8mhha\" class=\"component--imagem\">\n<figure><img decoding=\"async\" src=\"https:\/\/midias.correio24horas.com.br\/2024\/01\/10\/article-0ri7mb0q8pp.png\" alt=\"\" width=\"601px\" height=\"338px\" \/><\/figure>\n<\/div>\n<\/div>\n<div class=\"container--component-block\" style=\"text-align: justify;\">\n<div id=\"imagem-ffgylpd897\" class=\"component--imagem\">\n<figure><img decoding=\"async\" src=\"https:\/\/midias.correio24horas.com.br\/2024\/01\/10\/article-02x1ztzxrazk.png\" alt=\"\" width=\"601px\" height=\"338px\" \/><\/figure>\n<\/div>\n<\/div>\n<div class=\"container--component-block\" style=\"text-align: justify;\">\n<div id=\"imagem-w97r35n6xn\" class=\"component--imagem\">\n<figure><img decoding=\"async\" src=\"https:\/\/midias.correio24horas.com.br\/2024\/01\/10\/article-04mswx68q2sb.png\" alt=\"\" width=\"601px\" height=\"338px\" \/><\/figure>\n<\/div>\n<\/div>\n<div class=\"container--component-block\" style=\"text-align: justify;\">\n<div id=\"imagem-2preuud0d2\" class=\"component--imagem\">\n<figure><img decoding=\"async\" src=\"https:\/\/midias.correio24horas.com.br\/2024\/01\/10\/article-0ns4fadlozq.png\" alt=\"\" width=\"601px\" height=\"338px\" \/><\/figure>\n<\/div>\n<\/div>\n<div class=\"container--component-block\">\n<div id=\"imagem-xysombyy1v\" class=\"component--imagem\">\n<figure style=\"text-align: justify;\"><img decoding=\"async\" src=\"https:\/\/midias.correio24horas.com.br\/2024\/01\/10\/article-073zacams3y8.png\" alt=\"\" width=\"601px\" height=\"338px\" \/><\/figure>\n<p style=\"text-align: justify;\"><em>Fonte: Jornal Correio<\/em><\/p>\n<\/div>\n<\/div>\n","protected":false},"excerpt":{"rendered":"<p>Os editais do Concurso P\u00fablico Nacional Unificado, apelidado de Enem dos Concursos, foram publicados na noite desta quarta-feira (10). Ao todo, ser\u00e3o 6.640 vagas divididas em 21 \u00f3rg\u00e3os federais. A sele\u00e7\u00e3o ter\u00e1 provas simult\u00e2neas em 220 cidades de todo o pa\u00eds no dia 5 de maio. As inscri\u00e7\u00f5es come\u00e7am em 19 de janeiro\u00a0e v\u00e3o at\u00e9 [&hellip;]<\/p>\n","protected":false},"author":1,"featured_media":61016,"comment_status":"closed","ping_status":"open","sticky":false,"template":"","format":"standard","meta":{"_uag_custom_page_level_css":"","_monsterinsights_skip_tracking":false,"_monsterinsights_sitenote_active":false,"_monsterinsights_sitenote_note":"","_monsterinsights_sitenote_category":0,"jetpack_post_was_ever_published":false,"_jetpack_newsletter_access":"","_jetpack_dont_email_post_to_subs":false,"_jetpack_newsletter_tier_id":0,"_jetpack_memberships_contains_paywalled_content":false,"_jetpack_memberships_contains_paid_content":false,"footnotes":"","jetpack_publicize_message":"","jetpack_publicize_feature_enabled":true,"jetpack_social_post_already_shared":true,"jetpack_social_options":{"image_generator_settings":{"template":"highway","default_image_id":0,"font":"","enabled":false},"version":2}},"categories":[200,211],"tags":[2141,11299],"class_list":["post-61015","post","type-post","status-publish","format-standard","has-post-thumbnail","hentry","category-brasil","category-concurso","tag-edital","tag-enem-dos-concursos"],"jetpack_publicize_connections":[],"jetpack_featured_media_url":"https:\/\/blogopara.com.br\/wp-content\/uploads\/2024\/01\/auto-upload-1978174.jpg","uagb_featured_image_src":{"full":["https:\/\/blogopara.com.br\/wp-content\/uploads\/2024\/01\/auto-upload-1978174.jpg",500,274,false],"thumbnail":["https:\/\/blogopara.com.br\/wp-content\/uploads\/2024\/01\/auto-upload-1978174-150x150.jpg",150,150,true],"medium":["https:\/\/blogopara.com.br\/wp-content\/uploads\/2024\/01\/auto-upload-1978174-300x164.jpg",300,164,true],"medium_large":["https:\/\/blogopara.com.br\/wp-content\/uploads\/2024\/01\/auto-upload-1978174.jpg",500,274,false],"large":["https:\/\/blogopara.com.br\/wp-content\/uploads\/2024\/01\/auto-upload-1978174.jpg",500,274,false],"1536x1536":["https:\/\/blogopara.com.br\/wp-content\/uploads\/2024\/01\/auto-upload-1978174.jpg",500,274,false],"2048x2048":["https:\/\/blogopara.com.br\/wp-content\/uploads\/2024\/01\/auto-upload-1978174.jpg",500,274,false],"mantranews-slider-large":["https:\/\/blogopara.com.br\/wp-content\/uploads\/2024\/01\/auto-upload-1978174.jpg",500,274,false],"mantranews-featured-medium":["https:\/\/blogopara.com.br\/wp-content\/uploads\/2024\/01\/auto-upload-1978174-420x274.jpg",420,274,true],"mantranews-featured-long":["https:\/\/blogopara.com.br\/wp-content\/uploads\/2024\/01\/auto-upload-1978174-300x274.jpg",300,274,true],"mantranews-block-medium":["https:\/\/blogopara.com.br\/wp-content\/uploads\/2024\/01\/auto-upload-1978174-464x274.jpg",464,274,true],"mantranews-carousel-image":["https:\/\/blogopara.com.br\/wp-content\/uploads\/2024\/01\/auto-upload-1978174.jpg",500,274,false],"mantranews-block-thumb":["https:\/\/blogopara.com.br\/wp-content\/uploads\/2024\/01\/auto-upload-1978174-322x230.jpg",322,230,true],"mantranews-single-large":["https:\/\/blogopara.com.br\/wp-content\/uploads\/2024\/01\/auto-upload-1978174.jpg",500,274,false]},"uagb_author_info":{"display_name":"Reda\u00e7\u00e3o geral","author_link":"https:\/\/blogopara.com.br\/index.php\/author\/blogopara"},"uagb_comment_info":0,"uagb_excerpt":"Os editais do Concurso P\u00fablico Nacional Unificado, apelidado de Enem dos Concursos, foram publicados na noite desta quarta-feira (10). Ao todo, ser\u00e3o 6.640 vagas divididas em 21 \u00f3rg\u00e3os federais. A sele\u00e7\u00e3o ter\u00e1 provas simult\u00e2neas em 220 cidades de todo o pa\u00eds no dia 5 de maio. As inscri\u00e7\u00f5es come\u00e7am em 19 de janeiro\u00a0e v\u00e3o at\u00e9&hellip;","jetpack_sharing_enabled":true,"jetpack_likes_enabled":true,"_links":{"self":[{"href":"https:\/\/blogopara.com.br\/index.php\/wp-json\/wp\/v2\/posts\/61015","targetHints":{"allow":["GET"]}}],"collection":[{"href":"https:\/\/blogopara.com.br\/index.php\/wp-json\/wp\/v2\/posts"}],"about":[{"href":"https:\/\/blogopara.com.br\/index.php\/wp-json\/wp\/v2\/types\/post"}],"author":[{"embeddable":true,"href":"https:\/\/blogopara.com.br\/index.php\/wp-json\/wp\/v2\/users\/1"}],"replies":[{"embeddable":true,"href":"https:\/\/blogopara.com.br\/index.php\/wp-json\/wp\/v2\/comments?post=61015"}],"version-history":[{"count":1,"href":"https:\/\/blogopara.com.br\/index.php\/wp-json\/wp\/v2\/posts\/61015\/revisions"}],"predecessor-version":[{"id":61017,"href":"https:\/\/blogopara.com.br\/index.php\/wp-json\/wp\/v2\/posts\/61015\/revisions\/61017"}],"wp:featuredmedia":[{"embeddable":true,"href":"https:\/\/blogopara.com.br\/index.php\/wp-json\/wp\/v2\/media\/61016"}],"wp:attachment":[{"href":"https:\/\/blogopara.com.br\/index.php\/wp-json\/wp\/v2\/media?parent=61015"}],"wp:term":[{"taxonomy":"category","embeddable":true,"href":"https:\/\/blogopara.com.br\/index.php\/wp-json\/wp\/v2\/categories?post=61015"},{"taxonomy":"post_tag","embeddable":true,"href":"https:\/\/blogopara.com.br\/index.php\/wp-json\/wp\/v2\/tags?post=61015"}],"curies":[{"name":"wp","href":"https:\/\/api.w.org\/{rel}","templated":true}]}}