{"id":61025,"date":"2024-01-10T21:53:38","date_gmt":"2024-01-11T00:53:38","guid":{"rendered":"https:\/\/blogopara.com.br\/?p=61025"},"modified":"2024-01-10T21:53:41","modified_gmt":"2024-01-11T00:53:41","slug":"fernando-filho-realiza-extensa-agenda-em-oito-cidades-de-pernambuco-faz-entrega-e-reafirma-seu-compromisso-com-o-desenvolvimento-regional","status":"publish","type":"post","link":"https:\/\/blogopara.com.br\/index.php\/2024\/01\/10\/fernando-filho-realiza-extensa-agenda-em-oito-cidades-de-pernambuco-faz-entrega-e-reafirma-seu-compromisso-com-o-desenvolvimento-regional","title":{"rendered":"Fernando Filho realiza extensa agenda em oito cidades de Pernambuco, faz entrega e reafirma seu compromisso com o desenvolvimento regional"},"content":{"rendered":"<p style=\"text-align: justify;\">O deputado federal Fernando Filho cumpriu uma agenda pol\u00edtica intensa nos dias 08 e 09 de janeiro de 2024, percorrendo cidades do interior de Pernambuco e reiterando seu compromisso com o desenvolvimento regional. Em suas a\u00e7\u00f5es, o parlamentar realizou entrega, visitou obras e dialogou com a popula\u00e7\u00e3o sobre as demandas de cada localidade.<br aria-hidden=\"true\" \/><br aria-hidden=\"true\" \/>Na segunda-feira (08), ao lado do amigo Dr. Diego, o deputado participou da entrega de um caminh\u00e3o-pipa em Tupanatinga, um instrumento vital para facilitar o abastecimento na cidade. O ve\u00edculo promete melhorar significativamente o fornecimento de \u00e1gua para as comunidades.<br aria-hidden=\"true\" \/><br aria-hidden=\"true\" \/>Em Bel\u00e9m do S\u00e3o Francisco, Fernando Filho visitou as obras do novo CEASA, acompanhado pelo prefeito Gustavo Carib\u00e9. Em suas palavras, o deputado destacou o prazer de contribuir para todo o estado de Pernambuco e refor\u00e7ou o compromisso com o desenvolvimento local. &#8220;Este novo CEASA \u00e9 uma ferramenta essencial para impulsionar a produ\u00e7\u00e3o local, gerando mais empregos e renda para a regi\u00e3o&#8221;, afirmou.<br aria-hidden=\"true\" \/><br aria-hidden=\"true\" \/>Na cidade de Ibimirim, o deputado se reuniu com lideran\u00e7as locais durante um almo\u00e7o, ouvindo atentamente as demandas da comunidade. &#8220;Estamos sempre atentos \u00e0s necessidades de Ibimirim, e nossa visita ao munic\u00edpio foi bastante proveitosa. Acredito que em breve a popula\u00e7\u00e3o ter\u00e1 novidades&#8221;, pontuou.<br aria-hidden=\"true\" \/><br aria-hidden=\"true\" \/>J\u00e1 em Oroc\u00f3, Fernando Filho esteve com o prefeito George Gueber conversando sobre sa\u00fade, infraestrutura, educa\u00e7\u00e3o e demandas para o homem do campo.<br aria-hidden=\"true\" \/><br aria-hidden=\"true\" \/>Na ter\u00e7a-feira (09), em Santa Maria da Boa Vista, o deputado se encontrou com a vice-prefeita, Dra. Eliv\u00e2nia Gomes, e outras lideran\u00e7as para expressar gratid\u00e3o e ouvir as demandas da cidade. &#8220;\u00c9 um privil\u00e9gio estar sempre contribuindo com o desenvolvimento de Santa Maria; estamos sempre atentos \u00e0s necessidades da popula\u00e7\u00e3o&#8221;, afirmou.<br aria-hidden=\"true\" \/><br aria-hidden=\"true\" \/>O mesmo ocorreu em Santa Filomena, onde o parlamentar, ao lado do prefeito Gildevan e l\u00edderes locais, visitou o a\u00e7ude em constru\u00e7\u00e3o na comunidade de Socorro dos Elois.<br aria-hidden=\"true\" \/><br aria-hidden=\"true\" \/>Em Trindade, acompanhado pela prefeita Helbinha Rodrigues, Fernando Filho visitou a Creche Tipo I e a Unidade B\u00e1sica de Sa\u00fade Tipo I, ambas em est\u00e1gio avan\u00e7ado de constru\u00e7\u00e3o. O deputado refor\u00e7ou seu compromisso com a sa\u00fade e educa\u00e7\u00e3o de Trindade, salientando a import\u00e2ncia dessas obras para a comunidade. &#8220;Estamos investindo no futuro da cidade, proporcionando estrutura adequada para a educa\u00e7\u00e3o e sa\u00fade da popula\u00e7\u00e3o trindadense.&#8221;<br aria-hidden=\"true\" \/><br aria-hidden=\"true\" \/>A agenda prosseguiu em Bodoc\u00f3, onde Fernando Filho, em encontro com T\u00falio Alves, Brivaldo, vereadores e lideran\u00e7as locais, ouviu as demandas da cidade e discutiu o futuro do munic\u00edpio.<br aria-hidden=\"true\" \/><br aria-hidden=\"true\" \/>Ao final, o deputado Fernando Filho fez um balan\u00e7o positivo da agenda, destacando a import\u00e2ncia de cada cidade no contexto do desenvolvimento regional. &#8220;Cada encontro fortalece nosso compromisso com o povo pernambucano. Estamos avan\u00e7ando juntos para construir um futuro mais promissor para todos. Temos a\u00e7\u00f5es espalhadas por v\u00e1rias cidades, e o povo de Pernambuco pode ter certeza de que estamos em Bras\u00edlia trabalhando muito para trazer desenvolvimento para nosso Estado&#8221;, concluiu Fernando Filho.<\/p>\n","protected":false},"excerpt":{"rendered":"<p>O deputado federal Fernando Filho cumpriu uma agenda pol\u00edtica intensa nos dias 08 e 09 de janeiro de 2024, percorrendo cidades do interior de Pernambuco e reiterando seu compromisso com o desenvolvimento regional. Em suas a\u00e7\u00f5es, o parlamentar realizou entrega, visitou obras e dialogou com a popula\u00e7\u00e3o sobre as demandas de cada localidade.Na segunda-feira (08), [&hellip;]<\/p>\n","protected":false},"author":1,"featured_media":61026,"comment_status":"closed","ping_status":"open","sticky":false,"template":"","format":"standard","meta":{"_uag_custom_page_level_css":"","_monsterinsights_skip_tracking":false,"_monsterinsights_sitenote_active":false,"_monsterinsights_sitenote_note":"","_monsterinsights_sitenote_category":0,"jetpack_post_was_ever_published":false,"_jetpack_newsletter_access":"","_jetpack_dont_email_post_to_subs":false,"_jetpack_newsletter_tier_id":0,"_jetpack_memberships_contains_paywalled_content":false,"_jetpack_memberships_contains_paid_content":false,"footnotes":"","jetpack_publicize_message":"","jetpack_publicize_feature_enabled":true,"jetpack_social_post_already_shared":true,"jetpack_social_options":{"image_generator_settings":{"template":"highway","default_image_id":0,"font":"","enabled":false},"version":2}},"categories":[1507],"tags":[11110],"class_list":["post-61025","post","type-post","status-publish","format-standard","has-post-thumbnail","hentry","category-pernambuco","tag-familia-bezerra-coelho"],"jetpack_publicize_connections":[],"jetpack_featured_media_url":"https:\/\/blogopara.com.br\/wp-content\/uploads\/2024\/01\/thumbnail_1-FF-em-Oroco-1.jpg","uagb_featured_image_src":{"full":["https:\/\/blogopara.com.br\/wp-content\/uploads\/2024\/01\/thumbnail_1-FF-em-Oroco-1.jpg",500,333,false],"thumbnail":["https:\/\/blogopara.com.br\/wp-content\/uploads\/2024\/01\/thumbnail_1-FF-em-Oroco-1-150x150.jpg",150,150,true],"medium":["https:\/\/blogopara.com.br\/wp-content\/uploads\/2024\/01\/thumbnail_1-FF-em-Oroco-1-300x200.jpg",300,200,true],"medium_large":["https:\/\/blogopara.com.br\/wp-content\/uploads\/2024\/01\/thumbnail_1-FF-em-Oroco-1.jpg",500,333,false],"large":["https:\/\/blogopara.com.br\/wp-content\/uploads\/2024\/01\/thumbnail_1-FF-em-Oroco-1.jpg",500,333,false],"1536x1536":["https:\/\/blogopara.com.br\/wp-content\/uploads\/2024\/01\/thumbnail_1-FF-em-Oroco-1.jpg",500,333,false],"2048x2048":["https:\/\/blogopara.com.br\/wp-content\/uploads\/2024\/01\/thumbnail_1-FF-em-Oroco-1.jpg",500,333,false],"mantranews-slider-large":["https:\/\/blogopara.com.br\/wp-content\/uploads\/2024\/01\/thumbnail_1-FF-em-Oroco-1.jpg",500,333,false],"mantranews-featured-medium":["https:\/\/blogopara.com.br\/wp-content\/uploads\/2024\/01\/thumbnail_1-FF-em-Oroco-1-420x307.jpg",420,307,true],"mantranews-featured-long":["https:\/\/blogopara.com.br\/wp-content\/uploads\/2024\/01\/thumbnail_1-FF-em-Oroco-1-300x333.jpg",300,333,true],"mantranews-block-medium":["https:\/\/blogopara.com.br\/wp-content\/uploads\/2024\/01\/thumbnail_1-FF-em-Oroco-1-464x290.jpg",464,290,true],"mantranews-carousel-image":["https:\/\/blogopara.com.br\/wp-content\/uploads\/2024\/01\/thumbnail_1-FF-em-Oroco-1.jpg",500,333,false],"mantranews-block-thumb":["https:\/\/blogopara.com.br\/wp-content\/uploads\/2024\/01\/thumbnail_1-FF-em-Oroco-1-322x230.jpg",322,230,true],"mantranews-single-large":["https:\/\/blogopara.com.br\/wp-content\/uploads\/2024\/01\/thumbnail_1-FF-em-Oroco-1.jpg",500,333,false]},"uagb_author_info":{"display_name":"Reda\u00e7\u00e3o geral","author_link":"https:\/\/blogopara.com.br\/index.php\/author\/blogopara"},"uagb_comment_info":0,"uagb_excerpt":"O deputado federal Fernando Filho cumpriu uma agenda pol\u00edtica intensa nos dias 08 e 09 de janeiro de 2024, percorrendo cidades do interior de Pernambuco e reiterando seu compromisso com o desenvolvimento regional. Em suas a\u00e7\u00f5es, o parlamentar realizou entrega, visitou obras e dialogou com a popula\u00e7\u00e3o sobre as demandas de cada localidade.Na segunda-feira (08),&hellip;","jetpack_sharing_enabled":true,"jetpack_likes_enabled":true,"_links":{"self":[{"href":"https:\/\/blogopara.com.br\/index.php\/wp-json\/wp\/v2\/posts\/61025","targetHints":{"allow":["GET"]}}],"collection":[{"href":"https:\/\/blogopara.com.br\/index.php\/wp-json\/wp\/v2\/posts"}],"about":[{"href":"https:\/\/blogopara.com.br\/index.php\/wp-json\/wp\/v2\/types\/post"}],"author":[{"embeddable":true,"href":"https:\/\/blogopara.com.br\/index.php\/wp-json\/wp\/v2\/users\/1"}],"replies":[{"embeddable":true,"href":"https:\/\/blogopara.com.br\/index.php\/wp-json\/wp\/v2\/comments?post=61025"}],"version-history":[{"count":1,"href":"https:\/\/blogopara.com.br\/index.php\/wp-json\/wp\/v2\/posts\/61025\/revisions"}],"predecessor-version":[{"id":61027,"href":"https:\/\/blogopara.com.br\/index.php\/wp-json\/wp\/v2\/posts\/61025\/revisions\/61027"}],"wp:featuredmedia":[{"embeddable":true,"href":"https:\/\/blogopara.com.br\/index.php\/wp-json\/wp\/v2\/media\/61026"}],"wp:attachment":[{"href":"https:\/\/blogopara.com.br\/index.php\/wp-json\/wp\/v2\/media?parent=61025"}],"wp:term":[{"taxonomy":"category","embeddable":true,"href":"https:\/\/blogopara.com.br\/index.php\/wp-json\/wp\/v2\/categories?post=61025"},{"taxonomy":"post_tag","embeddable":true,"href":"https:\/\/blogopara.com.br\/index.php\/wp-json\/wp\/v2\/tags?post=61025"}],"curies":[{"name":"wp","href":"https:\/\/api.w.org\/{rel}","templated":true}]}}