{"id":61055,"date":"2024-01-12T10:22:31","date_gmt":"2024-01-12T13:22:31","guid":{"rendered":"https:\/\/blogopara.com.br\/?p=61055"},"modified":"2024-01-12T10:36:42","modified_gmt":"2024-01-12T13:36:42","slug":"gestao-suzana-ramos-entrega-requalificacao-da-academia-da-saude-na-orla-ii-nesta-sexta-feira-12","status":"publish","type":"post","link":"https:\/\/blogopara.com.br\/index.php\/2024\/01\/12\/gestao-suzana-ramos-entrega-requalificacao-da-academia-da-saude-na-orla-ii-nesta-sexta-feira-12","title":{"rendered":"Gest\u00e3o Suzana Ramos entrega requalifica\u00e7\u00e3o da Academia da Sa\u00fade na Orla II nesta sexta-feira (12)"},"content":{"rendered":"<div style=\"text-align: justify;\">A gest\u00e3o Suzana Ramos vai entregar nesta sexta-feira (12) a requalifica\u00e7\u00e3o na Academia da Sa\u00fade, na Orla II. A entrega do importante equipamento da Secretaria de Sa\u00fade ser\u00e1 \u00e0s 18h.<br aria-hidden=\"true\" \/><br aria-hidden=\"true\" \/>Na reforma, foram realizadas, com recursos pr\u00f3prios, benfeitorias como reparos na sala de acolhimento, pintura nas grades de prote\u00e7\u00e3o, troca de vitrais das janelas, pintura do pr\u00e9dio e aquisi\u00e7\u00e3o de equipamentos como macas, cadeiras, arm\u00e1rios, al\u00e9m de paisagismo na \u00e1rea externa.<br aria-hidden=\"true\" \/><br aria-hidden=\"true\" \/>\u201cTemos concentrado esfor\u00e7os para viabilizar a requalifica\u00e7\u00e3o os equipamentos de sa\u00fade do nosso munic\u00edpio. Isso proporciona espa\u00e7os mais adequados para os usu\u00e1rios que utilizam os servi\u00e7os. Convidamos toda a popula\u00e7\u00e3o para estar presente\u201d destacou a prefeita Suzana Ramos.<br aria-hidden=\"true\" \/><br aria-hidden=\"true\" \/><b>Academia da Sa\u00fade<\/b><br aria-hidden=\"true\" \/><br aria-hidden=\"true\" \/>Por meio de uma equipe multiprofissional (e-Multi), composta por educadores f\u00edsicos e fisioterapeutas, a Academia da Sa\u00fade promove atividades f\u00edsicas em grupos para melhoria na qualidade de vida.<\/div>\n<div style=\"text-align: justify;\"><\/div>\n<div style=\"text-align: justify;\">Texto: Iana Lima &#8211; Ascom sesau \/ PMJ.<\/div>\n<div style=\"text-align: justify;\">Fotos: Luan Medrado &#8211; Ascom \/ PMJ.<\/div>\n","protected":false},"excerpt":{"rendered":"<p>A gest\u00e3o Suzana Ramos vai entregar nesta sexta-feira (12) a requalifica\u00e7\u00e3o na Academia da Sa\u00fade, na Orla II. A entrega do importante equipamento da Secretaria de Sa\u00fade ser\u00e1 \u00e0s 18h.Na reforma, foram realizadas, com recursos pr\u00f3prios, benfeitorias como reparos na sala de acolhimento, pintura nas grades de prote\u00e7\u00e3o, troca de vitrais das janelas, pintura do [&hellip;]<\/p>\n","protected":false},"author":1,"featured_media":61056,"comment_status":"closed","ping_status":"open","sticky":false,"template":"","format":"standard","meta":{"_uag_custom_page_level_css":"","_monsterinsights_skip_tracking":false,"_monsterinsights_sitenote_active":false,"_monsterinsights_sitenote_note":"","_monsterinsights_sitenote_category":0,"jetpack_post_was_ever_published":false,"_jetpack_newsletter_access":"","_jetpack_dont_email_post_to_subs":false,"_jetpack_newsletter_tier_id":0,"_jetpack_memberships_contains_paywalled_content":false,"_jetpack_memberships_contains_paid_content":false,"footnotes":"","jetpack_publicize_message":"","jetpack_publicize_feature_enabled":true,"jetpack_social_post_already_shared":true,"jetpack_social_options":{"image_generator_settings":{"template":"highway","default_image_id":0,"font":"","enabled":false},"version":2}},"categories":[203],"tags":[3138,5195],"class_list":["post-61055","post","type-post","status-publish","format-standard","has-post-thumbnail","hentry","category-juazeiro","tag-mais-saude","tag-prefeita-suzana-ramos"],"jetpack_publicize_connections":[],"jetpack_featured_media_url":"https:\/\/blogopara.com.br\/wp-content\/uploads\/2024\/01\/11-2.jpeg","uagb_featured_image_src":{"full":["https:\/\/blogopara.com.br\/wp-content\/uploads\/2024\/01\/11-2.jpeg",500,333,false],"thumbnail":["https:\/\/blogopara.com.br\/wp-content\/uploads\/2024\/01\/11-2-150x150.jpeg",150,150,true],"medium":["https:\/\/blogopara.com.br\/wp-content\/uploads\/2024\/01\/11-2-300x200.jpeg",300,200,true],"medium_large":["https:\/\/blogopara.com.br\/wp-content\/uploads\/2024\/01\/11-2.jpeg",500,333,false],"large":["https:\/\/blogopara.com.br\/wp-content\/uploads\/2024\/01\/11-2.jpeg",500,333,false],"1536x1536":["https:\/\/blogopara.com.br\/wp-content\/uploads\/2024\/01\/11-2.jpeg",500,333,false],"2048x2048":["https:\/\/blogopara.com.br\/wp-content\/uploads\/2024\/01\/11-2.jpeg",500,333,false],"mantranews-slider-large":["https:\/\/blogopara.com.br\/wp-content\/uploads\/2024\/01\/11-2.jpeg",500,333,false],"mantranews-featured-medium":["https:\/\/blogopara.com.br\/wp-content\/uploads\/2024\/01\/11-2-420x307.jpeg",420,307,true],"mantranews-featured-long":["https:\/\/blogopara.com.br\/wp-content\/uploads\/2024\/01\/11-2-300x333.jpeg",300,333,true],"mantranews-block-medium":["https:\/\/blogopara.com.br\/wp-content\/uploads\/2024\/01\/11-2-464x290.jpeg",464,290,true],"mantranews-carousel-image":["https:\/\/blogopara.com.br\/wp-content\/uploads\/2024\/01\/11-2.jpeg",500,333,false],"mantranews-block-thumb":["https:\/\/blogopara.com.br\/wp-content\/uploads\/2024\/01\/11-2-322x230.jpeg",322,230,true],"mantranews-single-large":["https:\/\/blogopara.com.br\/wp-content\/uploads\/2024\/01\/11-2.jpeg",500,333,false]},"uagb_author_info":{"display_name":"Reda\u00e7\u00e3o geral","author_link":"https:\/\/blogopara.com.br\/index.php\/author\/blogopara"},"uagb_comment_info":0,"uagb_excerpt":"A gest\u00e3o Suzana Ramos vai entregar nesta sexta-feira (12) a requalifica\u00e7\u00e3o na Academia da Sa\u00fade, na Orla II. A entrega do importante equipamento da Secretaria de Sa\u00fade ser\u00e1 \u00e0s 18h.Na reforma, foram realizadas, com recursos pr\u00f3prios, benfeitorias como reparos na sala de acolhimento, pintura nas grades de prote\u00e7\u00e3o, troca de vitrais das janelas, pintura do&hellip;","jetpack_sharing_enabled":true,"jetpack_likes_enabled":true,"_links":{"self":[{"href":"https:\/\/blogopara.com.br\/index.php\/wp-json\/wp\/v2\/posts\/61055","targetHints":{"allow":["GET"]}}],"collection":[{"href":"https:\/\/blogopara.com.br\/index.php\/wp-json\/wp\/v2\/posts"}],"about":[{"href":"https:\/\/blogopara.com.br\/index.php\/wp-json\/wp\/v2\/types\/post"}],"author":[{"embeddable":true,"href":"https:\/\/blogopara.com.br\/index.php\/wp-json\/wp\/v2\/users\/1"}],"replies":[{"embeddable":true,"href":"https:\/\/blogopara.com.br\/index.php\/wp-json\/wp\/v2\/comments?post=61055"}],"version-history":[{"count":2,"href":"https:\/\/blogopara.com.br\/index.php\/wp-json\/wp\/v2\/posts\/61055\/revisions"}],"predecessor-version":[{"id":61059,"href":"https:\/\/blogopara.com.br\/index.php\/wp-json\/wp\/v2\/posts\/61055\/revisions\/61059"}],"wp:featuredmedia":[{"embeddable":true,"href":"https:\/\/blogopara.com.br\/index.php\/wp-json\/wp\/v2\/media\/61056"}],"wp:attachment":[{"href":"https:\/\/blogopara.com.br\/index.php\/wp-json\/wp\/v2\/media?parent=61055"}],"wp:term":[{"taxonomy":"category","embeddable":true,"href":"https:\/\/blogopara.com.br\/index.php\/wp-json\/wp\/v2\/categories?post=61055"},{"taxonomy":"post_tag","embeddable":true,"href":"https:\/\/blogopara.com.br\/index.php\/wp-json\/wp\/v2\/tags?post=61055"}],"curies":[{"name":"wp","href":"https:\/\/api.w.org\/{rel}","templated":true}]}}