{"id":61192,"date":"2024-01-16T14:15:00","date_gmt":"2024-01-16T17:15:00","guid":{"rendered":"https:\/\/blogopara.com.br\/?p=61192"},"modified":"2024-01-15T23:48:56","modified_gmt":"2024-01-16T02:48:56","slug":"padre-junior-voltara-a-exercer-suas-atividades-sacerdotais-diz-diocese","status":"publish","type":"post","link":"https:\/\/blogopara.com.br\/index.php\/2024\/01\/16\/padre-junior-voltara-a-exercer-suas-atividades-sacerdotais-diz-diocese","title":{"rendered":"Padre J\u00fanior voltar\u00e1 a exercer suas atividades sacerdotais, diz diocese"},"content":{"rendered":"<p style=\"text-align: justify;\">O padre Carlos Ant\u00f4nio Barbosa de Ara\u00fajo J\u00fanior mais conhecido como Carlos J\u00fanior voltar\u00e1 a exercer suas atividades sacerdotais. A Diocese de Petrolina divulgou um comunicado no domingo (14) informando que foi cancelado o decreto de afastamento e o p\u00e1roco havia sido reintegrado ao exerc\u00edcio das suas fun\u00e7\u00f5es can\u00f4nicas e ministeriais na igreja.<\/p>\n<p style=\"text-align: justify;\">O afastamento do padre Carlos Junior ocorreu em novembro do ano passado para investigar poss\u00edveis delitos. Neste per\u00edodo, ele ficou impedido de presidir ou administrar qualquer sacramento ou sacramental. Tamb\u00e9m foi vedado do exerc\u00edcio p\u00fablico do minist\u00e9rio presbiteral e ocupar cargos eclesi\u00e1sticos.<\/p>\n<h4 style=\"text-align: justify;\">Comunicado:<\/h4>\n<p style=\"text-align: justify;\">A Diocese de Petrolina, na pessoa do seu Bispo Diocesano, Dom Francisco Canind\u00e9 Palhano, no exerc\u00edcio do seu minist\u00e9rio, como Pastor pr\u00f3prio desta Igreja Particular, comunica a todo o Povo de Deus que, conforme preceitua a normativa can\u00f4nica, foi realizada a Investiga\u00e7\u00e3o pr\u00e9via institu\u00edda em desfavor do Rev.do Pe. Carlos Ant\u00f4nio Barbosa de Ara\u00fajo J\u00fanior aos 16\/11\/2023, para encontrar a verdade, diante de supostas imagens e graves acusa\u00e7\u00f5es que maculavam sua pessoa, sua honra e seu minist\u00e9rio, e n\u00e3o encontrou fundamento de eventuais delitos cometidos pelo Cl\u00e9rigo.<\/p>\n<p style=\"text-align: justify;\">Assim sendo, a Diocese de Petrolina, depois de conclu\u00eddo todo o procedimento, ouvido o parecer dos oficiais designados para a sua realiza\u00e7\u00e3o, e comprovada a sua INOC\u00caNCIA, cancela o Decreto de Afastamento do Minist\u00e9rio Sagrado do Pe. Carlos Ant\u00f4nio Barbosa de Ara\u00fajo J\u00fanior, e o reintegra ao exerc\u00edcio das suas fun\u00e7\u00f5es can\u00f4nicas e ministeriais nesta Igreja Particular, com todos os direitos e deveres advindos do sacramento da Ordem.<\/p>\n<p style=\"text-align: justify;\">Outrossim, conforme determina o Decreto de Conclus\u00e3o da Investiga\u00e7\u00e3o Pr\u00e9via, d\u00ea-se conhecimento desta decis\u00e3o ao Povo de Deus e em todos os meios de comunica\u00e7\u00e3o, inclusive virtuais, televisivos, e radiof\u00f4nicos, para reparar os danos causados \u00e0 pessoa do Reverendo Sacerdote.<\/p>\n<p style=\"text-align: justify;\">Rogamos a Deus que aben\u00e7oe o Padre Carlos Ant\u00f4nio Barbosa de Ara\u00fajo J\u00fanior, lhe d\u00ea for\u00e7as para superar os traumas advindos desta dolorosa situa\u00e7\u00e3o, e que Ele possa realizar com renovado ardor a sua miss\u00e3o sacerdotal.<\/p>\n<p style=\"text-align: justify;\">Por fim, declaramos que o Senhor Bispo Diocesano aprovou a presente nota e autorizou aos Reverendos Sacerdotes subscritos, a sua publica\u00e7\u00e3o.<\/p>\n<p style=\"text-align: justify;\"><em>Fonte: g1 Petrolina<\/em><\/p>\n","protected":false},"excerpt":{"rendered":"<p>O padre Carlos Ant\u00f4nio Barbosa de Ara\u00fajo J\u00fanior mais conhecido como Carlos J\u00fanior voltar\u00e1 a exercer suas atividades sacerdotais. A Diocese de Petrolina divulgou um comunicado no domingo (14) informando que foi cancelado o decreto de afastamento e o p\u00e1roco havia sido reintegrado ao exerc\u00edcio das suas fun\u00e7\u00f5es can\u00f4nicas e ministeriais na igreja. O afastamento [&hellip;]<\/p>\n","protected":false},"author":1,"featured_media":61193,"comment_status":"closed","ping_status":"open","sticky":false,"template":"","format":"standard","meta":{"_uag_custom_page_level_css":"","_monsterinsights_skip_tracking":false,"_monsterinsights_sitenote_active":false,"_monsterinsights_sitenote_note":"","_monsterinsights_sitenote_category":0,"jetpack_post_was_ever_published":false,"_jetpack_newsletter_access":"","_jetpack_dont_email_post_to_subs":false,"_jetpack_newsletter_tier_id":0,"_jetpack_memberships_contains_paywalled_content":false,"_jetpack_memberships_contains_paid_content":false,"footnotes":"","jetpack_publicize_message":"","jetpack_publicize_feature_enabled":true,"jetpack_social_post_already_shared":true,"jetpack_social_options":{"image_generator_settings":{"template":"highway","default_image_id":0,"font":"","enabled":false},"version":2}},"categories":[851,1666],"tags":[],"class_list":["post-61192","post","type-post","status-publish","format-standard","has-post-thumbnail","hentry","category-petrolina","category-religiao"],"jetpack_publicize_connections":[],"jetpack_featured_media_url":"https:\/\/blogopara.com.br\/wp-content\/uploads\/2024\/01\/padreju.png","uagb_featured_image_src":{"full":["https:\/\/blogopara.com.br\/wp-content\/uploads\/2024\/01\/padreju.png",500,329,false],"thumbnail":["https:\/\/blogopara.com.br\/wp-content\/uploads\/2024\/01\/padreju-150x150.png",150,150,true],"medium":["https:\/\/blogopara.com.br\/wp-content\/uploads\/2024\/01\/padreju-300x197.png",300,197,true],"medium_large":["https:\/\/blogopara.com.br\/wp-content\/uploads\/2024\/01\/padreju.png",500,329,false],"large":["https:\/\/blogopara.com.br\/wp-content\/uploads\/2024\/01\/padreju.png",500,329,false],"1536x1536":["https:\/\/blogopara.com.br\/wp-content\/uploads\/2024\/01\/padreju.png",500,329,false],"2048x2048":["https:\/\/blogopara.com.br\/wp-content\/uploads\/2024\/01\/padreju.png",500,329,false],"mantranews-slider-large":["https:\/\/blogopara.com.br\/wp-content\/uploads\/2024\/01\/padreju.png",500,329,false],"mantranews-featured-medium":["https:\/\/blogopara.com.br\/wp-content\/uploads\/2024\/01\/padreju-420x307.png",420,307,true],"mantranews-featured-long":["https:\/\/blogopara.com.br\/wp-content\/uploads\/2024\/01\/padreju-300x329.png",300,329,true],"mantranews-block-medium":["https:\/\/blogopara.com.br\/wp-content\/uploads\/2024\/01\/padreju-464x290.png",464,290,true],"mantranews-carousel-image":["https:\/\/blogopara.com.br\/wp-content\/uploads\/2024\/01\/padreju.png",500,329,false],"mantranews-block-thumb":["https:\/\/blogopara.com.br\/wp-content\/uploads\/2024\/01\/padreju-322x230.png",322,230,true],"mantranews-single-large":["https:\/\/blogopara.com.br\/wp-content\/uploads\/2024\/01\/padreju.png",500,329,false]},"uagb_author_info":{"display_name":"Reda\u00e7\u00e3o geral","author_link":"https:\/\/blogopara.com.br\/index.php\/author\/blogopara"},"uagb_comment_info":0,"uagb_excerpt":"O padre Carlos Ant\u00f4nio Barbosa de Ara\u00fajo J\u00fanior mais conhecido como Carlos J\u00fanior voltar\u00e1 a exercer suas atividades sacerdotais. A Diocese de Petrolina divulgou um comunicado no domingo (14) informando que foi cancelado o decreto de afastamento e o p\u00e1roco havia sido reintegrado ao exerc\u00edcio das suas fun\u00e7\u00f5es can\u00f4nicas e ministeriais na igreja. O afastamento&hellip;","jetpack_sharing_enabled":true,"jetpack_likes_enabled":true,"_links":{"self":[{"href":"https:\/\/blogopara.com.br\/index.php\/wp-json\/wp\/v2\/posts\/61192","targetHints":{"allow":["GET"]}}],"collection":[{"href":"https:\/\/blogopara.com.br\/index.php\/wp-json\/wp\/v2\/posts"}],"about":[{"href":"https:\/\/blogopara.com.br\/index.php\/wp-json\/wp\/v2\/types\/post"}],"author":[{"embeddable":true,"href":"https:\/\/blogopara.com.br\/index.php\/wp-json\/wp\/v2\/users\/1"}],"replies":[{"embeddable":true,"href":"https:\/\/blogopara.com.br\/index.php\/wp-json\/wp\/v2\/comments?post=61192"}],"version-history":[{"count":1,"href":"https:\/\/blogopara.com.br\/index.php\/wp-json\/wp\/v2\/posts\/61192\/revisions"}],"predecessor-version":[{"id":61194,"href":"https:\/\/blogopara.com.br\/index.php\/wp-json\/wp\/v2\/posts\/61192\/revisions\/61194"}],"wp:featuredmedia":[{"embeddable":true,"href":"https:\/\/blogopara.com.br\/index.php\/wp-json\/wp\/v2\/media\/61193"}],"wp:attachment":[{"href":"https:\/\/blogopara.com.br\/index.php\/wp-json\/wp\/v2\/media?parent=61192"}],"wp:term":[{"taxonomy":"category","embeddable":true,"href":"https:\/\/blogopara.com.br\/index.php\/wp-json\/wp\/v2\/categories?post=61192"},{"taxonomy":"post_tag","embeddable":true,"href":"https:\/\/blogopara.com.br\/index.php\/wp-json\/wp\/v2\/tags?post=61192"}],"curies":[{"name":"wp","href":"https:\/\/api.w.org\/{rel}","templated":true}]}}