{"id":61338,"date":"2024-01-20T14:51:02","date_gmt":"2024-01-20T17:51:02","guid":{"rendered":"https:\/\/blogopara.com.br\/?p=61338"},"modified":"2024-01-21T12:04:00","modified_gmt":"2024-01-21T15:04:00","slug":"eleicoes-2024-chapa-suzana-ramos-allan-jones-e-possivel","status":"publish","type":"post","link":"https:\/\/blogopara.com.br\/index.php\/2024\/01\/20\/eleicoes-2024-chapa-suzana-ramos-allan-jones-e-possivel","title":{"rendered":"Elei\u00e7\u00f5es 2024: Chapa Suzana Ramos\/ Allan Jones \u00e9 poss\u00edvel?"},"content":{"rendered":"<p style=\"text-align: justify;\">Com o in\u00edcio da pr\u00e9-campanha eleitoral de 2024, come\u00e7am tamb\u00e9m as especula\u00e7\u00f5es e burburinhos sobre as possibilidades de chapas e composi\u00e7\u00f5es partid\u00e1rias.<\/p>\n<p style=\"text-align: justify;\">Tudo come\u00e7a com os nomes j\u00e1 manjados e que nunca saem das meras especula\u00e7\u00f5es, mas a cada elei\u00e7\u00e3o para prefeito os nomes surgem como se fossem uma cortina desvirginando o que realmente pode ser, as chapas e possibilidades reais que ir\u00e3o compor o cen\u00e1rio eleitoral.<\/p>\n<p style=\"text-align: justify;\">Para \u00e0s elei\u00e7\u00f5es de 2020 Suzana e Allan tinham um acordo de que aquele que estivesse melhor avaliado, representaria o grupo na disputa eleitoral seja na cabe\u00e7a de chapa ou compondo como vice. A chapa Suzana Ramos e Leonardo Bandeira foram eleitos.<\/p>\n<p style=\"text-align: justify;\">Diante das pesquisas que apontam que a prefeita Suzana Ramos n\u00e3o estar bem avaliada, o grupo familiar acendeu a luzinha azul: o que ser\u00e1, que ser\u00e1? O que ser\u00e1 de n\u00f3s em 2025? E a\u00ed foi um corre corre para aparar algumas arestas, surgiu at\u00e9 um caf\u00e9 da manh\u00e3, onde todos estavam com uma cara do dia seguinte ou com um gosto ainda amargo na boca.<\/p>\n<p>Diferente de Suzana Ramos, o ex-vereador e m\u00e9dico Allan Jones tem boa avalia\u00e7\u00e3o ou menor rejei\u00e7\u00e3o. Um nome leve, com carisma e que pode facilmente ajudar &#8220;tia&#8221; a superar os opositores no pleito que se avizinha.<\/p>\n<p style=\"text-align: justify;\">Mas \u00e9 poss\u00edvel uma chapa com Suzana e Allan? Pelo artigo 14 \u00a7 7\u00ba, n\u00e3o existe a possibilidade, reza o artigo: &#8220;S\u00e3o ineleg\u00edveis, no territ\u00f3rio de jurisdi\u00e7\u00e3o do titular, o c\u00f4njuge e os parentes consangu\u00edneos\u00a0ou afins, at\u00e9 o segundo grau ou por ado\u00e7\u00e3o, do Presidente da Rep\u00fablica, de Governador de Estado ou Territ\u00f3rio, do Distrito Federal, de Prefeito ou de quem os haja substitu\u00eddo dentro dos seis meses anteriores ao pleito, salvo se j\u00e1 titular de mandato eletivo e candidato \u00e0 reelei\u00e7\u00e3o\u201d.<\/p>\n<p style=\"text-align: justify;\">Mas, segundo informa\u00e7\u00f5es, j\u00e1 houve uma consulta ao Tribunal Eleitoral sobre duas possibilidades: a primeira se a chapa tia e sobrinho \u00e9 eleg\u00edvel. A segunda, se Allan Jones pode ser o candidato a prefeito, sem Suzana Ramos ter que renunciar em abril. Dizem que o TSE ainda n\u00e3o respondeu as consultas.<\/p>\n","protected":false},"excerpt":{"rendered":"<p>Com o in\u00edcio da pr\u00e9-campanha eleitoral de 2024, come\u00e7am tamb\u00e9m as especula\u00e7\u00f5es e burburinhos sobre as possibilidades de chapas e composi\u00e7\u00f5es partid\u00e1rias. Tudo come\u00e7a com os nomes j\u00e1 manjados e que nunca saem das meras especula\u00e7\u00f5es, mas a cada elei\u00e7\u00e3o para prefeito os nomes surgem como se fossem uma cortina desvirginando o que realmente pode [&hellip;]<\/p>\n","protected":false},"author":1,"featured_media":61339,"comment_status":"closed","ping_status":"open","sticky":false,"template":"","format":"standard","meta":{"_uag_custom_page_level_css":"","_monsterinsights_skip_tracking":false,"_monsterinsights_sitenote_active":false,"_monsterinsights_sitenote_note":"","_monsterinsights_sitenote_category":0,"jetpack_post_was_ever_published":false,"_jetpack_newsletter_access":"","_jetpack_dont_email_post_to_subs":false,"_jetpack_newsletter_tier_id":0,"_jetpack_memberships_contains_paywalled_content":false,"_jetpack_memberships_contains_paid_content":false,"footnotes":"","jetpack_publicize_message":"","jetpack_publicize_feature_enabled":true,"jetpack_social_post_already_shared":true,"jetpack_social_options":{"image_generator_settings":{"template":"highway","default_image_id":0,"font":"","enabled":false},"version":2}},"categories":[203],"tags":[1298,3701,2511],"class_list":["post-61338","post","type-post","status-publish","format-standard","has-post-thumbnail","hentry","category-juazeiro","tag-avaliacao","tag-pesquisa-eleitoral","tag-vitoria"],"jetpack_publicize_connections":[],"jetpack_featured_media_url":"https:\/\/blogopara.com.br\/wp-content\/uploads\/2024\/01\/03.jpg","uagb_featured_image_src":{"full":["https:\/\/blogopara.com.br\/wp-content\/uploads\/2024\/01\/03.jpg",500,317,false],"thumbnail":["https:\/\/blogopara.com.br\/wp-content\/uploads\/2024\/01\/03-150x150.jpg",150,150,true],"medium":["https:\/\/blogopara.com.br\/wp-content\/uploads\/2024\/01\/03-300x190.jpg",300,190,true],"medium_large":["https:\/\/blogopara.com.br\/wp-content\/uploads\/2024\/01\/03.jpg",500,317,false],"large":["https:\/\/blogopara.com.br\/wp-content\/uploads\/2024\/01\/03.jpg",500,317,false],"1536x1536":["https:\/\/blogopara.com.br\/wp-content\/uploads\/2024\/01\/03.jpg",500,317,false],"2048x2048":["https:\/\/blogopara.com.br\/wp-content\/uploads\/2024\/01\/03.jpg",500,317,false],"mantranews-slider-large":["https:\/\/blogopara.com.br\/wp-content\/uploads\/2024\/01\/03.jpg",500,317,false],"mantranews-featured-medium":["https:\/\/blogopara.com.br\/wp-content\/uploads\/2024\/01\/03-420x307.jpg",420,307,true],"mantranews-featured-long":["https:\/\/blogopara.com.br\/wp-content\/uploads\/2024\/01\/03-300x317.jpg",300,317,true],"mantranews-block-medium":["https:\/\/blogopara.com.br\/wp-content\/uploads\/2024\/01\/03-464x290.jpg",464,290,true],"mantranews-carousel-image":["https:\/\/blogopara.com.br\/wp-content\/uploads\/2024\/01\/03.jpg",500,317,false],"mantranews-block-thumb":["https:\/\/blogopara.com.br\/wp-content\/uploads\/2024\/01\/03-322x230.jpg",322,230,true],"mantranews-single-large":["https:\/\/blogopara.com.br\/wp-content\/uploads\/2024\/01\/03.jpg",500,317,false]},"uagb_author_info":{"display_name":"Reda\u00e7\u00e3o geral","author_link":"https:\/\/blogopara.com.br\/index.php\/author\/blogopara"},"uagb_comment_info":0,"uagb_excerpt":"Com o in\u00edcio da pr\u00e9-campanha eleitoral de 2024, come\u00e7am tamb\u00e9m as especula\u00e7\u00f5es e burburinhos sobre as possibilidades de chapas e composi\u00e7\u00f5es partid\u00e1rias. Tudo come\u00e7a com os nomes j\u00e1 manjados e que nunca saem das meras especula\u00e7\u00f5es, mas a cada elei\u00e7\u00e3o para prefeito os nomes surgem como se fossem uma cortina desvirginando o que realmente pode&hellip;","jetpack_sharing_enabled":true,"jetpack_likes_enabled":true,"_links":{"self":[{"href":"https:\/\/blogopara.com.br\/index.php\/wp-json\/wp\/v2\/posts\/61338","targetHints":{"allow":["GET"]}}],"collection":[{"href":"https:\/\/blogopara.com.br\/index.php\/wp-json\/wp\/v2\/posts"}],"about":[{"href":"https:\/\/blogopara.com.br\/index.php\/wp-json\/wp\/v2\/types\/post"}],"author":[{"embeddable":true,"href":"https:\/\/blogopara.com.br\/index.php\/wp-json\/wp\/v2\/users\/1"}],"replies":[{"embeddable":true,"href":"https:\/\/blogopara.com.br\/index.php\/wp-json\/wp\/v2\/comments?post=61338"}],"version-history":[{"count":3,"href":"https:\/\/blogopara.com.br\/index.php\/wp-json\/wp\/v2\/posts\/61338\/revisions"}],"predecessor-version":[{"id":61374,"href":"https:\/\/blogopara.com.br\/index.php\/wp-json\/wp\/v2\/posts\/61338\/revisions\/61374"}],"wp:featuredmedia":[{"embeddable":true,"href":"https:\/\/blogopara.com.br\/index.php\/wp-json\/wp\/v2\/media\/61339"}],"wp:attachment":[{"href":"https:\/\/blogopara.com.br\/index.php\/wp-json\/wp\/v2\/media?parent=61338"}],"wp:term":[{"taxonomy":"category","embeddable":true,"href":"https:\/\/blogopara.com.br\/index.php\/wp-json\/wp\/v2\/categories?post=61338"},{"taxonomy":"post_tag","embeddable":true,"href":"https:\/\/blogopara.com.br\/index.php\/wp-json\/wp\/v2\/tags?post=61338"}],"curies":[{"name":"wp","href":"https:\/\/api.w.org\/{rel}","templated":true}]}}