{"id":61447,"date":"2024-01-23T16:25:00","date_gmt":"2024-01-23T19:25:00","guid":{"rendered":"https:\/\/blogopara.com.br\/?p=61447"},"modified":"2024-01-22T22:26:52","modified_gmt":"2024-01-23T01:26:52","slug":"prefeitura-de-juazeiro-realiza-vistoria-de-estruturas-de-camarotes-e-barracas-para-o-carnaval-de-todos","status":"publish","type":"post","link":"https:\/\/blogopara.com.br\/index.php\/2024\/01\/23\/prefeitura-de-juazeiro-realiza-vistoria-de-estruturas-de-camarotes-e-barracas-para-o-carnaval-de-todos","title":{"rendered":"Prefeitura de Juazeiro realiza vistoria de estruturas de camarotes e barracas para o Carnaval de Todos"},"content":{"rendered":"<p style=\"text-align: justify;\">Faltando poucos dias para a folia que ficar\u00e1 marcada na hist\u00f3ria, a Prefeitura de Juazeiro, por meio da Secretaria de Meio Ambiente e Ordenamento Urbano (Semaurb), realizou na manh\u00e3 desta segunda-feira (22) uma vistoria nas estruturas de camarotes e barracas ao longo do circuito da Avenida Adolfo Viana e Orla 1.<\/p>\n<p style=\"text-align: justify;\"><img loading=\"lazy\" decoding=\"async\" class=\"aligncenter wp-image-95587 size-full\" src=\"https:\/\/www.juazeiro.ba.gov.br\/wp-content\/uploads\/2024\/01\/WhatsApp-Image-2024-01-22-at-12.52.39.jpeg\" sizes=\"auto, (max-width: 800px) 100vw, 800px\" srcset=\"https:\/\/www.juazeiro.ba.gov.br\/wp-content\/uploads\/2024\/01\/WhatsApp-Image-2024-01-22-at-12.52.39.jpeg 800w, https:\/\/www.juazeiro.ba.gov.br\/wp-content\/uploads\/2024\/01\/WhatsApp-Image-2024-01-22-at-12.52.39-300x200.jpeg 300w, https:\/\/www.juazeiro.ba.gov.br\/wp-content\/uploads\/2024\/01\/WhatsApp-Image-2024-01-22-at-12.52.39-768x511.jpeg 768w\" alt=\"\" width=\"800\" height=\"532\" \/><\/p>\n<p style=\"text-align: justify;\">A a\u00e7\u00e3o contou com a participa\u00e7\u00e3o da equipe t\u00e9cnica da Secretaria de Ordenamento Urbano e da empresa respons\u00e1vel pelas instala\u00e7\u00f5es das estruturas. Durante a vistoria, foram verificados todos os pontos de seguran\u00e7a e acessibilidade, garantindo que o Carnaval de Juazeiro seja um evento seguro e acess\u00edvel para todos.<\/p>\n<p style=\"text-align: justify;\">\u201cEstamos trabalhando para que o Carnaval de Juazeiro seja um evento inesquec\u00edvel para todos. Por isso, estamos realizando vistorias peri\u00f3dicas nas estruturas para garantir que tudo esteja em ordem\u201d, destacou o secret\u00e1rio Isl\u00e9dio Bandeira.<\/p>\n<h4 style=\"text-align: justify;\"><strong>Carnaval de Juazeiro 2024<\/strong><\/h4>\n<p style=\"text-align: justify;\">O Carnaval de Juazeiro 2024 ser\u00e1 realizado de 25 a 28 de fevereiro, com uma programa\u00e7\u00e3o diversificada, que inclui shows de artistas locais e nacionais, blocos, trios el\u00e9tricos e muito mais.<\/p>\n<p style=\"text-align: justify;\"><em><span style=\"font-size: revert; color: initial;\">Fonte: Ascom\/PMJ<\/span><\/em><\/p>\n","protected":false},"excerpt":{"rendered":"<p>Faltando poucos dias para a folia que ficar\u00e1 marcada na hist\u00f3ria, a Prefeitura de Juazeiro, por meio da Secretaria de Meio Ambiente e Ordenamento Urbano (Semaurb), realizou na manh\u00e3 desta segunda-feira (22) uma vistoria nas estruturas de camarotes e barracas ao longo do circuito da Avenida Adolfo Viana e Orla 1. A a\u00e7\u00e3o contou com [&hellip;]<\/p>\n","protected":false},"author":1,"featured_media":61448,"comment_status":"closed","ping_status":"open","sticky":false,"template":"","format":"standard","meta":{"_uag_custom_page_level_css":"","_monsterinsights_skip_tracking":false,"_monsterinsights_sitenote_active":false,"_monsterinsights_sitenote_note":"","_monsterinsights_sitenote_category":0,"jetpack_post_was_ever_published":false,"_jetpack_newsletter_access":"","_jetpack_dont_email_post_to_subs":false,"_jetpack_newsletter_tier_id":0,"_jetpack_memberships_contains_paywalled_content":false,"_jetpack_memberships_contains_paid_content":false,"footnotes":"","jetpack_publicize_message":"","jetpack_publicize_feature_enabled":true,"jetpack_social_post_already_shared":true,"jetpack_social_options":{"image_generator_settings":{"template":"highway","default_image_id":0,"font":"","enabled":false},"version":2}},"categories":[1784,203],"tags":[11,11284,143,340],"class_list":["post-61447","post","type-post","status-publish","format-standard","has-post-thumbnail","hentry","category-cultura-2","category-juazeiro","tag-bahia","tag-carnaval-juazeiro-2024","tag-juazeiro-da-bahia","tag-prefeitura-de-juazeiro"],"jetpack_publicize_connections":[],"jetpack_featured_media_url":"https:\/\/blogopara.com.br\/wp-content\/uploads\/2024\/01\/WhatsApp-Image-2024-01-22-at-12.52.40-768x511-1.jpg","uagb_featured_image_src":{"full":["https:\/\/blogopara.com.br\/wp-content\/uploads\/2024\/01\/WhatsApp-Image-2024-01-22-at-12.52.40-768x511-1.jpg",500,333,false],"thumbnail":["https:\/\/blogopara.com.br\/wp-content\/uploads\/2024\/01\/WhatsApp-Image-2024-01-22-at-12.52.40-768x511-1-150x150.jpg",150,150,true],"medium":["https:\/\/blogopara.com.br\/wp-content\/uploads\/2024\/01\/WhatsApp-Image-2024-01-22-at-12.52.40-768x511-1-300x200.jpg",300,200,true],"medium_large":["https:\/\/blogopara.com.br\/wp-content\/uploads\/2024\/01\/WhatsApp-Image-2024-01-22-at-12.52.40-768x511-1.jpg",500,333,false],"large":["https:\/\/blogopara.com.br\/wp-content\/uploads\/2024\/01\/WhatsApp-Image-2024-01-22-at-12.52.40-768x511-1.jpg",500,333,false],"1536x1536":["https:\/\/blogopara.com.br\/wp-content\/uploads\/2024\/01\/WhatsApp-Image-2024-01-22-at-12.52.40-768x511-1.jpg",500,333,false],"2048x2048":["https:\/\/blogopara.com.br\/wp-content\/uploads\/2024\/01\/WhatsApp-Image-2024-01-22-at-12.52.40-768x511-1.jpg",500,333,false],"mantranews-slider-large":["https:\/\/blogopara.com.br\/wp-content\/uploads\/2024\/01\/WhatsApp-Image-2024-01-22-at-12.52.40-768x511-1.jpg",500,333,false],"mantranews-featured-medium":["https:\/\/blogopara.com.br\/wp-content\/uploads\/2024\/01\/WhatsApp-Image-2024-01-22-at-12.52.40-768x511-1-420x307.jpg",420,307,true],"mantranews-featured-long":["https:\/\/blogopara.com.br\/wp-content\/uploads\/2024\/01\/WhatsApp-Image-2024-01-22-at-12.52.40-768x511-1-300x333.jpg",300,333,true],"mantranews-block-medium":["https:\/\/blogopara.com.br\/wp-content\/uploads\/2024\/01\/WhatsApp-Image-2024-01-22-at-12.52.40-768x511-1-464x290.jpg",464,290,true],"mantranews-carousel-image":["https:\/\/blogopara.com.br\/wp-content\/uploads\/2024\/01\/WhatsApp-Image-2024-01-22-at-12.52.40-768x511-1.jpg",500,333,false],"mantranews-block-thumb":["https:\/\/blogopara.com.br\/wp-content\/uploads\/2024\/01\/WhatsApp-Image-2024-01-22-at-12.52.40-768x511-1-322x230.jpg",322,230,true],"mantranews-single-large":["https:\/\/blogopara.com.br\/wp-content\/uploads\/2024\/01\/WhatsApp-Image-2024-01-22-at-12.52.40-768x511-1.jpg",500,333,false]},"uagb_author_info":{"display_name":"Reda\u00e7\u00e3o geral","author_link":"https:\/\/blogopara.com.br\/index.php\/author\/blogopara"},"uagb_comment_info":0,"uagb_excerpt":"Faltando poucos dias para a folia que ficar\u00e1 marcada na hist\u00f3ria, a Prefeitura de Juazeiro, por meio da Secretaria de Meio Ambiente e Ordenamento Urbano (Semaurb), realizou na manh\u00e3 desta segunda-feira (22) uma vistoria nas estruturas de camarotes e barracas ao longo do circuito da Avenida Adolfo Viana e Orla 1. A a\u00e7\u00e3o contou com&hellip;","jetpack_sharing_enabled":true,"jetpack_likes_enabled":true,"_links":{"self":[{"href":"https:\/\/blogopara.com.br\/index.php\/wp-json\/wp\/v2\/posts\/61447","targetHints":{"allow":["GET"]}}],"collection":[{"href":"https:\/\/blogopara.com.br\/index.php\/wp-json\/wp\/v2\/posts"}],"about":[{"href":"https:\/\/blogopara.com.br\/index.php\/wp-json\/wp\/v2\/types\/post"}],"author":[{"embeddable":true,"href":"https:\/\/blogopara.com.br\/index.php\/wp-json\/wp\/v2\/users\/1"}],"replies":[{"embeddable":true,"href":"https:\/\/blogopara.com.br\/index.php\/wp-json\/wp\/v2\/comments?post=61447"}],"version-history":[{"count":1,"href":"https:\/\/blogopara.com.br\/index.php\/wp-json\/wp\/v2\/posts\/61447\/revisions"}],"predecessor-version":[{"id":61449,"href":"https:\/\/blogopara.com.br\/index.php\/wp-json\/wp\/v2\/posts\/61447\/revisions\/61449"}],"wp:featuredmedia":[{"embeddable":true,"href":"https:\/\/blogopara.com.br\/index.php\/wp-json\/wp\/v2\/media\/61448"}],"wp:attachment":[{"href":"https:\/\/blogopara.com.br\/index.php\/wp-json\/wp\/v2\/media?parent=61447"}],"wp:term":[{"taxonomy":"category","embeddable":true,"href":"https:\/\/blogopara.com.br\/index.php\/wp-json\/wp\/v2\/categories?post=61447"},{"taxonomy":"post_tag","embeddable":true,"href":"https:\/\/blogopara.com.br\/index.php\/wp-json\/wp\/v2\/tags?post=61447"}],"curies":[{"name":"wp","href":"https:\/\/api.w.org\/{rel}","templated":true}]}}