{"id":61502,"date":"2024-01-25T10:33:00","date_gmt":"2024-01-25T13:33:00","guid":{"rendered":"https:\/\/blogopara.com.br\/?p=61502"},"modified":"2024-01-25T01:39:22","modified_gmt":"2024-01-25T04:39:22","slug":"carnaval-de-todos-prefeitura-de-juazeiro-reforca-proibicao-de-bebidas-em-vidro-e-espetinhos-com-pontas","status":"publish","type":"post","link":"https:\/\/blogopara.com.br\/index.php\/2024\/01\/25\/carnaval-de-todos-prefeitura-de-juazeiro-reforca-proibicao-de-bebidas-em-vidro-e-espetinhos-com-pontas","title":{"rendered":"Carnaval de Todos: Prefeitura de Juazeiro refor\u00e7a proibi\u00e7\u00e3o de bebidas em vidro e espetinhos com pontas"},"content":{"rendered":"<p style=\"text-align: justify;\">J\u00e1 \u00e9 Carnaval cidade! A um dia da maior festa carnavalesca da hist\u00f3ria de Juazeiro, a Prefeitura de Juazeiro, seguindo o Decreto n\u00ba 002\/2024, refor\u00e7a o que pode e o que n\u00e3o pode ser comercializado e consumido durante os 4 dias de folia na Avenida Adolfo Viana e Orla 1 e 2. O objetivo \u00e9 assegurar a prote\u00e7\u00e3o e a seguran\u00e7a dos foli\u00f5es.<\/p>\n<p style=\"text-align: justify;\">Dentre as proibi\u00e7\u00f5es anunciadas, destacam-se:<\/p>\n<p style=\"text-align: justify;\"><strong>Bebidas em vidro:<\/strong>\u00a0Fica proibida a comercializa\u00e7\u00e3o, posse ou circula\u00e7\u00e3o de bebidas alco\u00f3licas ou n\u00e3o em recipientes ou vasilhames de vidro, como garrafas, copos e similares. Tal medida estende-se tanto a vendedores ambulantes quanto a transeuntes.<\/p>\n<p style=\"text-align: justify;\"><strong>Espetinhos com pontas:<\/strong>\u00a0\u00c9 vedada a comercializa\u00e7\u00e3o, posse ou circula\u00e7\u00e3o de espetinhos de carne com pontas, mesmo que sejam de madeira. A utiliza\u00e7\u00e3o de talheres de metal, incluindo alum\u00ednio, tamb\u00e9m est\u00e1 proibida, bem como a reutiliza\u00e7\u00e3o de utens\u00edlios descart\u00e1veis.<\/p>\n<p style=\"text-align: justify;\"><strong>Som automotivo de alta pot\u00eancia:<\/strong>\u00a0Fica proibida a utiliza\u00e7\u00e3o de som automotivo de alta pot\u00eancia e pared\u00f5es de som, visando preservar o conforto e a tranquilidade de todos os presentes.<\/p>\n<h4 style=\"text-align: justify;\"><strong>Penalidades<\/strong><\/h4>\n<p style=\"text-align: justify;\">Em caso de descumprimento das proibi\u00e7\u00f5es, o Decreto prev\u00ea penalidades, incluindo a apreens\u00e3o dos vasilhames, recipientes ou instrumentos citados. A fiscaliza\u00e7\u00e3o ser\u00e1 realizada pelo Setor de Fiscaliza\u00e7\u00e3o da Secretaria de Meio Ambiente e Ordenamento Urbano (Semaurb), em colabora\u00e7\u00e3o com a Guarda Civil Municipal, respons\u00e1veis pela manuten\u00e7\u00e3o da ordem p\u00fablica no munic\u00edpio. Al\u00e9m disso, contar\u00e3o com o apoio das Pol\u00edcias Civil e Militar para garantir a efetividade das medidas estabelecidas.<\/p>\n<p style=\"text-align: justify;\"><em>Fonte: Ascom\/PMJ<\/em><\/p>\n","protected":false},"excerpt":{"rendered":"<p>J\u00e1 \u00e9 Carnaval cidade! A um dia da maior festa carnavalesca da hist\u00f3ria de Juazeiro, a Prefeitura de Juazeiro, seguindo o Decreto n\u00ba 002\/2024, refor\u00e7a o que pode e o que n\u00e3o pode ser comercializado e consumido durante os 4 dias de folia na Avenida Adolfo Viana e Orla 1 e 2. O objetivo \u00e9 [&hellip;]<\/p>\n","protected":false},"author":1,"featured_media":61503,"comment_status":"closed","ping_status":"open","sticky":false,"template":"","format":"standard","meta":{"_uag_custom_page_level_css":"","_monsterinsights_skip_tracking":false,"_monsterinsights_sitenote_active":false,"_monsterinsights_sitenote_note":"","_monsterinsights_sitenote_category":0,"jetpack_post_was_ever_published":false,"_jetpack_newsletter_access":"","_jetpack_dont_email_post_to_subs":false,"_jetpack_newsletter_tier_id":0,"_jetpack_memberships_contains_paywalled_content":false,"_jetpack_memberships_contains_paid_content":false,"footnotes":"","jetpack_publicize_message":"","jetpack_publicize_feature_enabled":true,"jetpack_social_post_already_shared":true,"jetpack_social_options":{"image_generator_settings":{"template":"highway","default_image_id":0,"font":"","enabled":false},"version":2}},"categories":[1784,203],"tags":[11,11284,143,340],"class_list":["post-61502","post","type-post","status-publish","format-standard","has-post-thumbnail","hentry","category-cultura-2","category-juazeiro","tag-bahia","tag-carnaval-juazeiro-2024","tag-juazeiro-da-bahia","tag-prefeitura-de-juazeiro"],"jetpack_publicize_connections":[],"jetpack_featured_media_url":"https:\/\/blogopara.com.br\/wp-content\/uploads\/2024\/01\/Captura-de-tela-2024-01-25-013657.png","uagb_featured_image_src":{"full":["https:\/\/blogopara.com.br\/wp-content\/uploads\/2024\/01\/Captura-de-tela-2024-01-25-013657.png",500,298,false],"thumbnail":["https:\/\/blogopara.com.br\/wp-content\/uploads\/2024\/01\/Captura-de-tela-2024-01-25-013657-150x150.png",150,150,true],"medium":["https:\/\/blogopara.com.br\/wp-content\/uploads\/2024\/01\/Captura-de-tela-2024-01-25-013657-300x179.png",300,179,true],"medium_large":["https:\/\/blogopara.com.br\/wp-content\/uploads\/2024\/01\/Captura-de-tela-2024-01-25-013657.png",500,298,false],"large":["https:\/\/blogopara.com.br\/wp-content\/uploads\/2024\/01\/Captura-de-tela-2024-01-25-013657.png",500,298,false],"1536x1536":["https:\/\/blogopara.com.br\/wp-content\/uploads\/2024\/01\/Captura-de-tela-2024-01-25-013657.png",500,298,false],"2048x2048":["https:\/\/blogopara.com.br\/wp-content\/uploads\/2024\/01\/Captura-de-tela-2024-01-25-013657.png",500,298,false],"mantranews-slider-large":["https:\/\/blogopara.com.br\/wp-content\/uploads\/2024\/01\/Captura-de-tela-2024-01-25-013657.png",500,298,false],"mantranews-featured-medium":["https:\/\/blogopara.com.br\/wp-content\/uploads\/2024\/01\/Captura-de-tela-2024-01-25-013657-420x298.png",420,298,true],"mantranews-featured-long":["https:\/\/blogopara.com.br\/wp-content\/uploads\/2024\/01\/Captura-de-tela-2024-01-25-013657-300x298.png",300,298,true],"mantranews-block-medium":["https:\/\/blogopara.com.br\/wp-content\/uploads\/2024\/01\/Captura-de-tela-2024-01-25-013657-464x290.png",464,290,true],"mantranews-carousel-image":["https:\/\/blogopara.com.br\/wp-content\/uploads\/2024\/01\/Captura-de-tela-2024-01-25-013657.png",500,298,false],"mantranews-block-thumb":["https:\/\/blogopara.com.br\/wp-content\/uploads\/2024\/01\/Captura-de-tela-2024-01-25-013657-322x230.png",322,230,true],"mantranews-single-large":["https:\/\/blogopara.com.br\/wp-content\/uploads\/2024\/01\/Captura-de-tela-2024-01-25-013657.png",500,298,false]},"uagb_author_info":{"display_name":"Reda\u00e7\u00e3o geral","author_link":"https:\/\/blogopara.com.br\/index.php\/author\/blogopara"},"uagb_comment_info":0,"uagb_excerpt":"J\u00e1 \u00e9 Carnaval cidade! A um dia da maior festa carnavalesca da hist\u00f3ria de Juazeiro, a Prefeitura de Juazeiro, seguindo o Decreto n\u00ba 002\/2024, refor\u00e7a o que pode e o que n\u00e3o pode ser comercializado e consumido durante os 4 dias de folia na Avenida Adolfo Viana e Orla 1 e 2. O objetivo \u00e9&hellip;","jetpack_sharing_enabled":true,"jetpack_likes_enabled":true,"_links":{"self":[{"href":"https:\/\/blogopara.com.br\/index.php\/wp-json\/wp\/v2\/posts\/61502","targetHints":{"allow":["GET"]}}],"collection":[{"href":"https:\/\/blogopara.com.br\/index.php\/wp-json\/wp\/v2\/posts"}],"about":[{"href":"https:\/\/blogopara.com.br\/index.php\/wp-json\/wp\/v2\/types\/post"}],"author":[{"embeddable":true,"href":"https:\/\/blogopara.com.br\/index.php\/wp-json\/wp\/v2\/users\/1"}],"replies":[{"embeddable":true,"href":"https:\/\/blogopara.com.br\/index.php\/wp-json\/wp\/v2\/comments?post=61502"}],"version-history":[{"count":1,"href":"https:\/\/blogopara.com.br\/index.php\/wp-json\/wp\/v2\/posts\/61502\/revisions"}],"predecessor-version":[{"id":61504,"href":"https:\/\/blogopara.com.br\/index.php\/wp-json\/wp\/v2\/posts\/61502\/revisions\/61504"}],"wp:featuredmedia":[{"embeddable":true,"href":"https:\/\/blogopara.com.br\/index.php\/wp-json\/wp\/v2\/media\/61503"}],"wp:attachment":[{"href":"https:\/\/blogopara.com.br\/index.php\/wp-json\/wp\/v2\/media?parent=61502"}],"wp:term":[{"taxonomy":"category","embeddable":true,"href":"https:\/\/blogopara.com.br\/index.php\/wp-json\/wp\/v2\/categories?post=61502"},{"taxonomy":"post_tag","embeddable":true,"href":"https:\/\/blogopara.com.br\/index.php\/wp-json\/wp\/v2\/tags?post=61502"}],"curies":[{"name":"wp","href":"https:\/\/api.w.org\/{rel}","templated":true}]}}