{"id":61665,"date":"2024-01-29T17:42:00","date_gmt":"2024-01-29T20:42:00","guid":{"rendered":"https:\/\/blogopara.com.br\/?p=61665"},"modified":"2024-01-29T17:52:40","modified_gmt":"2024-01-29T20:52:40","slug":"policia-confirma-que-dois-homens-em-uma-moto-foram-os-autores-das-tres-tentativas-de-homicidio-e-um-homicidio-no-ultimo-dia-de-carnaval-de-juazeiro","status":"publish","type":"post","link":"https:\/\/blogopara.com.br\/index.php\/2024\/01\/29\/policia-confirma-que-dois-homens-em-uma-moto-foram-os-autores-das-tres-tentativas-de-homicidio-e-um-homicidio-no-ultimo-dia-de-carnaval-de-juazeiro","title":{"rendered":"Pol\u00edcia confirma que dois homens em uma moto foram os autores das tr\u00eas tentativas de homic\u00eddio e um homic\u00eddio no \u00faltimo dia de Carnaval de Juazeiro"},"content":{"rendered":"<p style=\"text-align: justify;\">Como publicado pelo Blog, a Pol\u00edcia Militar da Bahia confirmou que na \u00faltima noite de Carnaval de Juazeiro (BA), no domingo (28), tr\u00eas tentativas de homic\u00eddio e uma morte por bala perdida foram registradas na Avenida Adolfo Viana, no circuito da festa.<\/p>\n<p style=\"text-align: justify;\">\u00c0s 23:50, A Pol\u00edcia Militar recebeu informa\u00e7\u00e3o que houve disparos de arma de fogo na rua do Socorro, pr\u00f3ximo ao local. O efetivo encontrou tr\u00eas homens baleados na avenida. As v\u00edtimas foram um adolescente de 16 anos, atingido no ombro e dois irm\u00e3os de 26 e 27 anos tamb\u00e9m feridos. Os tr\u00eas foram encaminhados para o Hospital Universit\u00e1rio de Petrolina.<\/p>\n<p style=\"text-align: justify;\">A quarta v\u00edtima foi atingida pelos disparos no t\u00f3rax e ombro, n\u00e3o resistiu e morreu. Rafael de Souza Lima tinha 37 anos e morava no bairro Maria Goretti em Juazeiro.<\/p>\n<p style=\"text-align: justify;\">A informa\u00e7\u00e3o \u00e9 que dois suspeitos estavam em um motocicleta e atiraram contra as v\u00edtimas. A Pol\u00edcia Civil segue com as dilig\u00eancias para localizar os autores dos crimes e esclarecer a motiva\u00e7\u00e3o.<\/p>\n<p>Fonte de informa\u00e7\u00f5es: Edenevaldo Alves<\/p>\n","protected":false},"excerpt":{"rendered":"<p>Como publicado pelo Blog, a Pol\u00edcia Militar da Bahia confirmou que na \u00faltima noite de Carnaval de Juazeiro (BA), no domingo (28), tr\u00eas tentativas de homic\u00eddio e uma morte por bala perdida foram registradas na Avenida Adolfo Viana, no circuito da festa. \u00c0s 23:50, A Pol\u00edcia Militar recebeu informa\u00e7\u00e3o que houve disparos de arma de [&hellip;]<\/p>\n","protected":false},"author":1,"featured_media":61585,"comment_status":"closed","ping_status":"open","sticky":false,"template":"","format":"standard","meta":{"_uag_custom_page_level_css":"","_monsterinsights_skip_tracking":false,"_monsterinsights_sitenote_active":false,"_monsterinsights_sitenote_note":"","_monsterinsights_sitenote_category":0,"jetpack_post_was_ever_published":false,"_jetpack_newsletter_access":"","_jetpack_dont_email_post_to_subs":false,"_jetpack_newsletter_tier_id":0,"_jetpack_memberships_contains_paywalled_content":false,"_jetpack_memberships_contains_paid_content":false,"footnotes":"","jetpack_publicize_message":"","jetpack_publicize_feature_enabled":true,"jetpack_social_post_already_shared":true,"jetpack_social_options":{"image_generator_settings":{"template":"highway","default_image_id":0,"font":"","enabled":false},"version":2}},"categories":[203],"tags":[],"class_list":["post-61665","post","type-post","status-publish","format-standard","has-post-thumbnail","hentry","category-juazeiro"],"jetpack_publicize_connections":[],"jetpack_featured_media_url":"https:\/\/blogopara.com.br\/wp-content\/uploads\/2024\/01\/53488229935_19af43daac_k-768x512-1.jpg","uagb_featured_image_src":{"full":["https:\/\/blogopara.com.br\/wp-content\/uploads\/2024\/01\/53488229935_19af43daac_k-768x512-1.jpg",500,333,false],"thumbnail":["https:\/\/blogopara.com.br\/wp-content\/uploads\/2024\/01\/53488229935_19af43daac_k-768x512-1-150x150.jpg",150,150,true],"medium":["https:\/\/blogopara.com.br\/wp-content\/uploads\/2024\/01\/53488229935_19af43daac_k-768x512-1-300x200.jpg",300,200,true],"medium_large":["https:\/\/blogopara.com.br\/wp-content\/uploads\/2024\/01\/53488229935_19af43daac_k-768x512-1.jpg",500,333,false],"large":["https:\/\/blogopara.com.br\/wp-content\/uploads\/2024\/01\/53488229935_19af43daac_k-768x512-1.jpg",500,333,false],"1536x1536":["https:\/\/blogopara.com.br\/wp-content\/uploads\/2024\/01\/53488229935_19af43daac_k-768x512-1.jpg",500,333,false],"2048x2048":["https:\/\/blogopara.com.br\/wp-content\/uploads\/2024\/01\/53488229935_19af43daac_k-768x512-1.jpg",500,333,false],"mantranews-slider-large":["https:\/\/blogopara.com.br\/wp-content\/uploads\/2024\/01\/53488229935_19af43daac_k-768x512-1.jpg",500,333,false],"mantranews-featured-medium":["https:\/\/blogopara.com.br\/wp-content\/uploads\/2024\/01\/53488229935_19af43daac_k-768x512-1-420x307.jpg",420,307,true],"mantranews-featured-long":["https:\/\/blogopara.com.br\/wp-content\/uploads\/2024\/01\/53488229935_19af43daac_k-768x512-1-300x333.jpg",300,333,true],"mantranews-block-medium":["https:\/\/blogopara.com.br\/wp-content\/uploads\/2024\/01\/53488229935_19af43daac_k-768x512-1-464x290.jpg",464,290,true],"mantranews-carousel-image":["https:\/\/blogopara.com.br\/wp-content\/uploads\/2024\/01\/53488229935_19af43daac_k-768x512-1.jpg",500,333,false],"mantranews-block-thumb":["https:\/\/blogopara.com.br\/wp-content\/uploads\/2024\/01\/53488229935_19af43daac_k-768x512-1-322x230.jpg",322,230,true],"mantranews-single-large":["https:\/\/blogopara.com.br\/wp-content\/uploads\/2024\/01\/53488229935_19af43daac_k-768x512-1.jpg",500,333,false]},"uagb_author_info":{"display_name":"Reda\u00e7\u00e3o geral","author_link":"https:\/\/blogopara.com.br\/index.php\/author\/blogopara"},"uagb_comment_info":0,"uagb_excerpt":"Como publicado pelo Blog, a Pol\u00edcia Militar da Bahia confirmou que na \u00faltima noite de Carnaval de Juazeiro (BA), no domingo (28), tr\u00eas tentativas de homic\u00eddio e uma morte por bala perdida foram registradas na Avenida Adolfo Viana, no circuito da festa. \u00c0s 23:50, A Pol\u00edcia Militar recebeu informa\u00e7\u00e3o que houve disparos de arma de&hellip;","jetpack_sharing_enabled":true,"jetpack_likes_enabled":true,"_links":{"self":[{"href":"https:\/\/blogopara.com.br\/index.php\/wp-json\/wp\/v2\/posts\/61665","targetHints":{"allow":["GET"]}}],"collection":[{"href":"https:\/\/blogopara.com.br\/index.php\/wp-json\/wp\/v2\/posts"}],"about":[{"href":"https:\/\/blogopara.com.br\/index.php\/wp-json\/wp\/v2\/types\/post"}],"author":[{"embeddable":true,"href":"https:\/\/blogopara.com.br\/index.php\/wp-json\/wp\/v2\/users\/1"}],"replies":[{"embeddable":true,"href":"https:\/\/blogopara.com.br\/index.php\/wp-json\/wp\/v2\/comments?post=61665"}],"version-history":[{"count":2,"href":"https:\/\/blogopara.com.br\/index.php\/wp-json\/wp\/v2\/posts\/61665\/revisions"}],"predecessor-version":[{"id":61678,"href":"https:\/\/blogopara.com.br\/index.php\/wp-json\/wp\/v2\/posts\/61665\/revisions\/61678"}],"wp:featuredmedia":[{"embeddable":true,"href":"https:\/\/blogopara.com.br\/index.php\/wp-json\/wp\/v2\/media\/61585"}],"wp:attachment":[{"href":"https:\/\/blogopara.com.br\/index.php\/wp-json\/wp\/v2\/media?parent=61665"}],"wp:term":[{"taxonomy":"category","embeddable":true,"href":"https:\/\/blogopara.com.br\/index.php\/wp-json\/wp\/v2\/categories?post=61665"},{"taxonomy":"post_tag","embeddable":true,"href":"https:\/\/blogopara.com.br\/index.php\/wp-json\/wp\/v2\/tags?post=61665"}],"curies":[{"name":"wp","href":"https:\/\/api.w.org\/{rel}","templated":true}]}}