{"id":61667,"date":"2024-01-29T19:44:00","date_gmt":"2024-01-29T22:44:00","guid":{"rendered":"https:\/\/blogopara.com.br\/?p=61667"},"modified":"2024-01-29T15:48:22","modified_gmt":"2024-01-29T18:48:22","slug":"tenda-da-educacao-encerra-programacao-no-carnaval-de-juazeiro-com-aprovacao-do-publico","status":"publish","type":"post","link":"https:\/\/blogopara.com.br\/index.php\/2024\/01\/29\/tenda-da-educacao-encerra-programacao-no-carnaval-de-juazeiro-com-aprovacao-do-publico","title":{"rendered":"\u2018Tenda da Educa\u00e7\u00e3o\u2019 encerra programa\u00e7\u00e3o no Carnaval de Juazeiro com aprova\u00e7\u00e3o do p\u00fablico"},"content":{"rendered":"<p class=\"x_MsoNormal\" style=\"text-align: justify;\">Ap\u00f3s dois dias de muita divers\u00e3o, m\u00fasica e folia, o \u2018Carnaval de Todos\u2019, no Polo Jo\u00e3o Gilberto (Orla II), em Juazeiro, se despediu em grande estilo, neste domingo (28). Iniciativa pioneira da Prefeitura de Juazeiro, a \u2018Tenda da Educa\u00e7\u00e3o\u2019 entregou muita alegria, conforto e seguran\u00e7a, reunindo diversas fam\u00edlias que aproveitaram a programa\u00e7\u00e3o festiva.<\/p>\n<p class=\"x_MsoNormal\" style=\"text-align: justify;\">O espa\u00e7o contou com uma megaestrutura com palco 360\u00ba totalmente interativo, que recebeu neste domingo as bandas Starkids, Pirulito, Turma Canina e Macambira, al\u00e9m da apresenta\u00e7\u00e3o de espet\u00e1culos, conta\u00e7\u00e3o de hist\u00f3rias, pinturas, guloseimas, distribui\u00e7\u00e3o de brindes e diversos personagens infantis, que animaram o p\u00fablico, levando muita dan\u00e7a e curti\u00e7\u00e3o para os pequenos foli\u00f5es.<\/p>\n<p class=\"x_MsoNormal\" style=\"text-align: justify;\">&#8220;N\u00f3s estamos muito satisfeitos com a programa\u00e7\u00e3o. Sempre que tem atividade da &#8216;Tenda da Educa\u00e7\u00e3o&#8217; eu fa\u00e7o quest\u00e3o de trazer minha filha, porque \u00e9 um espa\u00e7o muito seguro, divertido e cheio de coisas que ela adora. Acho super legal a prefeita Suzana proporcionar um ambiente desses para as crian\u00e7as brincarem Carnaval, principalmente porque n\u00f3s, que somos pais, nos sentimos mais tranquilos e seguros. S\u00f3 posso parabenizar e agradecer \u00e0 prefeita. Larinha ganhou brinquedos, pipoca, doces e at\u00e9 ingressos para brincar no parque de divers\u00e3o&#8221;, compartilhou, Nadja Rayane, que esteve no espa\u00e7o com o esposo, Edilberto Gomes, e a filha, Lara Rhiana.<\/p>\n<p class=\"x_MsoNormal\" style=\"text-align: justify;\">Recebida com entusiasmo pelo p\u00fablico que foi prestigiar a programa\u00e7\u00e3o, a prefeita de Juazeiro, Suzana Ramos, destacou a satisfa\u00e7\u00e3o de poder ofertar um ambiente atrativo e seguro para as crian\u00e7as na festividade de carnaval.<\/p>\n<p class=\"x_MsoNormal\" style=\"text-align: justify;\">&#8220;Esse espa\u00e7o foi pensado com muito carinho para atender especialmente as crian\u00e7as e seus familiares. Eu fico muito feliz de poder, mais uma vez, receber o carisma desses pequenos, que contam com o meu compromisso para garantir um espa\u00e7o divertido e seguro para eles brincarem no Carnaval. A \u2018Tenda da Educa\u00e7\u00e3o\u2019 j\u00e1 se tornou tradi\u00e7\u00e3o nas grandes festas da cidade e a confirma\u00e7\u00e3o disso est\u00e1 no expressivo p\u00fablico que veio prestigiar a programa\u00e7\u00e3o&#8221;, comentou a prefeita.<b>\u00a0<\/b><\/p>\n<p class=\"x_MsoNormal\" style=\"text-align: justify;\"><b>Feriado do Carnaval de Juazeiro<\/b><\/p>\n<p class=\"x_MsoNormal\" style=\"text-align: justify;\">A Prefeitura de Juazeiro decretou que na segunda-feira, 29 de janeiro, ser\u00e1 feriado relativo ao Carnaval antecipado 2024, com base na Lei Municipal n\u00ba 2.516, de 30 de dezembro de 2014.<\/p>\n<p class=\"x_MsoNormal\" style=\"text-align: justify;\">\n<p class=\"x_MsoNormal\" style=\"text-align: justify;\">Texto: Camila Santana \u2013 Ascom Seduc\/PMJ<\/p>\n<p class=\"x_MsoNormal\" style=\"text-align: justify;\">Fotos: \u00cdcaro Alexandre e Ayrton Latapiat \/ Ascom PMJ<\/p>\n","protected":false},"excerpt":{"rendered":"<p>Ap\u00f3s dois dias de muita divers\u00e3o, m\u00fasica e folia, o \u2018Carnaval de Todos\u2019, no Polo Jo\u00e3o Gilberto (Orla II), em Juazeiro, se despediu em grande estilo, neste domingo (28). Iniciativa pioneira da Prefeitura de Juazeiro, a \u2018Tenda da Educa\u00e7\u00e3o\u2019 entregou muita alegria, conforto e seguran\u00e7a, reunindo diversas fam\u00edlias que aproveitaram a programa\u00e7\u00e3o festiva. O espa\u00e7o [&hellip;]<\/p>\n","protected":false},"author":1,"featured_media":61668,"comment_status":"closed","ping_status":"open","sticky":false,"template":"","format":"standard","meta":{"_uag_custom_page_level_css":"","_monsterinsights_skip_tracking":false,"_monsterinsights_sitenote_active":false,"_monsterinsights_sitenote_note":"","_monsterinsights_sitenote_category":0,"jetpack_post_was_ever_published":false,"_jetpack_newsletter_access":"","_jetpack_dont_email_post_to_subs":false,"_jetpack_newsletter_tier_id":0,"_jetpack_memberships_contains_paywalled_content":false,"_jetpack_memberships_contains_paid_content":false,"footnotes":"","jetpack_publicize_message":"","jetpack_publicize_feature_enabled":true,"jetpack_social_post_already_shared":true,"jetpack_social_options":{"image_generator_settings":{"template":"highway","default_image_id":0,"font":"","enabled":false},"version":2}},"categories":[203],"tags":[],"class_list":["post-61667","post","type-post","status-publish","format-standard","has-post-thumbnail","hentry","category-juazeiro"],"jetpack_publicize_connections":[],"jetpack_featured_media_url":"https:\/\/blogopara.com.br\/wp-content\/uploads\/2024\/01\/thumbnail_tenda-da-educacao-domingo-5.jpg","uagb_featured_image_src":{"full":["https:\/\/blogopara.com.br\/wp-content\/uploads\/2024\/01\/thumbnail_tenda-da-educacao-domingo-5.jpg",500,311,false],"thumbnail":["https:\/\/blogopara.com.br\/wp-content\/uploads\/2024\/01\/thumbnail_tenda-da-educacao-domingo-5-150x150.jpg",150,150,true],"medium":["https:\/\/blogopara.com.br\/wp-content\/uploads\/2024\/01\/thumbnail_tenda-da-educacao-domingo-5-300x187.jpg",300,187,true],"medium_large":["https:\/\/blogopara.com.br\/wp-content\/uploads\/2024\/01\/thumbnail_tenda-da-educacao-domingo-5.jpg",500,311,false],"large":["https:\/\/blogopara.com.br\/wp-content\/uploads\/2024\/01\/thumbnail_tenda-da-educacao-domingo-5.jpg",500,311,false],"1536x1536":["https:\/\/blogopara.com.br\/wp-content\/uploads\/2024\/01\/thumbnail_tenda-da-educacao-domingo-5.jpg",500,311,false],"2048x2048":["https:\/\/blogopara.com.br\/wp-content\/uploads\/2024\/01\/thumbnail_tenda-da-educacao-domingo-5.jpg",500,311,false],"mantranews-slider-large":["https:\/\/blogopara.com.br\/wp-content\/uploads\/2024\/01\/thumbnail_tenda-da-educacao-domingo-5.jpg",500,311,false],"mantranews-featured-medium":["https:\/\/blogopara.com.br\/wp-content\/uploads\/2024\/01\/thumbnail_tenda-da-educacao-domingo-5-420x307.jpg",420,307,true],"mantranews-featured-long":["https:\/\/blogopara.com.br\/wp-content\/uploads\/2024\/01\/thumbnail_tenda-da-educacao-domingo-5-300x311.jpg",300,311,true],"mantranews-block-medium":["https:\/\/blogopara.com.br\/wp-content\/uploads\/2024\/01\/thumbnail_tenda-da-educacao-domingo-5-464x290.jpg",464,290,true],"mantranews-carousel-image":["https:\/\/blogopara.com.br\/wp-content\/uploads\/2024\/01\/thumbnail_tenda-da-educacao-domingo-5.jpg",500,311,false],"mantranews-block-thumb":["https:\/\/blogopara.com.br\/wp-content\/uploads\/2024\/01\/thumbnail_tenda-da-educacao-domingo-5-322x230.jpg",322,230,true],"mantranews-single-large":["https:\/\/blogopara.com.br\/wp-content\/uploads\/2024\/01\/thumbnail_tenda-da-educacao-domingo-5.jpg",500,311,false]},"uagb_author_info":{"display_name":"Reda\u00e7\u00e3o geral","author_link":"https:\/\/blogopara.com.br\/index.php\/author\/blogopara"},"uagb_comment_info":0,"uagb_excerpt":"Ap\u00f3s dois dias de muita divers\u00e3o, m\u00fasica e folia, o \u2018Carnaval de Todos\u2019, no Polo Jo\u00e3o Gilberto (Orla II), em Juazeiro, se despediu em grande estilo, neste domingo (28). Iniciativa pioneira da Prefeitura de Juazeiro, a \u2018Tenda da Educa\u00e7\u00e3o\u2019 entregou muita alegria, conforto e seguran\u00e7a, reunindo diversas fam\u00edlias que aproveitaram a programa\u00e7\u00e3o festiva. O espa\u00e7o&hellip;","jetpack_sharing_enabled":true,"jetpack_likes_enabled":true,"_links":{"self":[{"href":"https:\/\/blogopara.com.br\/index.php\/wp-json\/wp\/v2\/posts\/61667","targetHints":{"allow":["GET"]}}],"collection":[{"href":"https:\/\/blogopara.com.br\/index.php\/wp-json\/wp\/v2\/posts"}],"about":[{"href":"https:\/\/blogopara.com.br\/index.php\/wp-json\/wp\/v2\/types\/post"}],"author":[{"embeddable":true,"href":"https:\/\/blogopara.com.br\/index.php\/wp-json\/wp\/v2\/users\/1"}],"replies":[{"embeddable":true,"href":"https:\/\/blogopara.com.br\/index.php\/wp-json\/wp\/v2\/comments?post=61667"}],"version-history":[{"count":1,"href":"https:\/\/blogopara.com.br\/index.php\/wp-json\/wp\/v2\/posts\/61667\/revisions"}],"predecessor-version":[{"id":61670,"href":"https:\/\/blogopara.com.br\/index.php\/wp-json\/wp\/v2\/posts\/61667\/revisions\/61670"}],"wp:featuredmedia":[{"embeddable":true,"href":"https:\/\/blogopara.com.br\/index.php\/wp-json\/wp\/v2\/media\/61668"}],"wp:attachment":[{"href":"https:\/\/blogopara.com.br\/index.php\/wp-json\/wp\/v2\/media?parent=61667"}],"wp:term":[{"taxonomy":"category","embeddable":true,"href":"https:\/\/blogopara.com.br\/index.php\/wp-json\/wp\/v2\/categories?post=61667"},{"taxonomy":"post_tag","embeddable":true,"href":"https:\/\/blogopara.com.br\/index.php\/wp-json\/wp\/v2\/tags?post=61667"}],"curies":[{"name":"wp","href":"https:\/\/api.w.org\/{rel}","templated":true}]}}