{"id":61805,"date":"2024-02-03T08:38:00","date_gmt":"2024-02-03T11:38:00","guid":{"rendered":"https:\/\/blogopara.com.br\/?p=61805"},"modified":"2024-02-02T17:41:19","modified_gmt":"2024-02-02T20:41:19","slug":"flutuacao-no-numero-de-eleitores-intriga-especialistas-e-levanta-questionamentos-sobre-domicilio-eleitoral-de-sento-se","status":"publish","type":"post","link":"https:\/\/blogopara.com.br\/index.php\/2024\/02\/03\/flutuacao-no-numero-de-eleitores-intriga-especialistas-e-levanta-questionamentos-sobre-domicilio-eleitoral-de-sento-se","title":{"rendered":"Flutua\u00e7\u00e3o no n\u00famero de eleitores intriga especialistas e levanta questionamentos sobre domic\u00edlio eleitoral de Sento S\u00e9"},"content":{"rendered":"<div><b><\/b><\/p>\n<div>\n<p style=\"text-align: justify;\">No cen\u00e1rio pol\u00edtico do munic\u00edpio de Sento S\u00e9, norte da Bahia, uma tend\u00eancia peculiar tem chamado a aten\u00e7\u00e3o de especialistas e eleitores: a significativa flutua\u00e7\u00e3o no n\u00famero de eleitores registrados, especialmente durante o per\u00edodo de elei\u00e7\u00f5es e nos meses subsequentes.<\/p>\n<p style=\"text-align: justify;\">De acordo com dados fornecidos pelo Tribunal Superior Eleitoral (<a href=\"https:\/\/minhabahia.com.br\/tecnologia\/tse-propoe-novas-regras-para-eleicoes-2024-ia-lives-e-impulsionamento-sob-restricoes\/\" target=\"_blank\" rel=\"noopener noreferrer\" data-auth=\"NotApplicable\" data-linkindex=\"0\">TSE<\/a>), em abril de 2020, Sento S\u00e9 (BA) contava com 25.829 eleitores registrados. Contudo, no m\u00eas de maio do mesmo ano, esse n\u00famero disparou para 30.056, representando um aumento not\u00e1vel de 4.227 eleitores. Um fen\u00f4meno que ocorreu em meio \u00e0 pandemia do COVID-19, surpreendendo analistas e autoridades locais.<\/p>\n<p style=\"text-align: justify;\">O per\u00edodo eleitoral de novembro de 2020 tamb\u00e9m foi marcado por uma alta no n\u00famero de eleitores, atingindo novamente a marca de 30.028 cidad\u00e3os aptos a votar. No entanto, ap\u00f3s as elei\u00e7\u00f5es, em dezembro de 2020, observou-se uma queda significativa, retornando para 25.823 eleitores registrados. Uma diminui\u00e7\u00e3o abrupta que esvaziou o registro eleitoral em quase 5 mil votantes em um curto per\u00edodo de tempo.<\/p>\n<p style=\"text-align: justify;\">Essa montanha-russa eleitoral continuou sua trajet\u00f3ria intrigante nos anos seguintes. Em dezembro de 2023, o n\u00famero de eleitores subiu novamente, alcan\u00e7ando 28.258 registros, aproximando-se dos n\u00edveis observados durante o per\u00edodo pr\u00e9-eleitoral. Uma tend\u00eancia que, segundo an\u00e1lises preliminares, sugere que o n\u00famero de eleitores continuar\u00e1 a aumentar at\u00e9 o pr\u00f3ximo pleito.<\/p>\n<p style=\"text-align: justify;\">Um aspecto que tem suscitado debates \u00e9 a legisla\u00e7\u00e3o eleitoral vigente, que imp\u00f5e restri\u00e7\u00f5es \u00e0 mudan\u00e7a de domic\u00edlio eleitoral em per\u00edodos inferiores a um ano. Esse dispositivo legal visa garantir a estabilidade e a integridade do processo eleitoral, mas sua efic\u00e1cia diante das flutua\u00e7\u00f5es observadas em Sento S\u00e9 tem sido questionada.<\/p>\n<\/div>\n<\/div>\n","protected":false},"excerpt":{"rendered":"<p>No cen\u00e1rio pol\u00edtico do munic\u00edpio de Sento S\u00e9, norte da Bahia, uma tend\u00eancia peculiar tem chamado a aten\u00e7\u00e3o de especialistas e eleitores: a significativa flutua\u00e7\u00e3o no n\u00famero de eleitores registrados, especialmente durante o per\u00edodo de elei\u00e7\u00f5es e nos meses subsequentes. De acordo com dados fornecidos pelo Tribunal Superior Eleitoral (TSE), em abril de 2020, Sento [&hellip;]<\/p>\n","protected":false},"author":1,"featured_media":11453,"comment_status":"closed","ping_status":"open","sticky":false,"template":"","format":"standard","meta":{"_uag_custom_page_level_css":"","_monsterinsights_skip_tracking":false,"_monsterinsights_sitenote_active":false,"_monsterinsights_sitenote_note":"","_monsterinsights_sitenote_category":0,"jetpack_post_was_ever_published":false,"_jetpack_newsletter_access":"","_jetpack_dont_email_post_to_subs":false,"_jetpack_newsletter_tier_id":0,"_jetpack_memberships_contains_paywalled_content":false,"_jetpack_memberships_contains_paid_content":false,"footnotes":"","jetpack_publicize_message":"","jetpack_publicize_feature_enabled":true,"jetpack_social_post_already_shared":true,"jetpack_social_options":{"image_generator_settings":{"template":"highway","default_image_id":0,"font":"","enabled":false},"version":2}},"categories":[3027],"tags":[11346,3888,11115,4425],"class_list":["post-61805","post","type-post","status-publish","format-standard","has-post-thumbnail","hentry","category-sento-se","tag-ana-passos","tag-eleicoes-2024","tag-juvenilson-passos","tag-tse"],"jetpack_publicize_connections":[],"jetpack_featured_media_url":"https:\/\/blogopara.com.br\/wp-content\/uploads\/2020\/06\/sento-se.jpg","uagb_featured_image_src":{"full":["https:\/\/blogopara.com.br\/wp-content\/uploads\/2020\/06\/sento-se.jpg",500,375,false],"thumbnail":["https:\/\/blogopara.com.br\/wp-content\/uploads\/2020\/06\/sento-se-150x150.jpg",150,150,true],"medium":["https:\/\/blogopara.com.br\/wp-content\/uploads\/2020\/06\/sento-se-300x225.jpg",300,225,true],"medium_large":["https:\/\/blogopara.com.br\/wp-content\/uploads\/2020\/06\/sento-se.jpg",500,375,false],"large":["https:\/\/blogopara.com.br\/wp-content\/uploads\/2020\/06\/sento-se.jpg",500,375,false],"1536x1536":["https:\/\/blogopara.com.br\/wp-content\/uploads\/2020\/06\/sento-se.jpg",500,375,false],"2048x2048":["https:\/\/blogopara.com.br\/wp-content\/uploads\/2020\/06\/sento-se.jpg",500,375,false],"mantranews-slider-large":["https:\/\/blogopara.com.br\/wp-content\/uploads\/2020\/06\/sento-se.jpg",500,375,false],"mantranews-featured-medium":["https:\/\/blogopara.com.br\/wp-content\/uploads\/2020\/06\/sento-se-420x307.jpg",420,307,true],"mantranews-featured-long":["https:\/\/blogopara.com.br\/wp-content\/uploads\/2020\/06\/sento-se-300x375.jpg",300,375,true],"mantranews-block-medium":["https:\/\/blogopara.com.br\/wp-content\/uploads\/2020\/06\/sento-se-464x290.jpg",464,290,true],"mantranews-carousel-image":["https:\/\/blogopara.com.br\/wp-content\/uploads\/2020\/06\/sento-se.jpg",500,375,false],"mantranews-block-thumb":["https:\/\/blogopara.com.br\/wp-content\/uploads\/2020\/06\/sento-se.jpg",307,230,false],"mantranews-single-large":["https:\/\/blogopara.com.br\/wp-content\/uploads\/2020\/06\/sento-se.jpg",500,375,false]},"uagb_author_info":{"display_name":"Reda\u00e7\u00e3o geral","author_link":"https:\/\/blogopara.com.br\/index.php\/author\/blogopara"},"uagb_comment_info":0,"uagb_excerpt":"No cen\u00e1rio pol\u00edtico do munic\u00edpio de Sento S\u00e9, norte da Bahia, uma tend\u00eancia peculiar tem chamado a aten\u00e7\u00e3o de especialistas e eleitores: a significativa flutua\u00e7\u00e3o no n\u00famero de eleitores registrados, especialmente durante o per\u00edodo de elei\u00e7\u00f5es e nos meses subsequentes. De acordo com dados fornecidos pelo Tribunal Superior Eleitoral (TSE), em abril de 2020, Sento&hellip;","jetpack_sharing_enabled":true,"jetpack_likes_enabled":true,"_links":{"self":[{"href":"https:\/\/blogopara.com.br\/index.php\/wp-json\/wp\/v2\/posts\/61805","targetHints":{"allow":["GET"]}}],"collection":[{"href":"https:\/\/blogopara.com.br\/index.php\/wp-json\/wp\/v2\/posts"}],"about":[{"href":"https:\/\/blogopara.com.br\/index.php\/wp-json\/wp\/v2\/types\/post"}],"author":[{"embeddable":true,"href":"https:\/\/blogopara.com.br\/index.php\/wp-json\/wp\/v2\/users\/1"}],"replies":[{"embeddable":true,"href":"https:\/\/blogopara.com.br\/index.php\/wp-json\/wp\/v2\/comments?post=61805"}],"version-history":[{"count":1,"href":"https:\/\/blogopara.com.br\/index.php\/wp-json\/wp\/v2\/posts\/61805\/revisions"}],"predecessor-version":[{"id":61806,"href":"https:\/\/blogopara.com.br\/index.php\/wp-json\/wp\/v2\/posts\/61805\/revisions\/61806"}],"wp:featuredmedia":[{"embeddable":true,"href":"https:\/\/blogopara.com.br\/index.php\/wp-json\/wp\/v2\/media\/11453"}],"wp:attachment":[{"href":"https:\/\/blogopara.com.br\/index.php\/wp-json\/wp\/v2\/media?parent=61805"}],"wp:term":[{"taxonomy":"category","embeddable":true,"href":"https:\/\/blogopara.com.br\/index.php\/wp-json\/wp\/v2\/categories?post=61805"},{"taxonomy":"post_tag","embeddable":true,"href":"https:\/\/blogopara.com.br\/index.php\/wp-json\/wp\/v2\/tags?post=61805"}],"curies":[{"name":"wp","href":"https:\/\/api.w.org\/{rel}","templated":true}]}}