{"id":61902,"date":"2024-02-06T10:24:00","date_gmt":"2024-02-06T13:24:00","guid":{"rendered":"https:\/\/blogopara.com.br\/?p=61902"},"modified":"2024-02-06T01:26:13","modified_gmt":"2024-02-06T04:26:13","slug":"juazeiro-ira-receber-turne-a-festa-de-ivete-sangalo-confira-as-datas","status":"publish","type":"post","link":"https:\/\/blogopara.com.br\/index.php\/2024\/02\/06\/juazeiro-ira-receber-turne-a-festa-de-ivete-sangalo-confira-as-datas","title":{"rendered":"Juazeiro ir\u00e1 receber turn\u00ea \u201cA FESTA\u201d de Ivete Sangalo; confira as datas"},"content":{"rendered":"<p style=\"text-align: justify;\">Ela vem a\u00ed! Em comemora\u00e7\u00e3o aos 30 anos de carreira de Ivete Sangalo, foi anunciada oficialmente nesta segunda-feira (5) a turn\u00ea \u201cA FESTA\u201d. Em Juazeiro, cidade natal de Veveta, a data programada \u00e9 para 05 de abril de 2025. O evento passar\u00e1 por est\u00e1dios e arenas pelo Brasil.<\/p>\n<p style=\"text-align: justify;\">Confira as 30 datas e as cidades que ir\u00e3o receber os shows:<br \/>\n01\/ Junho &#8211; Manaus\/ AM<br \/>\n29\/ Junho &#8211; Bel\u00e9m\/ PA<br \/>\n06\/ Julho Palmas\/ T\u00d4<br \/>\n13\/ Julho Bras\u00edlia\/DF<br \/>\n20\/ Julho Goi\u00e2nia\/ GO<br \/>\n27\/ Julho Barreiras \/BA<br \/>\n03\/ Agosto Aracaju \/ SE<br \/>\n10\/ Agosto Macei\u00f3\/ AL<br \/>\n17\/ Agosto Jo\u00e3o Pessoa \/ PB<br \/>\n24\/ Agosto Recife\/ PE<br \/>\n31\/ Agosto Natal\/ RN<br \/>\n07\/ Set S\u00e3o Lu\u00eds \/ MA<br \/>\n14\/ Set Teresina \/ PI<br \/>\n21\/ Set Juazeiro do Norte \/ CE<br \/>\n28\/ Set Vit\u00f3ria\/ ES<br \/>\n12\/ Out Salvador \/ BA<br \/>\n19\/ Out Ju\u00edz de Fora\/ MG<br \/>\n26\/ Out Presidente Prudente \/ SP<br \/>\n02 \/ Novembro S\u00e3o Jos\u00e9 do Rio Preto \/SP<br \/>\n09\/ Nov Londrina \/ PR<br \/>\n16\/ Nov Porto Alegre \/ RS<br \/>\n23\/ Nov Curitiba \/ PR<br \/>\n30\/ Nov Jundia\u00ed\/ SP<br \/>\n07\/ Dez Ribeir\u00e3o Preto \/ Sp<br \/>\n14 \/ Dez Belo Horizonte\/ MG<br \/>\n21\/ Dez S\u00e3o Paulo \/ SP<br \/>\n01\/ Fev 2025 &#8211; Folian\u00f3polis \/ SC<br \/>\n29\/ Mar 2025 &#8211; Fortaleza \/ CE<br \/>\n05\/Abril 2025 &#8211; Juazeiro\/ BA<br \/>\n12\/ Abr 2025 &#8211; Rio de Janeiro\/ RJ<\/p>\n<p style=\"text-align: justify;\">Com informa\u00e7\u00f5es @infosivete<\/p>\n<p style=\"text-align: justify;\"><em>Fonte: RedeGN<\/em><\/p>\n","protected":false},"excerpt":{"rendered":"<p>Ela vem a\u00ed! Em comemora\u00e7\u00e3o aos 30 anos de carreira de Ivete Sangalo, foi anunciada oficialmente nesta segunda-feira (5) a turn\u00ea \u201cA FESTA\u201d. Em Juazeiro, cidade natal de Veveta, a data programada \u00e9 para 05 de abril de 2025. O evento passar\u00e1 por est\u00e1dios e arenas pelo Brasil. Confira as 30 datas e as cidades [&hellip;]<\/p>\n","protected":false},"author":1,"featured_media":61904,"comment_status":"closed","ping_status":"open","sticky":false,"template":"","format":"standard","meta":{"_uag_custom_page_level_css":"","_monsterinsights_skip_tracking":false,"_monsterinsights_sitenote_active":false,"_monsterinsights_sitenote_note":"","_monsterinsights_sitenote_category":0,"jetpack_post_was_ever_published":false,"_jetpack_newsletter_access":"","_jetpack_dont_email_post_to_subs":false,"_jetpack_newsletter_tier_id":0,"_jetpack_memberships_contains_paywalled_content":false,"_jetpack_memberships_contains_paid_content":false,"footnotes":"","jetpack_publicize_message":"","jetpack_publicize_feature_enabled":true,"jetpack_social_post_already_shared":true,"jetpack_social_options":{"image_generator_settings":{"template":"highway","default_image_id":0,"font":"","enabled":false},"version":2}},"categories":[1504,203],"tags":[3510,143],"class_list":["post-61902","post","type-post","status-publish","format-standard","has-post-thumbnail","hentry","category-comunidade","category-juazeiro","tag-ivete-sangalo","tag-juazeiro-da-bahia"],"jetpack_publicize_connections":[],"jetpack_featured_media_url":"https:\/\/blogopara.com.br\/wp-content\/uploads\/2024\/02\/Snapinsta.app_412451714_669218325101117_2068321248348165165_n_1080-e1707143999909-800x500-1.jpg","uagb_featured_image_src":{"full":["https:\/\/blogopara.com.br\/wp-content\/uploads\/2024\/02\/Snapinsta.app_412451714_669218325101117_2068321248348165165_n_1080-e1707143999909-800x500-1.jpg",500,313,false],"thumbnail":["https:\/\/blogopara.com.br\/wp-content\/uploads\/2024\/02\/Snapinsta.app_412451714_669218325101117_2068321248348165165_n_1080-e1707143999909-800x500-1-150x150.jpg",150,150,true],"medium":["https:\/\/blogopara.com.br\/wp-content\/uploads\/2024\/02\/Snapinsta.app_412451714_669218325101117_2068321248348165165_n_1080-e1707143999909-800x500-1-300x188.jpg",300,188,true],"medium_large":["https:\/\/blogopara.com.br\/wp-content\/uploads\/2024\/02\/Snapinsta.app_412451714_669218325101117_2068321248348165165_n_1080-e1707143999909-800x500-1.jpg",500,313,false],"large":["https:\/\/blogopara.com.br\/wp-content\/uploads\/2024\/02\/Snapinsta.app_412451714_669218325101117_2068321248348165165_n_1080-e1707143999909-800x500-1.jpg",500,313,false],"1536x1536":["https:\/\/blogopara.com.br\/wp-content\/uploads\/2024\/02\/Snapinsta.app_412451714_669218325101117_2068321248348165165_n_1080-e1707143999909-800x500-1.jpg",500,313,false],"2048x2048":["https:\/\/blogopara.com.br\/wp-content\/uploads\/2024\/02\/Snapinsta.app_412451714_669218325101117_2068321248348165165_n_1080-e1707143999909-800x500-1.jpg",500,313,false],"mantranews-slider-large":["https:\/\/blogopara.com.br\/wp-content\/uploads\/2024\/02\/Snapinsta.app_412451714_669218325101117_2068321248348165165_n_1080-e1707143999909-800x500-1.jpg",500,313,false],"mantranews-featured-medium":["https:\/\/blogopara.com.br\/wp-content\/uploads\/2024\/02\/Snapinsta.app_412451714_669218325101117_2068321248348165165_n_1080-e1707143999909-800x500-1-420x307.jpg",420,307,true],"mantranews-featured-long":["https:\/\/blogopara.com.br\/wp-content\/uploads\/2024\/02\/Snapinsta.app_412451714_669218325101117_2068321248348165165_n_1080-e1707143999909-800x500-1-300x313.jpg",300,313,true],"mantranews-block-medium":["https:\/\/blogopara.com.br\/wp-content\/uploads\/2024\/02\/Snapinsta.app_412451714_669218325101117_2068321248348165165_n_1080-e1707143999909-800x500-1-464x290.jpg",464,290,true],"mantranews-carousel-image":["https:\/\/blogopara.com.br\/wp-content\/uploads\/2024\/02\/Snapinsta.app_412451714_669218325101117_2068321248348165165_n_1080-e1707143999909-800x500-1.jpg",500,313,false],"mantranews-block-thumb":["https:\/\/blogopara.com.br\/wp-content\/uploads\/2024\/02\/Snapinsta.app_412451714_669218325101117_2068321248348165165_n_1080-e1707143999909-800x500-1-322x230.jpg",322,230,true],"mantranews-single-large":["https:\/\/blogopara.com.br\/wp-content\/uploads\/2024\/02\/Snapinsta.app_412451714_669218325101117_2068321248348165165_n_1080-e1707143999909-800x500-1.jpg",500,313,false]},"uagb_author_info":{"display_name":"Reda\u00e7\u00e3o geral","author_link":"https:\/\/blogopara.com.br\/index.php\/author\/blogopara"},"uagb_comment_info":0,"uagb_excerpt":"Ela vem a\u00ed! Em comemora\u00e7\u00e3o aos 30 anos de carreira de Ivete Sangalo, foi anunciada oficialmente nesta segunda-feira (5) a turn\u00ea \u201cA FESTA\u201d. Em Juazeiro, cidade natal de Veveta, a data programada \u00e9 para 05 de abril de 2025. O evento passar\u00e1 por est\u00e1dios e arenas pelo Brasil. Confira as 30 datas e as cidades&hellip;","jetpack_sharing_enabled":true,"jetpack_likes_enabled":true,"_links":{"self":[{"href":"https:\/\/blogopara.com.br\/index.php\/wp-json\/wp\/v2\/posts\/61902","targetHints":{"allow":["GET"]}}],"collection":[{"href":"https:\/\/blogopara.com.br\/index.php\/wp-json\/wp\/v2\/posts"}],"about":[{"href":"https:\/\/blogopara.com.br\/index.php\/wp-json\/wp\/v2\/types\/post"}],"author":[{"embeddable":true,"href":"https:\/\/blogopara.com.br\/index.php\/wp-json\/wp\/v2\/users\/1"}],"replies":[{"embeddable":true,"href":"https:\/\/blogopara.com.br\/index.php\/wp-json\/wp\/v2\/comments?post=61902"}],"version-history":[{"count":1,"href":"https:\/\/blogopara.com.br\/index.php\/wp-json\/wp\/v2\/posts\/61902\/revisions"}],"predecessor-version":[{"id":61903,"href":"https:\/\/blogopara.com.br\/index.php\/wp-json\/wp\/v2\/posts\/61902\/revisions\/61903"}],"wp:featuredmedia":[{"embeddable":true,"href":"https:\/\/blogopara.com.br\/index.php\/wp-json\/wp\/v2\/media\/61904"}],"wp:attachment":[{"href":"https:\/\/blogopara.com.br\/index.php\/wp-json\/wp\/v2\/media?parent=61902"}],"wp:term":[{"taxonomy":"category","embeddable":true,"href":"https:\/\/blogopara.com.br\/index.php\/wp-json\/wp\/v2\/categories?post=61902"},{"taxonomy":"post_tag","embeddable":true,"href":"https:\/\/blogopara.com.br\/index.php\/wp-json\/wp\/v2\/tags?post=61902"}],"curies":[{"name":"wp","href":"https:\/\/api.w.org\/{rel}","templated":true}]}}