{"id":61944,"date":"2024-02-07T15:09:00","date_gmt":"2024-02-07T18:09:00","guid":{"rendered":"https:\/\/blogopara.com.br\/?p=61944"},"modified":"2024-02-06T23:17:08","modified_gmt":"2024-02-07T02:17:08","slug":"brasil-registra-mais-de-121-mil-casos-provaveis-de-dengue-em-10-dias","status":"publish","type":"post","link":"https:\/\/blogopara.com.br\/index.php\/2024\/02\/07\/brasil-registra-mais-de-121-mil-casos-provaveis-de-dengue-em-10-dias","title":{"rendered":"Brasil registra mais de 121 mil casos prov\u00e1veis de dengue em 10 dias"},"content":{"rendered":"<p style=\"text-align: justify;\">O Brasil teve aumento de 121 mil casos prov\u00e1veis de\u00a0dengue\u00a0em 10 dias, segundo dados divulgados pelo\u00a0Minist\u00e9rio da Sa\u00fade. A ministra da pasta,\u00a0N\u00edsia Trindade, afirmou que o pa\u00eds vai iniciar a\u00a0vacina\u00e7\u00e3o contra a doen\u00e7a ainda neste m\u00eas para crian\u00e7as e adolescentes de 10 a 14 anos, em munic\u00edpios selecionados.<\/p>\n<p style=\"text-align: justify;\" data-gtm-vis-recent-on-screen104869357_94=\"149\" data-gtm-vis-first-on-screen104869357_94=\"151\" data-gtm-vis-total-visible-time104869357_94=\"100\" data-gtm-vis-has-fired104869357_94=\"1\">Dados compilados pelo governo federal at\u00e9 a Semana Epidemiol\u00f3gica n\u00ba 4, que encerrou em 27 de janeiro, mostram que 243.720 casos prov\u00e1veis de dengue foram notificados. Nas primeiras quatro semanas, houve 24 mortes confirmadas, e outras 163 estavam sob investiga\u00e7\u00e3o.<\/p>\n<h4 style=\"text-align: justify;\">Informes di\u00e1rios<\/h4>\n<p style=\"text-align: justify;\">A \u00faltima atualiza\u00e7\u00e3o do\u00a0Painel de Monitoramento das Arboviroses, com informes di\u00e1rios sobre dengue, zika e\u00a0chikungunya, aponta que o Brasil registrou 364.855 casos prov\u00e1veis da doen\u00e7a at\u00e9 o fim da tarde desta ter\u00e7a-feira (6\/2). Por esse levantamento, o pa\u00eds perdeu 40 vidas para a doen\u00e7a, e outras 265 mortes est\u00e3o sendo investigadas.<\/p>\n<div class=\"m-banner-wrap m-banner-rectangle m-publicity-content-middle\" style=\"text-align: justify;\">\n<div id=\"div-gpt-ad-brasil-quadrado-2\" class=\"ad-displayed\" data-google-query-id=\"CNbZpOySmIQDFdFS3QIdd_YMZg\">\n<div id=\"google_ads_iframe_\/123935210\/brasil-quadrado-2_0__container__\"><iframe id=\"google_ads_iframe_\/123935210\/brasil-quadrado-2_0\" tabindex=\"0\" title=\"3rd party ad content\" name=\"google_ads_iframe_\/123935210\/brasil-quadrado-2_0\" width=\"300\" height=\"250\" frameborder=\"0\" marginwidth=\"0\" marginheight=\"0\" scrolling=\"no\" aria-label=\"Advertisement\" data-load-complete=\"true\" data-google-container-id=\"5\" data-mce-fragment=\"1\"><\/iframe><\/div>\n<\/div>\n<\/div>\n<div class=\"flourish-embed flourish-map\" style=\"text-align: justify;\" data-src=\"visualisation\/16676382\"><iframe title=\"Interactive or visual content\" src=\"https:\/\/flo.uri.sh\/visualisation\/16676382\/embed?auto=1\" frameborder=\"0\" scrolling=\"no\" sandbox=\"allow-same-origin allow-forms allow-scripts allow-downloads allow-popups allow-popups-to-escape-sandbox allow-top-navigation-by-user-activation\" data-mce-fragment=\"1\"><\/iframe><\/p>\n<div class=\"flourish-credit\"><img decoding=\"async\" src=\"https:\/\/public.flourish.studio\/resources\/bosh.svg\" alt=\"Flourish logo\" \/>A Flourish map<\/div>\n<\/div>\n<p style=\"text-align: justify;\">Distrito Federal, Minas Gerais e Acre s\u00e3o as unidades da Federa\u00e7\u00e3o com a maior incid\u00eancia de casos de dengue a cada 100 mil habitantes. O maior n\u00famero de \u00f3bitos e casos graves se concentram nas regi\u00f5es Sudeste, Centro-Oeste e Sul.<\/p>\n<div class=\"flourish-embed flourish-table\" style=\"text-align: justify;\" data-src=\"visualisation\/16676518\"><iframe title=\"Interactive or visual content\" src=\"https:\/\/flo.uri.sh\/visualisation\/16676518\/embed?auto=1\" frameborder=\"0\" scrolling=\"no\" sandbox=\"allow-same-origin allow-forms allow-scripts allow-downloads allow-popups allow-popups-to-escape-sandbox allow-top-navigation-by-user-activation\" data-mce-fragment=\"1\"><\/iframe><\/p>\n<div class=\"flourish-credit\"><img decoding=\"async\" src=\"https:\/\/public.flourish.studio\/resources\/bosh.svg\" alt=\"Flourish logo\" \/>A Flourish table<\/div>\n<\/div>\n<p style=\"text-align: justify;\">O Minist\u00e9rio da Sa\u00fade n\u00e3o fechou os dados referentes \u00e0 Semana Epidemiol\u00f3gica n\u00ba 5, que acabou em 3 de fevereiro. \u00c9 poss\u00edvel que haja atualiza\u00e7\u00e3o nas informa\u00e7\u00f5es apresentadas posteriormente, caso tenha alguma revis\u00e3o nas secretarias estaduais.<\/p>\n<p style=\"text-align: justify;\">Os dados apresentados pela pasta de N\u00edsia Trindade consideram o coeficiente de incid\u00eancia, que dimensiona o n\u00famero de ocorr\u00eancias da doen\u00e7a dividido pela popula\u00e7\u00e3o, multiplicado por 100 mil habitantes.<\/p>\n<h4 style=\"text-align: justify;\">Vacina\u00e7\u00e3o<\/h4>\n<p style=\"text-align: justify;\">O Minist\u00e9rio da Sa\u00fade vai definir nesta semana o calend\u00e1rio de vacina\u00e7\u00e3o contra a dengue. No primeiro momento, ser\u00e3o imunizados crian\u00e7as e adolescentes de 10 a 14 anos, em munic\u00edpios selecionados pelo governo.<\/p>\n<p style=\"text-align: justify;\">A vacina do laborat\u00f3rio japon\u00eas Takeda foi aprovada pela\u00a0Ag\u00eancia Nacional de Vigil\u00e2ncia Sanit\u00e1ria (Anvisa)\u00a0e incorporada ao Programa Nacional de Imuniza\u00e7\u00f5es.<\/p>\n<div class=\"m-banner-wrap m-banner-rectangle m-publicity-content-middle\">\n<div id=\"denakop-single-square-b1da607b-7ffd-4997-9bca-fc1ba7c54149\">\n<div id=\"denakop-single-square-996c35a2-a81d-470e-be85-9d95a64c27ec\" style=\"text-align: justify;\" data-google-query-id=\"COPJj_2SmIQDFVVN3QId5KwOdw\"><em>Fonte: Metr\u00f3poles<\/em><\/div>\n<\/div>\n<\/div>\n","protected":false},"excerpt":{"rendered":"<p>O Brasil teve aumento de 121 mil casos prov\u00e1veis de\u00a0dengue\u00a0em 10 dias, segundo dados divulgados pelo\u00a0Minist\u00e9rio da Sa\u00fade. A ministra da pasta,\u00a0N\u00edsia Trindade, afirmou que o pa\u00eds vai iniciar a\u00a0vacina\u00e7\u00e3o contra a doen\u00e7a ainda neste m\u00eas para crian\u00e7as e adolescentes de 10 a 14 anos, em munic\u00edpios selecionados. Dados compilados pelo governo federal at\u00e9 a [&hellip;]<\/p>\n","protected":false},"author":1,"featured_media":55423,"comment_status":"closed","ping_status":"open","sticky":false,"template":"","format":"standard","meta":{"_uag_custom_page_level_css":"","_monsterinsights_skip_tracking":false,"_monsterinsights_sitenote_active":false,"_monsterinsights_sitenote_note":"","_monsterinsights_sitenote_category":0,"jetpack_post_was_ever_published":false,"_jetpack_newsletter_access":"","_jetpack_dont_email_post_to_subs":false,"_jetpack_newsletter_tier_id":0,"_jetpack_memberships_contains_paywalled_content":false,"_jetpack_memberships_contains_paid_content":false,"footnotes":"","jetpack_publicize_message":"","jetpack_publicize_feature_enabled":true,"jetpack_social_post_already_shared":true,"jetpack_social_options":{"image_generator_settings":{"template":"highway","default_image_id":0,"font":"","enabled":false},"version":2}},"categories":[200,205],"tags":[14,286],"class_list":["post-61944","post","type-post","status-publish","format-standard","has-post-thumbnail","hentry","category-brasil","category-saude","tag-brasil","tag-dengue"],"jetpack_publicize_connections":[],"jetpack_featured_media_url":"https:\/\/blogopara.com.br\/wp-content\/uploads\/2023\/07\/dengue.jpg","uagb_featured_image_src":{"full":["https:\/\/blogopara.com.br\/wp-content\/uploads\/2023\/07\/dengue.jpg",500,280,false],"thumbnail":["https:\/\/blogopara.com.br\/wp-content\/uploads\/2023\/07\/dengue-150x150.jpg",150,150,true],"medium":["https:\/\/blogopara.com.br\/wp-content\/uploads\/2023\/07\/dengue-300x168.jpg",300,168,true],"medium_large":["https:\/\/blogopara.com.br\/wp-content\/uploads\/2023\/07\/dengue.jpg",500,280,false],"large":["https:\/\/blogopara.com.br\/wp-content\/uploads\/2023\/07\/dengue.jpg",500,280,false],"1536x1536":["https:\/\/blogopara.com.br\/wp-content\/uploads\/2023\/07\/dengue.jpg",500,280,false],"2048x2048":["https:\/\/blogopara.com.br\/wp-content\/uploads\/2023\/07\/dengue.jpg",500,280,false],"mantranews-slider-large":["https:\/\/blogopara.com.br\/wp-content\/uploads\/2023\/07\/dengue.jpg",500,280,false],"mantranews-featured-medium":["https:\/\/blogopara.com.br\/wp-content\/uploads\/2023\/07\/dengue-420x280.jpg",420,280,true],"mantranews-featured-long":["https:\/\/blogopara.com.br\/wp-content\/uploads\/2023\/07\/dengue-300x280.jpg",300,280,true],"mantranews-block-medium":["https:\/\/blogopara.com.br\/wp-content\/uploads\/2023\/07\/dengue-464x280.jpg",464,280,true],"mantranews-carousel-image":["https:\/\/blogopara.com.br\/wp-content\/uploads\/2023\/07\/dengue.jpg",500,280,false],"mantranews-block-thumb":["https:\/\/blogopara.com.br\/wp-content\/uploads\/2023\/07\/dengue-322x230.jpg",322,230,true],"mantranews-single-large":["https:\/\/blogopara.com.br\/wp-content\/uploads\/2023\/07\/dengue.jpg",500,280,false]},"uagb_author_info":{"display_name":"Reda\u00e7\u00e3o geral","author_link":"https:\/\/blogopara.com.br\/index.php\/author\/blogopara"},"uagb_comment_info":0,"uagb_excerpt":"O Brasil teve aumento de 121 mil casos prov\u00e1veis de\u00a0dengue\u00a0em 10 dias, segundo dados divulgados pelo\u00a0Minist\u00e9rio da Sa\u00fade. A ministra da pasta,\u00a0N\u00edsia Trindade, afirmou que o pa\u00eds vai iniciar a\u00a0vacina\u00e7\u00e3o contra a doen\u00e7a ainda neste m\u00eas para crian\u00e7as e adolescentes de 10 a 14 anos, em munic\u00edpios selecionados. Dados compilados pelo governo federal at\u00e9 a&hellip;","jetpack_sharing_enabled":true,"jetpack_likes_enabled":true,"_links":{"self":[{"href":"https:\/\/blogopara.com.br\/index.php\/wp-json\/wp\/v2\/posts\/61944","targetHints":{"allow":["GET"]}}],"collection":[{"href":"https:\/\/blogopara.com.br\/index.php\/wp-json\/wp\/v2\/posts"}],"about":[{"href":"https:\/\/blogopara.com.br\/index.php\/wp-json\/wp\/v2\/types\/post"}],"author":[{"embeddable":true,"href":"https:\/\/blogopara.com.br\/index.php\/wp-json\/wp\/v2\/users\/1"}],"replies":[{"embeddable":true,"href":"https:\/\/blogopara.com.br\/index.php\/wp-json\/wp\/v2\/comments?post=61944"}],"version-history":[{"count":1,"href":"https:\/\/blogopara.com.br\/index.php\/wp-json\/wp\/v2\/posts\/61944\/revisions"}],"predecessor-version":[{"id":61945,"href":"https:\/\/blogopara.com.br\/index.php\/wp-json\/wp\/v2\/posts\/61944\/revisions\/61945"}],"wp:featuredmedia":[{"embeddable":true,"href":"https:\/\/blogopara.com.br\/index.php\/wp-json\/wp\/v2\/media\/55423"}],"wp:attachment":[{"href":"https:\/\/blogopara.com.br\/index.php\/wp-json\/wp\/v2\/media?parent=61944"}],"wp:term":[{"taxonomy":"category","embeddable":true,"href":"https:\/\/blogopara.com.br\/index.php\/wp-json\/wp\/v2\/categories?post=61944"},{"taxonomy":"post_tag","embeddable":true,"href":"https:\/\/blogopara.com.br\/index.php\/wp-json\/wp\/v2\/tags?post=61944"}],"curies":[{"name":"wp","href":"https:\/\/api.w.org\/{rel}","templated":true}]}}