{"id":61964,"date":"2024-02-08T09:17:00","date_gmt":"2024-02-08T12:17:00","guid":{"rendered":"https:\/\/blogopara.com.br\/?p=61964"},"modified":"2024-02-08T00:49:11","modified_gmt":"2024-02-08T03:49:11","slug":"bahia-tem-novo-aumento-de-icms-nesta-quarta-lider-da-oposicao-cobra-aplicacao-de-recursos-no-combate-a-seca","status":"publish","type":"post","link":"https:\/\/blogopara.com.br\/index.php\/2024\/02\/08\/bahia-tem-novo-aumento-de-icms-nesta-quarta-lider-da-oposicao-cobra-aplicacao-de-recursos-no-combate-a-seca","title":{"rendered":"Bahia tem novo aumento de ICMS nesta quarta; l\u00edder da oposi\u00e7\u00e3o cobra aplica\u00e7\u00e3o de recursos no combate \u00e0 seca"},"content":{"rendered":"<p style=\"font-weight: 400; text-align: justify;\">L\u00edder da bancada de oposi\u00e7\u00e3o na Assembleia Legislativa da Bahia (AL-BA), o deputado estadual Alan Sanches (Uni\u00e3o) cobrou do governo do Estado a aplica\u00e7\u00e3o de parte dos recursos arrecadados na cobran\u00e7a do Imposto sobre Circula\u00e7\u00e3o de Mercadorias e Servi\u00e7os (ICMS) no combate \u00e0 seca. Nesta quarta-feira (7), a al\u00edquota saltou para 20,5%, sendo a segunda mais alta do pa\u00eds.<\/p>\n<p style=\"font-weight: 400; text-align: justify;\">O ICMS \u00e9 a principal fonte de receita do Fundo Estadual de Combate \u00e0 Pobreza (Funcep), que poderia ter ajudado cerca de 200 munic\u00edpios baianos que est\u00e3o em situa\u00e7\u00e3o de emerg\u00eancia por causa da seca, n\u00e3o fosse o fato de o governo ter deixado de usar R$ 270 milh\u00f5es que estavam dispon\u00edveis no ano passado.<\/p>\n<p style=\"font-weight: 400; text-align: justify;\">\u201cTanta gente passando sofrendo com a seca e, mesmo com dinheiro em caixa, o governo do Estado n\u00e3o tem feito sua parte para minimizar o sofrimento das pessoas. Parece que o governo s\u00f3 sabe arrecadar, mas n\u00e3o sabe reinvestir nas necessidades da popula\u00e7\u00e3o\u201d, aponta Alan Sanches.<\/p>\n<p style=\"font-weight: 400; text-align: justify;\">De acordo com informa\u00e7\u00f5es do portal Transpar\u00eancia Bahia, em 2023 o Funcep teve uma receita de R$ 979 milh\u00f5es, mas o Estado s\u00f3 aplicou R$ 702 milh\u00f5es.<\/p>\n<p style=\"font-weight: 400; text-align: justify;\">\u201cA gente cobra celeridade e conta com a sensibilidade do governador para que os recursos sejam aplicados. \u00c9 inconceb\u00edvel que nossos irm\u00e3os do interior estejam sofrendo por causa dessa falta de planejamento do Governo\u201d, acrescentou o l\u00edder da oposi\u00e7\u00e3o.<\/p>\n<p style=\"font-weight: 400; text-align: justify;\">Dados do Centro de Monitoramento e Alertas de Desastres Naturais (Cemaden) mostraram em 2023 que a Bahia est\u00e1 entre os estados do Norte e Nordeste que enfrentam a pior seca desde 1980, por causa dos efeitos do pior fen\u00f4meno El Ni\u00f1o j\u00e1 registrado na hist\u00f3ria.<\/p>\n<p style=\"text-align: justify;\">\n<p style=\"text-align: justify;\">Fonte: Bahia Not\u00edcias<\/p>\n","protected":false},"excerpt":{"rendered":"<p>L\u00edder da bancada de oposi\u00e7\u00e3o na Assembleia Legislativa da Bahia (AL-BA), o deputado estadual Alan Sanches (Uni\u00e3o) cobrou do governo do Estado a aplica\u00e7\u00e3o de parte dos recursos arrecadados na cobran\u00e7a do Imposto sobre Circula\u00e7\u00e3o de Mercadorias e Servi\u00e7os (ICMS) no combate \u00e0 seca. Nesta quarta-feira (7), a al\u00edquota saltou para 20,5%, sendo a segunda [&hellip;]<\/p>\n","protected":false},"author":1,"featured_media":61978,"comment_status":"closed","ping_status":"open","sticky":false,"template":"","format":"standard","meta":{"_uag_custom_page_level_css":"","_monsterinsights_skip_tracking":false,"_monsterinsights_sitenote_active":false,"_monsterinsights_sitenote_note":"","_monsterinsights_sitenote_category":0,"jetpack_post_was_ever_published":false,"_jetpack_newsletter_access":"","_jetpack_dont_email_post_to_subs":false,"_jetpack_newsletter_tier_id":0,"_jetpack_memberships_contains_paywalled_content":false,"_jetpack_memberships_contains_paid_content":false,"footnotes":"","jetpack_publicize_message":"","jetpack_publicize_feature_enabled":true,"jetpack_social_post_already_shared":true,"jetpack_social_options":{"image_generator_settings":{"template":"highway","default_image_id":0,"font":"","enabled":false},"version":2}},"categories":[199],"tags":[8075,10136],"class_list":["post-61964","post","type-post","status-publish","format-standard","has-post-thumbnail","hentry","category-bahia","tag-jeronimo-rodrigues","tag-pt-da-bahia"],"jetpack_publicize_connections":[],"jetpack_featured_media_url":"https:\/\/blogopara.com.br\/wp-content\/uploads\/2024\/02\/IMAGEM_NOTICIA_1.jpg","uagb_featured_image_src":{"full":["https:\/\/blogopara.com.br\/wp-content\/uploads\/2024\/02\/IMAGEM_NOTICIA_1.jpg",500,375,false],"thumbnail":["https:\/\/blogopara.com.br\/wp-content\/uploads\/2024\/02\/IMAGEM_NOTICIA_1-150x150.jpg",150,150,true],"medium":["https:\/\/blogopara.com.br\/wp-content\/uploads\/2024\/02\/IMAGEM_NOTICIA_1-300x225.jpg",300,225,true],"medium_large":["https:\/\/blogopara.com.br\/wp-content\/uploads\/2024\/02\/IMAGEM_NOTICIA_1.jpg",500,375,false],"large":["https:\/\/blogopara.com.br\/wp-content\/uploads\/2024\/02\/IMAGEM_NOTICIA_1.jpg",500,375,false],"1536x1536":["https:\/\/blogopara.com.br\/wp-content\/uploads\/2024\/02\/IMAGEM_NOTICIA_1.jpg",500,375,false],"2048x2048":["https:\/\/blogopara.com.br\/wp-content\/uploads\/2024\/02\/IMAGEM_NOTICIA_1.jpg",500,375,false],"mantranews-slider-large":["https:\/\/blogopara.com.br\/wp-content\/uploads\/2024\/02\/IMAGEM_NOTICIA_1.jpg",500,375,false],"mantranews-featured-medium":["https:\/\/blogopara.com.br\/wp-content\/uploads\/2024\/02\/IMAGEM_NOTICIA_1-420x307.jpg",420,307,true],"mantranews-featured-long":["https:\/\/blogopara.com.br\/wp-content\/uploads\/2024\/02\/IMAGEM_NOTICIA_1-300x375.jpg",300,375,true],"mantranews-block-medium":["https:\/\/blogopara.com.br\/wp-content\/uploads\/2024\/02\/IMAGEM_NOTICIA_1-464x290.jpg",464,290,true],"mantranews-carousel-image":["https:\/\/blogopara.com.br\/wp-content\/uploads\/2024\/02\/IMAGEM_NOTICIA_1.jpg",500,375,false],"mantranews-block-thumb":["https:\/\/blogopara.com.br\/wp-content\/uploads\/2024\/02\/IMAGEM_NOTICIA_1-322x230.jpg",322,230,true],"mantranews-single-large":["https:\/\/blogopara.com.br\/wp-content\/uploads\/2024\/02\/IMAGEM_NOTICIA_1.jpg",500,375,false]},"uagb_author_info":{"display_name":"Reda\u00e7\u00e3o geral","author_link":"https:\/\/blogopara.com.br\/index.php\/author\/blogopara"},"uagb_comment_info":0,"uagb_excerpt":"L\u00edder da bancada de oposi\u00e7\u00e3o na Assembleia Legislativa da Bahia (AL-BA), o deputado estadual Alan Sanches (Uni\u00e3o) cobrou do governo do Estado a aplica\u00e7\u00e3o de parte dos recursos arrecadados na cobran\u00e7a do Imposto sobre Circula\u00e7\u00e3o de Mercadorias e Servi\u00e7os (ICMS) no combate \u00e0 seca. Nesta quarta-feira (7), a al\u00edquota saltou para 20,5%, sendo a segunda&hellip;","jetpack_sharing_enabled":true,"jetpack_likes_enabled":true,"_links":{"self":[{"href":"https:\/\/blogopara.com.br\/index.php\/wp-json\/wp\/v2\/posts\/61964","targetHints":{"allow":["GET"]}}],"collection":[{"href":"https:\/\/blogopara.com.br\/index.php\/wp-json\/wp\/v2\/posts"}],"about":[{"href":"https:\/\/blogopara.com.br\/index.php\/wp-json\/wp\/v2\/types\/post"}],"author":[{"embeddable":true,"href":"https:\/\/blogopara.com.br\/index.php\/wp-json\/wp\/v2\/users\/1"}],"replies":[{"embeddable":true,"href":"https:\/\/blogopara.com.br\/index.php\/wp-json\/wp\/v2\/comments?post=61964"}],"version-history":[{"count":2,"href":"https:\/\/blogopara.com.br\/index.php\/wp-json\/wp\/v2\/posts\/61964\/revisions"}],"predecessor-version":[{"id":61980,"href":"https:\/\/blogopara.com.br\/index.php\/wp-json\/wp\/v2\/posts\/61964\/revisions\/61980"}],"wp:featuredmedia":[{"embeddable":true,"href":"https:\/\/blogopara.com.br\/index.php\/wp-json\/wp\/v2\/media\/61978"}],"wp:attachment":[{"href":"https:\/\/blogopara.com.br\/index.php\/wp-json\/wp\/v2\/media?parent=61964"}],"wp:term":[{"taxonomy":"category","embeddable":true,"href":"https:\/\/blogopara.com.br\/index.php\/wp-json\/wp\/v2\/categories?post=61964"},{"taxonomy":"post_tag","embeddable":true,"href":"https:\/\/blogopara.com.br\/index.php\/wp-json\/wp\/v2\/tags?post=61964"}],"curies":[{"name":"wp","href":"https:\/\/api.w.org\/{rel}","templated":true}]}}