{"id":61966,"date":"2024-02-08T11:18:00","date_gmt":"2024-02-08T14:18:00","guid":{"rendered":"https:\/\/blogopara.com.br\/?p=61966"},"modified":"2024-02-07T23:27:46","modified_gmt":"2024-02-08T02:27:46","slug":"prefeitura-de-juazeiro-apresenta-diretrizes-das-emuti-para-novos-profissionais","status":"publish","type":"post","link":"https:\/\/blogopara.com.br\/index.php\/2024\/02\/08\/prefeitura-de-juazeiro-apresenta-diretrizes-das-emuti-para-novos-profissionais","title":{"rendered":"Prefeitura de Juazeiro apresenta diretrizes das eMuti para novos profissionais"},"content":{"rendered":"<p style=\"text-align: justify;\">A Prefeitura de Juazeiro, atrav\u00e9s da Secretaria de Sa\u00fade (Sesau), apresentou nesta ter\u00e7a-feira (6) as diretrizes que comp\u00f5em as Equipes Multiprofissionais (eMulti), antigo N\u00facleo de Apoio \u00e0 Sa\u00fade (NASF) para os cerca de 20 novos profissionais. A equipe \u00e9 composta por profissionais de sa\u00fade de diferentes \u00e1reas como nutricionistas, fisioterapeutas, psic\u00f3logos, profissionais de educa\u00e7\u00e3o f\u00edsica, fonoaudi\u00f3logos e pediatras.<\/p>\n<p style=\"text-align: justify;\">\u201cO eMulti fortalece o cuidado multiprofissional na Aten\u00e7\u00e3o Prim\u00e1ria, a partir da experi\u00eancia do NASF, o n\u00facleo constitui uma parte importante da Aten\u00e7\u00e3o Prim\u00e1ria \u00e0 Sa\u00fade por integrar a\u00e7\u00f5es estrat\u00e9gicas de preven\u00e7\u00e3o e tratamento de doen\u00e7as cr\u00f4nicas\u201d, definiu a coordenadora do eMulti, Ilane Costa.<\/p>\n<p style=\"text-align: justify;\">A superintendente da Aten\u00e7\u00e3o B\u00e1sica da Sesau, Pollyanna Evangelista, que tamb\u00e9m esteve presente, destacou que a retomada das equipes multiprofissionais \u00e9 fundamental para assegurar o cuidado integral da popula\u00e7\u00e3o. \u201cNa gest\u00e3o da prefeita Suzana Ramos, mesmo com a redu\u00e7\u00e3o nos recursos federais na gest\u00e3o anterior, as equipes eMulti continuaram suas atividades. Agora com a retomada nos investimentos, a popula\u00e7\u00e3o ter\u00e1 mais acesso aos atendimentos especializados dentro do \u00e2mbito da Aten\u00e7\u00e3o B\u00e1sica, ou seja, nos territ\u00f3rios das suas unidades de sa\u00fade, aumentando a resolutividade nos problemas de sa\u00fade na Aten\u00e7\u00e3o Prim\u00e1ria. A estrat\u00e9gia funciona da seguinte maneira: onde houver uma ou mais equipes de sa\u00fade da fam\u00edlia, poderemos ter uma equipe multiprofissional vinculada\u201d, destacou.<\/p>\n<p style=\"text-align: justify;\">Tamb\u00e9m estiveram presentes a diretora do setor de Educa\u00e7\u00e3o Permanente da Secretaria de Sa\u00fade, Anne Azevedo, e a gerente, Roseane Campos.<\/p>\n<h4 style=\"text-align: justify;\">Atendimento<\/h4>\n<p style=\"text-align: justify;\">As equipes eMulti est\u00e3o localizadas nas UBSs e a partir de agora as comunidades do interior tamb\u00e9m ter\u00e3o dentro de seus territ\u00f3rios nutricionista, fisioterapeuta e psic\u00f3logo. Outro equipamento que disp\u00f5e de profissionais e um atendimento multidisciplinar \u00e9 a Academia da Sa\u00fade, localizada na Orla II, \u00e1rea central de Juazeiro.<\/p>\n<h4 style=\"text-align: justify;\">Investimento<\/h4>\n<p style=\"text-align: justify;\">De acordo com a portaria n\u00ba 635 publicada em maio de 2023, que estabelece as diretrizes para custeio e implanta\u00e7\u00e3o das equipes, as eMulti ser\u00e3o classificadas em 3 modalidades de acordo com a carga hor\u00e1ria, vincula\u00e7\u00e3o e composi\u00e7\u00e3o profissional. Os repasses mensais do Minist\u00e9rio da Sa\u00fade para custeio dessas equipes variam entre R$ 12 mil e R$ 36 mil. O custeio tamb\u00e9m poder\u00e1 variar de acordo com indicadores de desempenho de cada localidade.<\/p>\n<p style=\"text-align: justify;\">Muitos munic\u00edpios, mesmo com a desestrutura\u00e7\u00e3o dessa estrat\u00e9gia no \u00faltimo governo, mantiveram as equipes multiprofissionais funcionando. Agora, com a retomada do investimento, essas equipes poder\u00e3o ser reorganizadas.<\/p>\n<p style=\"text-align: justify;\"><em>Fonte: Ascom\/Sesau\/PMJ<\/em><\/p>\n","protected":false},"excerpt":{"rendered":"<p>A Prefeitura de Juazeiro, atrav\u00e9s da Secretaria de Sa\u00fade (Sesau), apresentou nesta ter\u00e7a-feira (6) as diretrizes que comp\u00f5em as Equipes Multiprofissionais (eMulti), antigo N\u00facleo de Apoio \u00e0 Sa\u00fade (NASF) para os cerca de 20 novos profissionais. A equipe \u00e9 composta por profissionais de sa\u00fade de diferentes \u00e1reas como nutricionistas, fisioterapeutas, psic\u00f3logos, profissionais de educa\u00e7\u00e3o f\u00edsica, [&hellip;]<\/p>\n","protected":false},"author":1,"featured_media":61967,"comment_status":"closed","ping_status":"open","sticky":false,"template":"","format":"standard","meta":{"_uag_custom_page_level_css":"","_monsterinsights_skip_tracking":false,"_monsterinsights_sitenote_active":false,"_monsterinsights_sitenote_note":"","_monsterinsights_sitenote_category":0,"jetpack_post_was_ever_published":false,"_jetpack_newsletter_access":"","_jetpack_dont_email_post_to_subs":false,"_jetpack_newsletter_tier_id":0,"_jetpack_memberships_contains_paywalled_content":false,"_jetpack_memberships_contains_paid_content":false,"footnotes":"","jetpack_publicize_message":"","jetpack_publicize_feature_enabled":true,"jetpack_social_post_already_shared":true,"jetpack_social_options":{"image_generator_settings":{"template":"highway","default_image_id":0,"font":"","enabled":false},"version":2}},"categories":[203,205],"tags":[11,143,340],"class_list":["post-61966","post","type-post","status-publish","format-standard","has-post-thumbnail","hentry","category-juazeiro","category-saude","tag-bahia","tag-juazeiro-da-bahia","tag-prefeitura-de-juazeiro"],"jetpack_publicize_connections":[],"jetpack_featured_media_url":"https:\/\/blogopara.com.br\/wp-content\/uploads\/2024\/02\/WhatsApp-Image-2024-02-06-at-17.24.07.jpg","uagb_featured_image_src":{"full":["https:\/\/blogopara.com.br\/wp-content\/uploads\/2024\/02\/WhatsApp-Image-2024-02-06-at-17.24.07.jpg",500,375,false],"thumbnail":["https:\/\/blogopara.com.br\/wp-content\/uploads\/2024\/02\/WhatsApp-Image-2024-02-06-at-17.24.07-150x150.jpg",150,150,true],"medium":["https:\/\/blogopara.com.br\/wp-content\/uploads\/2024\/02\/WhatsApp-Image-2024-02-06-at-17.24.07-300x225.jpg",300,225,true],"medium_large":["https:\/\/blogopara.com.br\/wp-content\/uploads\/2024\/02\/WhatsApp-Image-2024-02-06-at-17.24.07.jpg",500,375,false],"large":["https:\/\/blogopara.com.br\/wp-content\/uploads\/2024\/02\/WhatsApp-Image-2024-02-06-at-17.24.07.jpg",500,375,false],"1536x1536":["https:\/\/blogopara.com.br\/wp-content\/uploads\/2024\/02\/WhatsApp-Image-2024-02-06-at-17.24.07.jpg",500,375,false],"2048x2048":["https:\/\/blogopara.com.br\/wp-content\/uploads\/2024\/02\/WhatsApp-Image-2024-02-06-at-17.24.07.jpg",500,375,false],"mantranews-slider-large":["https:\/\/blogopara.com.br\/wp-content\/uploads\/2024\/02\/WhatsApp-Image-2024-02-06-at-17.24.07.jpg",500,375,false],"mantranews-featured-medium":["https:\/\/blogopara.com.br\/wp-content\/uploads\/2024\/02\/WhatsApp-Image-2024-02-06-at-17.24.07-420x307.jpg",420,307,true],"mantranews-featured-long":["https:\/\/blogopara.com.br\/wp-content\/uploads\/2024\/02\/WhatsApp-Image-2024-02-06-at-17.24.07-300x375.jpg",300,375,true],"mantranews-block-medium":["https:\/\/blogopara.com.br\/wp-content\/uploads\/2024\/02\/WhatsApp-Image-2024-02-06-at-17.24.07-464x290.jpg",464,290,true],"mantranews-carousel-image":["https:\/\/blogopara.com.br\/wp-content\/uploads\/2024\/02\/WhatsApp-Image-2024-02-06-at-17.24.07.jpg",500,375,false],"mantranews-block-thumb":["https:\/\/blogopara.com.br\/wp-content\/uploads\/2024\/02\/WhatsApp-Image-2024-02-06-at-17.24.07-322x230.jpg",322,230,true],"mantranews-single-large":["https:\/\/blogopara.com.br\/wp-content\/uploads\/2024\/02\/WhatsApp-Image-2024-02-06-at-17.24.07.jpg",500,375,false]},"uagb_author_info":{"display_name":"Reda\u00e7\u00e3o geral","author_link":"https:\/\/blogopara.com.br\/index.php\/author\/blogopara"},"uagb_comment_info":0,"uagb_excerpt":"A Prefeitura de Juazeiro, atrav\u00e9s da Secretaria de Sa\u00fade (Sesau), apresentou nesta ter\u00e7a-feira (6) as diretrizes que comp\u00f5em as Equipes Multiprofissionais (eMulti), antigo N\u00facleo de Apoio \u00e0 Sa\u00fade (NASF) para os cerca de 20 novos profissionais. A equipe \u00e9 composta por profissionais de sa\u00fade de diferentes \u00e1reas como nutricionistas, fisioterapeutas, psic\u00f3logos, profissionais de educa\u00e7\u00e3o f\u00edsica,&hellip;","jetpack_sharing_enabled":true,"jetpack_likes_enabled":true,"_links":{"self":[{"href":"https:\/\/blogopara.com.br\/index.php\/wp-json\/wp\/v2\/posts\/61966","targetHints":{"allow":["GET"]}}],"collection":[{"href":"https:\/\/blogopara.com.br\/index.php\/wp-json\/wp\/v2\/posts"}],"about":[{"href":"https:\/\/blogopara.com.br\/index.php\/wp-json\/wp\/v2\/types\/post"}],"author":[{"embeddable":true,"href":"https:\/\/blogopara.com.br\/index.php\/wp-json\/wp\/v2\/users\/1"}],"replies":[{"embeddable":true,"href":"https:\/\/blogopara.com.br\/index.php\/wp-json\/wp\/v2\/comments?post=61966"}],"version-history":[{"count":1,"href":"https:\/\/blogopara.com.br\/index.php\/wp-json\/wp\/v2\/posts\/61966\/revisions"}],"predecessor-version":[{"id":61968,"href":"https:\/\/blogopara.com.br\/index.php\/wp-json\/wp\/v2\/posts\/61966\/revisions\/61968"}],"wp:featuredmedia":[{"embeddable":true,"href":"https:\/\/blogopara.com.br\/index.php\/wp-json\/wp\/v2\/media\/61967"}],"wp:attachment":[{"href":"https:\/\/blogopara.com.br\/index.php\/wp-json\/wp\/v2\/media?parent=61966"}],"wp:term":[{"taxonomy":"category","embeddable":true,"href":"https:\/\/blogopara.com.br\/index.php\/wp-json\/wp\/v2\/categories?post=61966"},{"taxonomy":"post_tag","embeddable":true,"href":"https:\/\/blogopara.com.br\/index.php\/wp-json\/wp\/v2\/tags?post=61966"}],"curies":[{"name":"wp","href":"https:\/\/api.w.org\/{rel}","templated":true}]}}