{"id":6200,"date":"2020-01-11T09:46:07","date_gmt":"2020-01-11T12:46:07","guid":{"rendered":"http:\/\/blogopara.com.br\/?p=6200"},"modified":"2020-01-11T12:29:53","modified_gmt":"2020-01-11T15:29:53","slug":"juazeiro-vereadores-governistas-votam-a-favor-da-reforma-maldita-de-paulo-bomfim","status":"publish","type":"post","link":"https:\/\/blogopara.com.br\/index.php\/2020\/01\/11\/juazeiro-vereadores-governistas-votam-a-favor-da-reforma-maldita-de-paulo-bomfim","title":{"rendered":"Juazeiro: Vereadores governistas votam a favor da reforma maldita de Paulo Bomfim"},"content":{"rendered":"<p style=\"text-align: justify;\">Em meio a uma sess\u00e3o tumultuada com presen\u00e7a de sindicalistas e servidores municipais, a C\u00e2mara de Vereadores de Juazeiro aprovou na manh\u00e3 desta sexta-feira (10) o Projeto de Lei que reforma a Previd\u00eancia dos servidores municipais.<\/p>\n<p style=\"text-align: justify;\">O vereador Allan Jones (PTC) usou as redes sociais nessa madrugada para alertar a popula\u00e7\u00e3o, segundo o vereador o projeto ser\u00e1 votado em car\u00e1ter de urg\u00eancia urgent\u00edssima, o que acarretar\u00e1 mais \u00f4nus para o munic\u00edpio, uma vez que os vereadores se encontram de recesso parlamentar.<\/p>\n<p style=\"text-align: justify;\">Para votar esse projeto foram convocados todos os vereadores, somente 17 compareceram \u00e0 sess\u00e3o extraordin\u00e1ria, sendo que destes, seis votaram contra o Projeto do Executivo, entre eles: Ben\u00e9 Marques (PSDB), Allan Jones (PTC), Tia C\u00e9lia (PTC), An\u00edbal Ara\u00fajo (PTC), Charles Leal (PDT) e Doming\u00e3o da Alian\u00e7a (PRTB). Quatro vereadores faltosos justificaram a aus\u00eancia.<\/p>\n<p style=\"text-align: justify;\">O professor Gilmar Neri, coordenador da APLB\/Juazeiro, \u00f3rg\u00e3o que representa os professores, usou as redes sociais para mostrar a sua indigna\u00e7\u00e3o com a forma como o projeto foi enviado a C\u00e2mara, tanto porque n\u00e3o houve uma discuss\u00e3o coma sociedade, quanto porque os conselhos Deliberativo e Fiscal do IPJ (Instituto de Previd\u00eancia dos Servidores de Juazeiro) n\u00e3o foram consultados.<\/p>\n<blockquote>\n<p style=\"text-align: justify;\"><span style=\"color: #ff0000;\">Os conselhos do IPJ, Deliberativo e Fiscal n\u00e3o foram consultados, mais uma vez os conselhos foram atropelados, citando a lei o professor Gilmar Neri, questiona que o presidente do IPJ tamb\u00e9m n\u00e3o foi consultado. Para que conselhos se eles n\u00e3o s\u00e3o respeitados, os atos do IPJ deveriam passar pelo os conselhos. N\u00f3s iremos denunciar!<\/span><\/p>\n<\/blockquote>\n<p style=\"text-align: justify;\">No final o professor faz observa\u00e7\u00f5es a respeito do n\u00famero excessivo de contratados no munic\u00edpio, o que tem gerado um d\u00e9ficit muito grande na receita do IPJ. Juazeiro tem cerca de 800 cargos comissionados e uma centena de contratados, que contribuem para o regime geral da previd\u00eancia, deixando de contribuir com o IPJ.<\/p>\n","protected":false},"excerpt":{"rendered":"<p>A reforma da previd\u00eancia de Paulo Bomfim, traz preju\u00edzos para os servidores, e n\u00e3o foi discutida com as categorias.<\/p>\n","protected":false},"author":1,"featured_media":0,"comment_status":"open","ping_status":"open","sticky":false,"template":"","format":"standard","meta":{"_uag_custom_page_level_css":"","_monsterinsights_skip_tracking":false,"_monsterinsights_sitenote_active":false,"_monsterinsights_sitenote_note":"","_monsterinsights_sitenote_category":0,"jetpack_post_was_ever_published":false,"_jetpack_newsletter_access":"","_jetpack_dont_email_post_to_subs":false,"_jetpack_newsletter_tier_id":0,"_jetpack_memberships_contains_paywalled_content":false,"_jetpack_memberships_contains_paid_content":false,"footnotes":"","jetpack_publicize_message":"","jetpack_publicize_feature_enabled":true,"jetpack_social_post_already_shared":true,"jetpack_social_options":{"image_generator_settings":{"template":"highway","default_image_id":0,"font":"","enabled":false},"version":2}},"categories":[203],"tags":[],"class_list":["post-6200","post","type-post","status-publish","format-standard","hentry","category-juazeiro"],"jetpack_publicize_connections":[],"jetpack_featured_media_url":"","uagb_featured_image_src":{"full":false,"thumbnail":false,"medium":false,"medium_large":false,"large":false,"1536x1536":false,"2048x2048":false,"mantranews-slider-large":false,"mantranews-featured-medium":false,"mantranews-featured-long":false,"mantranews-block-medium":false,"mantranews-carousel-image":false,"mantranews-block-thumb":false,"mantranews-single-large":false},"uagb_author_info":{"display_name":"Reda\u00e7\u00e3o geral","author_link":"https:\/\/blogopara.com.br\/index.php\/author\/blogopara"},"uagb_comment_info":12,"uagb_excerpt":"A reforma da previd\u00eancia de Paulo Bomfim, traz preju\u00edzos para os servidores, e n\u00e3o foi discutida com as categorias.","jetpack_sharing_enabled":true,"jetpack_likes_enabled":true,"_links":{"self":[{"href":"https:\/\/blogopara.com.br\/index.php\/wp-json\/wp\/v2\/posts\/6200","targetHints":{"allow":["GET"]}}],"collection":[{"href":"https:\/\/blogopara.com.br\/index.php\/wp-json\/wp\/v2\/posts"}],"about":[{"href":"https:\/\/blogopara.com.br\/index.php\/wp-json\/wp\/v2\/types\/post"}],"author":[{"embeddable":true,"href":"https:\/\/blogopara.com.br\/index.php\/wp-json\/wp\/v2\/users\/1"}],"replies":[{"embeddable":true,"href":"https:\/\/blogopara.com.br\/index.php\/wp-json\/wp\/v2\/comments?post=6200"}],"version-history":[{"count":4,"href":"https:\/\/blogopara.com.br\/index.php\/wp-json\/wp\/v2\/posts\/6200\/revisions"}],"predecessor-version":[{"id":6217,"href":"https:\/\/blogopara.com.br\/index.php\/wp-json\/wp\/v2\/posts\/6200\/revisions\/6217"}],"wp:attachment":[{"href":"https:\/\/blogopara.com.br\/index.php\/wp-json\/wp\/v2\/media?parent=6200"}],"wp:term":[{"taxonomy":"category","embeddable":true,"href":"https:\/\/blogopara.com.br\/index.php\/wp-json\/wp\/v2\/categories?post=6200"},{"taxonomy":"post_tag","embeddable":true,"href":"https:\/\/blogopara.com.br\/index.php\/wp-json\/wp\/v2\/tags?post=6200"}],"curies":[{"name":"wp","href":"https:\/\/api.w.org\/{rel}","templated":true}]}}