{"id":62150,"date":"2024-02-16T13:56:38","date_gmt":"2024-02-16T16:56:38","guid":{"rendered":"https:\/\/blogopara.com.br\/?p=62150"},"modified":"2024-02-16T13:56:41","modified_gmt":"2024-02-16T16:56:41","slug":"vereador-marquinhos-do-n4-realiza-acao-para-recuperar-trecho-da-br-235","status":"publish","type":"post","link":"https:\/\/blogopara.com.br\/index.php\/2024\/02\/16\/vereador-marquinhos-do-n4-realiza-acao-para-recuperar-trecho-da-br-235","title":{"rendered":"Vereador Marquinhos do N4 realiza a\u00e7\u00e3o para recuperar trecho da BR 235"},"content":{"rendered":"<p style=\"text-align: justify;\">Pela terceira vez, o vereador de Petrolina Marquinhos do N4 coloca a m\u00e3o na massa e interv\u00e9m numa a\u00e7\u00e3o paliativa para minimizar o estrago pelos efeitos dos buracos na BR 235.<\/p>\n<p style=\"text-align: justify;\">O vereador, Sebastian da Manga e amigos da comunidade do Projeto N4 se juntaram para recuperar cerca de 2 quil\u00f4metros do trecho que liga o N4 ao C2, via bastante esburacada que, pelo estado degradante de conserva\u00e7\u00e3o, coloca em risco a vida de motoristas e motociclistas. A a\u00e7\u00e3o foi realizada na manh\u00e3 da \u00faltima quinta (15), e na oportunidade, o vereador cobra a aten\u00e7\u00e3o dos governos federal, estadual e municipal para solucionar os problemas estruturais nas comunidades rurais de Petrolina. \u201cVale salientar que os projetos de irriga\u00e7\u00e3o de Petrolina s\u00e3o a mola mestre que impulsionam o agroneg\u00f3cio, a partir de sua produ\u00e7\u00e3o agr\u00edcola e da agricultura familiar, os produtores e moradores das comunidades rurais precisam de mais aten\u00e7\u00e3o pol\u00edtica, com a\u00e7\u00f5es de infraestrutura para zelar e promover a produ\u00e7\u00e3o local, assim como precisam de a\u00e7\u00f5es efetivas nas \u00e1reas de sa\u00fade, educa\u00e7\u00e3o, infraestrutura e lazer. N\u00e3o \u00e9 a primeira vez que nos juntamos para recuperar esta via, mas \u00e9 uma a\u00e7\u00e3o paliativa, precisamos de uma obra efetiva que traga seguran\u00e7a de trafego no local\u201d, dispara o vereador Marquinhos do N4.<\/p>\n<p style=\"text-align: justify;\">O vereador tamb\u00e9m aproveita a ocasi\u00e3o para mais uma vez pedir a interven\u00e7\u00e3o do poder p\u00fablico municipal na recupera\u00e7\u00e3o do trecho de acesso \u00e0 comunidade do N4, via que tamb\u00e9m est\u00e1 h\u00e1 bastante tempo intransit\u00e1vel. \u201cJ\u00e1 fizemos a\u00e7\u00f5es paliativas tamb\u00e9m neste trecho para melhorar a mobilidade de moradores e dos que visitam a comunidade, e refor\u00e7amos mais uma vez o pedido \u00e0 gest\u00e3o municipal que interceda e realize uma obra definitiva e de qualidade estrutural como a popula\u00e7\u00e3o do N4 merece\u201d, acrescenta.<\/p>\n<p style=\"text-align: justify;\">\u00c9 frequente o pedido pela recupera\u00e7\u00e3o asf\u00e1ltica dos trechos e o vereador Marquinhos do N4 avisa e continuar\u00e1 na luta por obras infraestruturais em toda Petrolina. \u201cVamos continuar cobrando\u201d.<\/p>\n<p style=\"text-align: justify;\">Por M\u00f4nia Ramos- Jornalista Ascom<\/p>\n","protected":false},"excerpt":{"rendered":"<p>Pela terceira vez, o vereador de Petrolina Marquinhos do N4 coloca a m\u00e3o na massa e interv\u00e9m numa a\u00e7\u00e3o paliativa para minimizar o estrago pelos efeitos dos buracos na BR 235. O vereador, Sebastian da Manga e amigos da comunidade do Projeto N4 se juntaram para recuperar cerca de 2 quil\u00f4metros do trecho que liga [&hellip;]<\/p>\n","protected":false},"author":1,"featured_media":62151,"comment_status":"closed","ping_status":"open","sticky":false,"template":"","format":"standard","meta":{"_uag_custom_page_level_css":"","_monsterinsights_skip_tracking":false,"_monsterinsights_sitenote_active":false,"_monsterinsights_sitenote_note":"","_monsterinsights_sitenote_category":0,"jetpack_post_was_ever_published":false,"_jetpack_newsletter_access":"","_jetpack_dont_email_post_to_subs":false,"_jetpack_newsletter_tier_id":0,"_jetpack_memberships_contains_paywalled_content":false,"_jetpack_memberships_contains_paid_content":false,"footnotes":"","jetpack_publicize_message":"","jetpack_publicize_feature_enabled":true,"jetpack_social_post_already_shared":true,"jetpack_social_options":{"image_generator_settings":{"template":"highway","default_image_id":0,"font":"","enabled":false},"version":2}},"categories":[851],"tags":[338,11131],"class_list":["post-62150","post","type-post","status-publish","format-standard","has-post-thumbnail","hentry","category-petrolina","tag-camara-de-vereadores","tag-parlamento"],"jetpack_publicize_connections":[],"jetpack_featured_media_url":"https:\/\/blogopara.com.br\/wp-content\/uploads\/2024\/02\/48ca3a8b-125b-4664-98fe-806780ae722b.jpg","uagb_featured_image_src":{"full":["https:\/\/blogopara.com.br\/wp-content\/uploads\/2024\/02\/48ca3a8b-125b-4664-98fe-806780ae722b.jpg",500,374,false],"thumbnail":["https:\/\/blogopara.com.br\/wp-content\/uploads\/2024\/02\/48ca3a8b-125b-4664-98fe-806780ae722b-150x150.jpg",150,150,true],"medium":["https:\/\/blogopara.com.br\/wp-content\/uploads\/2024\/02\/48ca3a8b-125b-4664-98fe-806780ae722b-300x224.jpg",300,224,true],"medium_large":["https:\/\/blogopara.com.br\/wp-content\/uploads\/2024\/02\/48ca3a8b-125b-4664-98fe-806780ae722b.jpg",500,374,false],"large":["https:\/\/blogopara.com.br\/wp-content\/uploads\/2024\/02\/48ca3a8b-125b-4664-98fe-806780ae722b.jpg",500,374,false],"1536x1536":["https:\/\/blogopara.com.br\/wp-content\/uploads\/2024\/02\/48ca3a8b-125b-4664-98fe-806780ae722b.jpg",500,374,false],"2048x2048":["https:\/\/blogopara.com.br\/wp-content\/uploads\/2024\/02\/48ca3a8b-125b-4664-98fe-806780ae722b.jpg",500,374,false],"mantranews-slider-large":["https:\/\/blogopara.com.br\/wp-content\/uploads\/2024\/02\/48ca3a8b-125b-4664-98fe-806780ae722b.jpg",500,374,false],"mantranews-featured-medium":["https:\/\/blogopara.com.br\/wp-content\/uploads\/2024\/02\/48ca3a8b-125b-4664-98fe-806780ae722b-420x307.jpg",420,307,true],"mantranews-featured-long":["https:\/\/blogopara.com.br\/wp-content\/uploads\/2024\/02\/48ca3a8b-125b-4664-98fe-806780ae722b-300x374.jpg",300,374,true],"mantranews-block-medium":["https:\/\/blogopara.com.br\/wp-content\/uploads\/2024\/02\/48ca3a8b-125b-4664-98fe-806780ae722b-464x290.jpg",464,290,true],"mantranews-carousel-image":["https:\/\/blogopara.com.br\/wp-content\/uploads\/2024\/02\/48ca3a8b-125b-4664-98fe-806780ae722b.jpg",500,374,false],"mantranews-block-thumb":["https:\/\/blogopara.com.br\/wp-content\/uploads\/2024\/02\/48ca3a8b-125b-4664-98fe-806780ae722b-322x230.jpg",322,230,true],"mantranews-single-large":["https:\/\/blogopara.com.br\/wp-content\/uploads\/2024\/02\/48ca3a8b-125b-4664-98fe-806780ae722b.jpg",500,374,false]},"uagb_author_info":{"display_name":"Reda\u00e7\u00e3o geral","author_link":"https:\/\/blogopara.com.br\/index.php\/author\/blogopara"},"uagb_comment_info":0,"uagb_excerpt":"Pela terceira vez, o vereador de Petrolina Marquinhos do N4 coloca a m\u00e3o na massa e interv\u00e9m numa a\u00e7\u00e3o paliativa para minimizar o estrago pelos efeitos dos buracos na BR 235. O vereador, Sebastian da Manga e amigos da comunidade do Projeto N4 se juntaram para recuperar cerca de 2 quil\u00f4metros do trecho que liga&hellip;","jetpack_sharing_enabled":true,"jetpack_likes_enabled":true,"_links":{"self":[{"href":"https:\/\/blogopara.com.br\/index.php\/wp-json\/wp\/v2\/posts\/62150","targetHints":{"allow":["GET"]}}],"collection":[{"href":"https:\/\/blogopara.com.br\/index.php\/wp-json\/wp\/v2\/posts"}],"about":[{"href":"https:\/\/blogopara.com.br\/index.php\/wp-json\/wp\/v2\/types\/post"}],"author":[{"embeddable":true,"href":"https:\/\/blogopara.com.br\/index.php\/wp-json\/wp\/v2\/users\/1"}],"replies":[{"embeddable":true,"href":"https:\/\/blogopara.com.br\/index.php\/wp-json\/wp\/v2\/comments?post=62150"}],"version-history":[{"count":1,"href":"https:\/\/blogopara.com.br\/index.php\/wp-json\/wp\/v2\/posts\/62150\/revisions"}],"predecessor-version":[{"id":62152,"href":"https:\/\/blogopara.com.br\/index.php\/wp-json\/wp\/v2\/posts\/62150\/revisions\/62152"}],"wp:featuredmedia":[{"embeddable":true,"href":"https:\/\/blogopara.com.br\/index.php\/wp-json\/wp\/v2\/media\/62151"}],"wp:attachment":[{"href":"https:\/\/blogopara.com.br\/index.php\/wp-json\/wp\/v2\/media?parent=62150"}],"wp:term":[{"taxonomy":"category","embeddable":true,"href":"https:\/\/blogopara.com.br\/index.php\/wp-json\/wp\/v2\/categories?post=62150"},{"taxonomy":"post_tag","embeddable":true,"href":"https:\/\/blogopara.com.br\/index.php\/wp-json\/wp\/v2\/tags?post=62150"}],"curies":[{"name":"wp","href":"https:\/\/api.w.org\/{rel}","templated":true}]}}