{"id":6237,"date":"2020-01-12T10:15:21","date_gmt":"2020-01-12T13:15:21","guid":{"rendered":"http:\/\/blogopara.com.br\/?p=6237"},"modified":"2020-01-12T10:15:26","modified_gmt":"2020-01-12T13:15:26","slug":"traficantes-espancam-policial-militar-no-bairro-do-boqueirao-em-salvador","status":"publish","type":"post","link":"https:\/\/blogopara.com.br\/index.php\/2020\/01\/12\/traficantes-espancam-policial-militar-no-bairro-do-boqueirao-em-salvador","title":{"rendered":"Traficantes espancam policial militar no bairro do Boqueir\u00e3o, em Salvador"},"content":{"rendered":"<p style=\"text-align: justify;\">Por volta das 02:00 deste s\u00e1bado (11), o Sd PM \u00c9. S., em companhia de seus amigos A.D.C., propriet\u00e1rio de uma oficina de ve\u00edculos, e R.E. S.C., barbeiro, estavam tomando cerveja em um bar no Mercado do Rio Vermelho e resolveram se deslocar at\u00e9 o fim de linha da Santa Cruz, Nordeste de Amaralina, para encontrar a namorada de A.D.C. e mais duas amigas.<\/p>\n<p style=\"text-align: justify;\">Quando j\u00e1 se encontravam no referido local, teriam sido surpreendidos por aproximadamente 40 indiv\u00edduos que, durante a abordagem, acharam a pistola do citado PM, de uso particular, e o identificaram como policial.<\/p>\n<p style=\"text-align: justify;\">Imediatamente os meliantes os conduziram pela Serra Verde at\u00e9 a regi\u00e3o do Boqueir\u00e3o, onde perpetraram agress\u00f5es f\u00edsicas e psicol\u00f3gica, amea\u00e7ando mat\u00e1-los a todo momento.<\/p>\n<p style=\"text-align: justify;\">Durante as se\u00e7\u00f5es de tortura, os agressores falavam por v\u00eddeo chamada com um traficante que se chamaria &#8220;Fadiga&#8221;. Quando teriam falado que fariam com eles a mesma coisa que fez com o Cb PM Gonzaga.<\/p>\n<p style=\"text-align: justify;\">Contudo, diante da informa\u00e7\u00e3o colhidas pelos traficantes, esses optaram por irem at\u00e9 a resid\u00eancia de um rapaz chamado &#8220;Gui Gui&#8221; para saber se ele conhecia um dos amigos do PM, fato esse que foi confirmado. Por essa raz\u00e3o, os tr\u00eas n\u00e3o teriam sido assassinados, mas a ordem foi para &#8220;quebrar&#8221; os tr\u00eas, principalmente, o policial militar. Que assim sendo o PM ficou como alvo principal para espancamentos que resultaram<br \/>\nem fraturas nos dois bra\u00e7os, na boca e na cabe\u00e7a. Ao serem liberados, um dos amigos, tamb\u00e9m v\u00edtima em menor gravidade, conseguiu conduzir o ve\u00edculo at\u00e9 o HGE, onde chegou por volta das 04:00.<\/p>\n<p style=\"text-align: justify;\">Ap\u00f3s alta m\u00e9dica, as duas v\u00edtimas, amigos do PM, foram conduzidas ao DHPP pelo Coordenador de \u00c1rea da 13\u00aa CIPM\/Pituba, 1\u00b0 Ten PM Piedade, para formaliza\u00e7\u00e3o da ocorr\u00eancia.<\/p>\n<p style=\"text-align: justify;\">Ressalta-se que o policial militar est\u00e1 fora do risco de morte, relativamente l\u00facido, mas com traumas que inspiram muitos cuidados, exames e tamb\u00e9m cirurgia no bra\u00e7o, \u00e0 princ\u00edpio.<\/p>\n<pre>Fonte: Ascom 18\u00b0 BPM<\/pre>\n","protected":false},"excerpt":{"rendered":"<p>Por volta das 02:00 deste s\u00e1bado (11), o Sd PM \u00c9. S., em companhia de seus amigos A.D.C., propriet\u00e1rio de uma oficina de ve\u00edculos, e R.E. S.C., barbeiro, estavam tomando cerveja em um bar no Mercado do Rio Vermelho e resolveram se deslocar at\u00e9 o fim de linha da Santa Cruz, Nordeste de Amaralina, para [&hellip;]<\/p>\n","protected":false},"author":1,"featured_media":6238,"comment_status":"open","ping_status":"open","sticky":false,"template":"","format":"standard","meta":{"_uag_custom_page_level_css":"","_monsterinsights_skip_tracking":false,"_monsterinsights_sitenote_active":false,"_monsterinsights_sitenote_note":"","_monsterinsights_sitenote_category":0,"jetpack_post_was_ever_published":false,"_jetpack_newsletter_access":"","_jetpack_dont_email_post_to_subs":false,"_jetpack_newsletter_tier_id":0,"_jetpack_memberships_contains_paywalled_content":false,"_jetpack_memberships_contains_paid_content":false,"footnotes":"","jetpack_publicize_message":"","jetpack_publicize_feature_enabled":true,"jetpack_social_post_already_shared":true,"jetpack_social_options":{"image_generator_settings":{"template":"highway","default_image_id":0,"font":"","enabled":false},"version":2}},"categories":[203],"tags":[],"class_list":["post-6237","post","type-post","status-publish","format-standard","has-post-thumbnail","hentry","category-juazeiro"],"jetpack_publicize_connections":[],"jetpack_featured_media_url":"https:\/\/blogopara.com.br\/wp-content\/uploads\/2020\/01\/WhatsApp-Image-2020-01-12-at-07.37.46.jpeg","uagb_featured_image_src":{"full":["https:\/\/blogopara.com.br\/wp-content\/uploads\/2020\/01\/WhatsApp-Image-2020-01-12-at-07.37.46.jpeg",960,1280,false],"thumbnail":["https:\/\/blogopara.com.br\/wp-content\/uploads\/2020\/01\/WhatsApp-Image-2020-01-12-at-07.37.46-150x150.jpeg",150,150,true],"medium":["https:\/\/blogopara.com.br\/wp-content\/uploads\/2020\/01\/WhatsApp-Image-2020-01-12-at-07.37.46-225x300.jpeg",225,300,true],"medium_large":["https:\/\/blogopara.com.br\/wp-content\/uploads\/2020\/01\/WhatsApp-Image-2020-01-12-at-07.37.46-768x1024.jpeg",640,853,true],"large":["https:\/\/blogopara.com.br\/wp-content\/uploads\/2020\/01\/WhatsApp-Image-2020-01-12-at-07.37.46-768x1024.jpeg",640,853,true],"1536x1536":["https:\/\/blogopara.com.br\/wp-content\/uploads\/2020\/01\/WhatsApp-Image-2020-01-12-at-07.37.46.jpeg",960,1280,false],"2048x2048":["https:\/\/blogopara.com.br\/wp-content\/uploads\/2020\/01\/WhatsApp-Image-2020-01-12-at-07.37.46.jpeg",960,1280,false],"mantranews-slider-large":["https:\/\/blogopara.com.br\/wp-content\/uploads\/2020\/01\/WhatsApp-Image-2020-01-12-at-07.37.46.jpeg",556,741,false],"mantranews-featured-medium":["https:\/\/blogopara.com.br\/wp-content\/uploads\/2020\/01\/WhatsApp-Image-2020-01-12-at-07.37.46.jpeg",230,307,false],"mantranews-featured-long":["https:\/\/blogopara.com.br\/wp-content\/uploads\/2020\/01\/WhatsApp-Image-2020-01-12-at-07.37.46.jpeg",300,400,false],"mantranews-block-medium":["https:\/\/blogopara.com.br\/wp-content\/uploads\/2020\/01\/WhatsApp-Image-2020-01-12-at-07.37.46.jpeg",218,290,false],"mantranews-carousel-image":["https:\/\/blogopara.com.br\/wp-content\/uploads\/2020\/01\/WhatsApp-Image-2020-01-12-at-07.37.46.jpeg",375,500,false],"mantranews-block-thumb":["https:\/\/blogopara.com.br\/wp-content\/uploads\/2020\/01\/WhatsApp-Image-2020-01-12-at-07.37.46.jpeg",173,230,false],"mantranews-single-large":["https:\/\/blogopara.com.br\/wp-content\/uploads\/2020\/01\/WhatsApp-Image-2020-01-12-at-07.37.46.jpeg",482,642,false]},"uagb_author_info":{"display_name":"Reda\u00e7\u00e3o geral","author_link":"https:\/\/blogopara.com.br\/index.php\/author\/blogopara"},"uagb_comment_info":0,"uagb_excerpt":"Por volta das 02:00 deste s\u00e1bado (11), o Sd PM \u00c9. S., em companhia de seus amigos A.D.C., propriet\u00e1rio de uma oficina de ve\u00edculos, e R.E. S.C., barbeiro, estavam tomando cerveja em um bar no Mercado do Rio Vermelho e resolveram se deslocar at\u00e9 o fim de linha da Santa Cruz, Nordeste de Amaralina, para&hellip;","jetpack_sharing_enabled":true,"jetpack_likes_enabled":true,"_links":{"self":[{"href":"https:\/\/blogopara.com.br\/index.php\/wp-json\/wp\/v2\/posts\/6237","targetHints":{"allow":["GET"]}}],"collection":[{"href":"https:\/\/blogopara.com.br\/index.php\/wp-json\/wp\/v2\/posts"}],"about":[{"href":"https:\/\/blogopara.com.br\/index.php\/wp-json\/wp\/v2\/types\/post"}],"author":[{"embeddable":true,"href":"https:\/\/blogopara.com.br\/index.php\/wp-json\/wp\/v2\/users\/1"}],"replies":[{"embeddable":true,"href":"https:\/\/blogopara.com.br\/index.php\/wp-json\/wp\/v2\/comments?post=6237"}],"version-history":[{"count":1,"href":"https:\/\/blogopara.com.br\/index.php\/wp-json\/wp\/v2\/posts\/6237\/revisions"}],"predecessor-version":[{"id":6239,"href":"https:\/\/blogopara.com.br\/index.php\/wp-json\/wp\/v2\/posts\/6237\/revisions\/6239"}],"wp:featuredmedia":[{"embeddable":true,"href":"https:\/\/blogopara.com.br\/index.php\/wp-json\/wp\/v2\/media\/6238"}],"wp:attachment":[{"href":"https:\/\/blogopara.com.br\/index.php\/wp-json\/wp\/v2\/media?parent=6237"}],"wp:term":[{"taxonomy":"category","embeddable":true,"href":"https:\/\/blogopara.com.br\/index.php\/wp-json\/wp\/v2\/categories?post=6237"},{"taxonomy":"post_tag","embeddable":true,"href":"https:\/\/blogopara.com.br\/index.php\/wp-json\/wp\/v2\/tags?post=6237"}],"curies":[{"name":"wp","href":"https:\/\/api.w.org\/{rel}","templated":true}]}}