{"id":62462,"date":"2024-02-27T10:49:00","date_gmt":"2024-02-27T13:49:00","guid":{"rendered":"https:\/\/blogopara.com.br\/?p=62462"},"modified":"2024-02-26T19:51:25","modified_gmt":"2024-02-26T22:51:25","slug":"prefeitura-de-juazeiro-abre-inscricoes-gratuitas-para-curso-de-design-grafico-na-praca-ceu-tabuleiro","status":"publish","type":"post","link":"https:\/\/blogopara.com.br\/index.php\/2024\/02\/27\/prefeitura-de-juazeiro-abre-inscricoes-gratuitas-para-curso-de-design-grafico-na-praca-ceu-tabuleiro","title":{"rendered":"Prefeitura de Juazeiro abre inscri\u00e7\u00f5es gratuitas para curso de design gr\u00e1fico na Pra\u00e7a CEU Tabuleiro"},"content":{"rendered":"<p class=\"x_MsoNormal\" style=\"text-align: justify;\">A Prefeitura de Juazeiro est\u00e1 com inscri\u00e7\u00f5es abertas, at\u00e9 o dia 6 de mar\u00e7o, para o curso gratuito de design gr\u00e1fico, na Pra\u00e7a CEU Alan Cleber Souza Dantas, no bairro Tabuleiro. A a\u00e7\u00e3o, coordenada pelo N\u00facleo de Tecnologia Municipal, da Secretaria de Educa\u00e7\u00e3o e Juventude (Seduc), em parceria com a Secretaria de Cultura, Turismo e Esportes (Seculte) e com o Comit\u00ea Gestor da Pra\u00e7a CEU, e \u00e9 voltada para a comunidade do Tabuleiro e bairros vizinhos.<\/p>\n<p class=\"x_MsoNormal\" style=\"text-align: justify;\">As inscri\u00e7\u00f5es s\u00e3o realizadas com o Comit\u00ea Gestor da Pra\u00e7a CEU, de segunda a sexta-feira, das 8h \u00e0s 12h e das 14h \u00e0s 18h. Para participar, os interessados devem ter mais de 14 anos e residir no entorno da Pra\u00e7a. Ao todo, ser\u00e3o oferecidas 60 vagas, com duas turmas no turno matutino e duas turmas \u00e0 tarde. A previs\u00e3o \u00e9 que as aulas aconte\u00e7am de mar\u00e7o a maio de 2024.<\/p>\n<p class=\"x_MsoNormal\" style=\"text-align: justify;\">O coordenador do NTM, Reginaldo Medrado, explica que o curso d\u00e1 continuidade \u00e0s atividades que j\u00e1 s\u00e3o desenvolvidas na Pra\u00e7a. \u201cEm 2023, j\u00e1 realizamos o curso de Alfabetiza\u00e7\u00e3o e Letramento Digital e agora daremos continuidade \u00e0s nossas atividades com o curso de design gr\u00e1fico. Essa \u00e9 uma iniciativa que visa desenvolver momentos formativos com o uso de tecnologias digitais, visando a promo\u00e7\u00e3o da cidadania digital e a busca pelo perfil empreendedor dos estudantes, visto que eles ser\u00e3o capacitados para produzir materiais gr\u00e1ficos e digitais\u201d.<\/p>\n<p class=\"x_MsoNormal\" style=\"text-align: justify;\"><b>\u00a0<\/b><\/p>\n<p class=\"x_MsoNormal\" style=\"text-align: justify;\"><b>Design gr\u00e1fico<\/b><\/p>\n<p class=\"x_MsoNormal\" style=\"text-align: justify;\">Durante o curso, que tem carga hor\u00e1ria de 30h, os alunos ir\u00e3o aprender a dominar ferramentas como Canvas e Inkscape para criar interfaces digitais interativas e atraentes, al\u00e9m de possibilitar a liberdade criativa e a acessibilidade.<\/p>\n<p class=\"x_MsoNormal\" style=\"text-align: justify;\"><b>\u00a0<\/b><\/p>\n<p class=\"x_MsoNormal\" style=\"text-align: justify;\"><b>Oportunidade para os idosos<\/b><\/p>\n<p class=\"x_MsoNormal\" style=\"text-align: justify;\" aria-hidden=\"true\">\n<p class=\"x_MsoNormal\" style=\"text-align: justify;\">Al\u00e9m do curso de design gr\u00e1fico, ser\u00e1 oferecido, tamb\u00e9m, o curso de \u201calfabetiza\u00e7\u00e3o e letramento digital\u201d, voltado exclusivamente para os idosos residentes no Tabuleiro e nos bairros vizinhos. As inscri\u00e7\u00f5es s\u00e3o realizadas no Grupo de Conviv\u00eancia da Terceira Idade ou com o Comit\u00ea Gestor da Pra\u00e7a CEU. Mais informa\u00e7\u00f5es no local.<\/p>\n<p class=\"x_MsoNormal\" style=\"text-align: justify;\">\n<p class=\"x_MsoNormal\" style=\"text-align: justify;\">Texto: Eneida Trindade \u2013 Ascom Seduc\/PMJ<\/p>\n<p class=\"x_MsoNormal\" style=\"text-align: justify;\">Fotos: \u00cdcaro Alexandre \u2013 Ascom\/PMJ<\/p>\n","protected":false},"excerpt":{"rendered":"<p>A Prefeitura de Juazeiro est\u00e1 com inscri\u00e7\u00f5es abertas, at\u00e9 o dia 6 de mar\u00e7o, para o curso gratuito de design gr\u00e1fico, na Pra\u00e7a CEU Alan Cleber Souza Dantas, no bairro Tabuleiro. A a\u00e7\u00e3o, coordenada pelo N\u00facleo de Tecnologia Municipal, da Secretaria de Educa\u00e7\u00e3o e Juventude (Seduc), em parceria com a Secretaria de Cultura, Turismo e [&hellip;]<\/p>\n","protected":false},"author":1,"featured_media":62463,"comment_status":"closed","ping_status":"open","sticky":false,"template":"","format":"standard","meta":{"_uag_custom_page_level_css":"","_monsterinsights_skip_tracking":false,"_monsterinsights_sitenote_active":false,"_monsterinsights_sitenote_note":"","_monsterinsights_sitenote_category":0,"jetpack_post_was_ever_published":false,"_jetpack_newsletter_access":"","_jetpack_dont_email_post_to_subs":false,"_jetpack_newsletter_tier_id":0,"_jetpack_memberships_contains_paywalled_content":false,"_jetpack_memberships_contains_paid_content":false,"footnotes":"","jetpack_publicize_message":"","jetpack_publicize_feature_enabled":true,"jetpack_social_post_already_shared":true,"jetpack_social_options":{"image_generator_settings":{"template":"highway","default_image_id":0,"font":"","enabled":false},"version":2}},"categories":[203],"tags":[],"class_list":["post-62462","post","type-post","status-publish","format-standard","has-post-thumbnail","hentry","category-juazeiro"],"jetpack_publicize_connections":[],"jetpack_featured_media_url":"https:\/\/blogopara.com.br\/wp-content\/uploads\/2024\/02\/thumbnail_53150334456_6f07dbf59e_c.jpg","uagb_featured_image_src":{"full":["https:\/\/blogopara.com.br\/wp-content\/uploads\/2024\/02\/thumbnail_53150334456_6f07dbf59e_c.jpg",500,333,false],"thumbnail":["https:\/\/blogopara.com.br\/wp-content\/uploads\/2024\/02\/thumbnail_53150334456_6f07dbf59e_c-150x150.jpg",150,150,true],"medium":["https:\/\/blogopara.com.br\/wp-content\/uploads\/2024\/02\/thumbnail_53150334456_6f07dbf59e_c-300x200.jpg",300,200,true],"medium_large":["https:\/\/blogopara.com.br\/wp-content\/uploads\/2024\/02\/thumbnail_53150334456_6f07dbf59e_c.jpg",500,333,false],"large":["https:\/\/blogopara.com.br\/wp-content\/uploads\/2024\/02\/thumbnail_53150334456_6f07dbf59e_c.jpg",500,333,false],"1536x1536":["https:\/\/blogopara.com.br\/wp-content\/uploads\/2024\/02\/thumbnail_53150334456_6f07dbf59e_c.jpg",500,333,false],"2048x2048":["https:\/\/blogopara.com.br\/wp-content\/uploads\/2024\/02\/thumbnail_53150334456_6f07dbf59e_c.jpg",500,333,false],"mantranews-slider-large":["https:\/\/blogopara.com.br\/wp-content\/uploads\/2024\/02\/thumbnail_53150334456_6f07dbf59e_c.jpg",500,333,false],"mantranews-featured-medium":["https:\/\/blogopara.com.br\/wp-content\/uploads\/2024\/02\/thumbnail_53150334456_6f07dbf59e_c-420x307.jpg",420,307,true],"mantranews-featured-long":["https:\/\/blogopara.com.br\/wp-content\/uploads\/2024\/02\/thumbnail_53150334456_6f07dbf59e_c-300x333.jpg",300,333,true],"mantranews-block-medium":["https:\/\/blogopara.com.br\/wp-content\/uploads\/2024\/02\/thumbnail_53150334456_6f07dbf59e_c-464x290.jpg",464,290,true],"mantranews-carousel-image":["https:\/\/blogopara.com.br\/wp-content\/uploads\/2024\/02\/thumbnail_53150334456_6f07dbf59e_c.jpg",500,333,false],"mantranews-block-thumb":["https:\/\/blogopara.com.br\/wp-content\/uploads\/2024\/02\/thumbnail_53150334456_6f07dbf59e_c-322x230.jpg",322,230,true],"mantranews-single-large":["https:\/\/blogopara.com.br\/wp-content\/uploads\/2024\/02\/thumbnail_53150334456_6f07dbf59e_c.jpg",500,333,false]},"uagb_author_info":{"display_name":"Reda\u00e7\u00e3o geral","author_link":"https:\/\/blogopara.com.br\/index.php\/author\/blogopara"},"uagb_comment_info":0,"uagb_excerpt":"A Prefeitura de Juazeiro est\u00e1 com inscri\u00e7\u00f5es abertas, at\u00e9 o dia 6 de mar\u00e7o, para o curso gratuito de design gr\u00e1fico, na Pra\u00e7a CEU Alan Cleber Souza Dantas, no bairro Tabuleiro. A a\u00e7\u00e3o, coordenada pelo N\u00facleo de Tecnologia Municipal, da Secretaria de Educa\u00e7\u00e3o e Juventude (Seduc), em parceria com a Secretaria de Cultura, Turismo e&hellip;","jetpack_sharing_enabled":true,"jetpack_likes_enabled":true,"_links":{"self":[{"href":"https:\/\/blogopara.com.br\/index.php\/wp-json\/wp\/v2\/posts\/62462","targetHints":{"allow":["GET"]}}],"collection":[{"href":"https:\/\/blogopara.com.br\/index.php\/wp-json\/wp\/v2\/posts"}],"about":[{"href":"https:\/\/blogopara.com.br\/index.php\/wp-json\/wp\/v2\/types\/post"}],"author":[{"embeddable":true,"href":"https:\/\/blogopara.com.br\/index.php\/wp-json\/wp\/v2\/users\/1"}],"replies":[{"embeddable":true,"href":"https:\/\/blogopara.com.br\/index.php\/wp-json\/wp\/v2\/comments?post=62462"}],"version-history":[{"count":1,"href":"https:\/\/blogopara.com.br\/index.php\/wp-json\/wp\/v2\/posts\/62462\/revisions"}],"predecessor-version":[{"id":62464,"href":"https:\/\/blogopara.com.br\/index.php\/wp-json\/wp\/v2\/posts\/62462\/revisions\/62464"}],"wp:featuredmedia":[{"embeddable":true,"href":"https:\/\/blogopara.com.br\/index.php\/wp-json\/wp\/v2\/media\/62463"}],"wp:attachment":[{"href":"https:\/\/blogopara.com.br\/index.php\/wp-json\/wp\/v2\/media?parent=62462"}],"wp:term":[{"taxonomy":"category","embeddable":true,"href":"https:\/\/blogopara.com.br\/index.php\/wp-json\/wp\/v2\/categories?post=62462"},{"taxonomy":"post_tag","embeddable":true,"href":"https:\/\/blogopara.com.br\/index.php\/wp-json\/wp\/v2\/tags?post=62462"}],"curies":[{"name":"wp","href":"https:\/\/api.w.org\/{rel}","templated":true}]}}