{"id":62485,"date":"2024-02-28T16:20:00","date_gmt":"2024-02-28T19:20:00","guid":{"rendered":"https:\/\/blogopara.com.br\/?p=62485"},"modified":"2024-02-27T19:16:04","modified_gmt":"2024-02-27T22:16:04","slug":"prefeita-suzana-ramos-se-reune-com-equipe-de-saude-e-pede-intensificacao-no-combate-a-dengue","status":"publish","type":"post","link":"https:\/\/blogopara.com.br\/index.php\/2024\/02\/28\/prefeita-suzana-ramos-se-reune-com-equipe-de-saude-e-pede-intensificacao-no-combate-a-dengue","title":{"rendered":"Prefeita Suzana Ramos se re\u00fane com equipe de sa\u00fade e pede intensifica\u00e7\u00e3o no combate \u00e0 dengue"},"content":{"rendered":"<p style=\"text-align: justify;\">A prefeita Suzana Ramos se reuniu na tarde desta ter\u00e7a-feira (27) com a secret\u00e1ria de Sa\u00fade do munic\u00edpio, Ana L\u00facia Alves, e com a equipe t\u00e9cnica da Secretaria de Sa\u00fade (Sesau). Na reuni\u00e3o, a prefeita pediu intensifica\u00e7\u00e3o no combate \u00e0 dengue, atrav\u00e9s de mutir\u00f5es de limpeza, e um trabalho de conscientiza\u00e7\u00e3o da popula\u00e7\u00e3o.<\/p>\n<p style=\"text-align: justify;\"><img loading=\"lazy\" decoding=\"async\" class=\"aligncenter wp-image-96867 size-full\" src=\"https:\/\/www.juazeiro.ba.gov.br\/wp-content\/uploads\/2024\/02\/53556684690_d40a370507_c.jpg\" sizes=\"auto, (max-width: 799px) 100vw, 799px\" srcset=\"https:\/\/www.juazeiro.ba.gov.br\/wp-content\/uploads\/2024\/02\/53556684690_d40a370507_c.jpg 799w, https:\/\/www.juazeiro.ba.gov.br\/wp-content\/uploads\/2024\/02\/53556684690_d40a370507_c-300x200.jpg 300w, https:\/\/www.juazeiro.ba.gov.br\/wp-content\/uploads\/2024\/02\/53556684690_d40a370507_c-768x512.jpg 768w\" alt=\"\" width=\"799\" height=\"533\" \/><\/p>\n<p style=\"text-align: justify;\">\u201cPreocupada com a situa\u00e7\u00e3o que o pa\u00eds se encontra com a alta nos casos de dengue, pedi que a Secretaria de Sa\u00fade intensificasse as a\u00e7\u00f5es de combate ao mosquito Aedes aegypti. Vamos intensificar os mutir\u00f5es de limpeza e outros servi\u00e7os para combater o mosquito. Mas \u00e9 importante que a popula\u00e7\u00e3o nos ajude nesse trabalho preventivo\u201d, disse a prefeita Suzana Ramos.<\/p>\n<p style=\"text-align: justify;\">Segundo um levantamento da Secretaria de Sa\u00fade do munic\u00edpio, 80% dos focos do mosquito Aedes aegypti s\u00e3o encontrados dentro das resid\u00eancias. A Sesau orienta a popula\u00e7\u00e3o a tamb\u00e9m ser um agente preventivo neste momento. \u201cAt\u00e9 o momento, nossa cidade n\u00e3o apresenta alerta para a dengue e precisamos nos manter assim. A maioria dos focos encontrados est\u00e1 nas resid\u00eancias. Por isso, \u00e9 importante que a popula\u00e7\u00e3o fique atenta em n\u00e3o deixar \u00e1gua parada, abrir as portas para os agentes de sa\u00fade e de endemias para ajudar a combater o mosquito\u201d, orienta a secret\u00e1ria de Sa\u00fade, Ana L\u00facia Alves.<\/p>\n<h4 style=\"text-align: justify;\"><strong>Cuidados<\/strong><\/h4>\n<p style=\"text-align: justify;\">A melhor forma de preven\u00e7\u00e3o da dengue \u00e9 evitar a prolifera\u00e7\u00e3o do mosquito Aedes Aegypti, esvaziando garrafas pet, potes e vasos; n\u00e3o deixando \u00e1gua parada; mantendo o quintal limpo, recolhendo o lixo e detritos em volta das casas, limpando os lat\u00f5es e mantendo as lixeiras tampadas; n\u00e3o jogando lixo em terrenos baldios, constru\u00e7\u00f5es e pra\u00e7as; n\u00e3o juntando vasilhas e utens\u00edlios que possam acumular \u00e1gua (tampinha de garrafa, casca de ovo, latinha, saquinho pl\u00e1stico de cigarro, embalagem pl\u00e1stica e de vidro, copo descart\u00e1vel etc.) e guardando garrafas vazias de cabe\u00e7a para baixo, entre outros cuidados b\u00e1sicos.<\/p>\n<p style=\"text-align: justify;\">Caso a pessoa apresente sintomas como febre, dor de cabe\u00e7a, dor atr\u00e1s dos olhos, no corpo e nas articula\u00e7\u00f5es, deve procurar a Unidade B\u00e1sica de Sa\u00fade mais pr\u00f3xima.<\/p>\n<h4 style=\"text-align: justify;\"><strong>Dengue Zap<\/strong><\/h4>\n<p style=\"text-align: justify;\">O Dengue Zap, implantado na gest\u00e3o Suzana Ramos, \u00e9 uma ferramenta importante e j\u00e1 conhecida pela popula\u00e7\u00e3o de Juazeiro que auxilia, de forma eficaz, na identifica\u00e7\u00e3o e combate aos focos de reprodu\u00e7\u00e3o do mosquito Aedes aegypti. O \u2018Dengue Zap\u2019 est\u00e1 dispon\u00edvel para receber mensagens de segunda a sexta-feira, das 8h \u00e0s 17h. O n\u00famero \u00e9 (74) 99945 \u2013 5371 e \u00e9 exclusivo para mensagens via Whatsapp.<\/p>\n<p style=\"text-align: justify;\"><em><span style=\"font-size: revert; color: initial;\">Fonte: Ascom\/PMJ<\/span><\/em><\/p>\n","protected":false},"excerpt":{"rendered":"<p>A prefeita Suzana Ramos se reuniu na tarde desta ter\u00e7a-feira (27) com a secret\u00e1ria de Sa\u00fade do munic\u00edpio, Ana L\u00facia Alves, e com a equipe t\u00e9cnica da Secretaria de Sa\u00fade (Sesau). Na reuni\u00e3o, a prefeita pediu intensifica\u00e7\u00e3o no combate \u00e0 dengue, atrav\u00e9s de mutir\u00f5es de limpeza, e um trabalho de conscientiza\u00e7\u00e3o da popula\u00e7\u00e3o. \u201cPreocupada com [&hellip;]<\/p>\n","protected":false},"author":1,"featured_media":62487,"comment_status":"closed","ping_status":"open","sticky":false,"template":"","format":"standard","meta":{"_uag_custom_page_level_css":"","_monsterinsights_skip_tracking":false,"_monsterinsights_sitenote_active":false,"_monsterinsights_sitenote_note":"","_monsterinsights_sitenote_category":0,"jetpack_post_was_ever_published":false,"_jetpack_newsletter_access":"","_jetpack_dont_email_post_to_subs":false,"_jetpack_newsletter_tier_id":0,"_jetpack_memberships_contains_paywalled_content":false,"_jetpack_memberships_contains_paid_content":false,"footnotes":"","jetpack_publicize_message":"","jetpack_publicize_feature_enabled":true,"jetpack_social_post_already_shared":true,"jetpack_social_options":{"image_generator_settings":{"template":"highway","default_image_id":0,"font":"","enabled":false},"version":2}},"categories":[203,205],"tags":[286,143,340],"class_list":["post-62485","post","type-post","status-publish","format-standard","has-post-thumbnail","hentry","category-juazeiro","category-saude","tag-dengue","tag-juazeiro-da-bahia","tag-prefeitura-de-juazeiro"],"jetpack_publicize_connections":[],"jetpack_featured_media_url":"https:\/\/blogopara.com.br\/wp-content\/uploads\/2024\/02\/53556571084_7bd313e11c_c.jpg","uagb_featured_image_src":{"full":["https:\/\/blogopara.com.br\/wp-content\/uploads\/2024\/02\/53556571084_7bd313e11c_c.jpg",500,334,false],"thumbnail":["https:\/\/blogopara.com.br\/wp-content\/uploads\/2024\/02\/53556571084_7bd313e11c_c-150x150.jpg",150,150,true],"medium":["https:\/\/blogopara.com.br\/wp-content\/uploads\/2024\/02\/53556571084_7bd313e11c_c-300x200.jpg",300,200,true],"medium_large":["https:\/\/blogopara.com.br\/wp-content\/uploads\/2024\/02\/53556571084_7bd313e11c_c.jpg",500,334,false],"large":["https:\/\/blogopara.com.br\/wp-content\/uploads\/2024\/02\/53556571084_7bd313e11c_c.jpg",500,334,false],"1536x1536":["https:\/\/blogopara.com.br\/wp-content\/uploads\/2024\/02\/53556571084_7bd313e11c_c.jpg",500,334,false],"2048x2048":["https:\/\/blogopara.com.br\/wp-content\/uploads\/2024\/02\/53556571084_7bd313e11c_c.jpg",500,334,false],"mantranews-slider-large":["https:\/\/blogopara.com.br\/wp-content\/uploads\/2024\/02\/53556571084_7bd313e11c_c.jpg",500,334,false],"mantranews-featured-medium":["https:\/\/blogopara.com.br\/wp-content\/uploads\/2024\/02\/53556571084_7bd313e11c_c-420x307.jpg",420,307,true],"mantranews-featured-long":["https:\/\/blogopara.com.br\/wp-content\/uploads\/2024\/02\/53556571084_7bd313e11c_c-300x334.jpg",300,334,true],"mantranews-block-medium":["https:\/\/blogopara.com.br\/wp-content\/uploads\/2024\/02\/53556571084_7bd313e11c_c-464x290.jpg",464,290,true],"mantranews-carousel-image":["https:\/\/blogopara.com.br\/wp-content\/uploads\/2024\/02\/53556571084_7bd313e11c_c.jpg",500,334,false],"mantranews-block-thumb":["https:\/\/blogopara.com.br\/wp-content\/uploads\/2024\/02\/53556571084_7bd313e11c_c-322x230.jpg",322,230,true],"mantranews-single-large":["https:\/\/blogopara.com.br\/wp-content\/uploads\/2024\/02\/53556571084_7bd313e11c_c.jpg",500,334,false]},"uagb_author_info":{"display_name":"Reda\u00e7\u00e3o geral","author_link":"https:\/\/blogopara.com.br\/index.php\/author\/blogopara"},"uagb_comment_info":0,"uagb_excerpt":"A prefeita Suzana Ramos se reuniu na tarde desta ter\u00e7a-feira (27) com a secret\u00e1ria de Sa\u00fade do munic\u00edpio, Ana L\u00facia Alves, e com a equipe t\u00e9cnica da Secretaria de Sa\u00fade (Sesau). Na reuni\u00e3o, a prefeita pediu intensifica\u00e7\u00e3o no combate \u00e0 dengue, atrav\u00e9s de mutir\u00f5es de limpeza, e um trabalho de conscientiza\u00e7\u00e3o da popula\u00e7\u00e3o. \u201cPreocupada com&hellip;","jetpack_sharing_enabled":true,"jetpack_likes_enabled":true,"_links":{"self":[{"href":"https:\/\/blogopara.com.br\/index.php\/wp-json\/wp\/v2\/posts\/62485","targetHints":{"allow":["GET"]}}],"collection":[{"href":"https:\/\/blogopara.com.br\/index.php\/wp-json\/wp\/v2\/posts"}],"about":[{"href":"https:\/\/blogopara.com.br\/index.php\/wp-json\/wp\/v2\/types\/post"}],"author":[{"embeddable":true,"href":"https:\/\/blogopara.com.br\/index.php\/wp-json\/wp\/v2\/users\/1"}],"replies":[{"embeddable":true,"href":"https:\/\/blogopara.com.br\/index.php\/wp-json\/wp\/v2\/comments?post=62485"}],"version-history":[{"count":1,"href":"https:\/\/blogopara.com.br\/index.php\/wp-json\/wp\/v2\/posts\/62485\/revisions"}],"predecessor-version":[{"id":62488,"href":"https:\/\/blogopara.com.br\/index.php\/wp-json\/wp\/v2\/posts\/62485\/revisions\/62488"}],"wp:featuredmedia":[{"embeddable":true,"href":"https:\/\/blogopara.com.br\/index.php\/wp-json\/wp\/v2\/media\/62487"}],"wp:attachment":[{"href":"https:\/\/blogopara.com.br\/index.php\/wp-json\/wp\/v2\/media?parent=62485"}],"wp:term":[{"taxonomy":"category","embeddable":true,"href":"https:\/\/blogopara.com.br\/index.php\/wp-json\/wp\/v2\/categories?post=62485"},{"taxonomy":"post_tag","embeddable":true,"href":"https:\/\/blogopara.com.br\/index.php\/wp-json\/wp\/v2\/tags?post=62485"}],"curies":[{"name":"wp","href":"https:\/\/api.w.org\/{rel}","templated":true}]}}