{"id":6250,"date":"2020-01-12T22:01:44","date_gmt":"2020-01-13T01:01:44","guid":{"rendered":"http:\/\/blogopara.com.br\/?p=6250"},"modified":"2020-01-15T17:19:21","modified_gmt":"2020-01-15T20:19:21","slug":"juazeiro-aos-amigos-tudo-ao-povo-nada","status":"publish","type":"post","link":"https:\/\/blogopara.com.br\/index.php\/2020\/01\/12\/juazeiro-aos-amigos-tudo-ao-povo-nada","title":{"rendered":"JUAZEIRO: AOS AMIGOS TUDO, AO POVO NADA!"},"content":{"rendered":"<p style=\"text-align: justify;\">A cada dia o prefeito de Juazeiro, Paulo Bomfim (PCdoB) deixa mais evidente o seu despreparo pol\u00edtico para administrar o munic\u00edpio, e sua imagem vai se deteriorando a passos largos. Seus discursos de ret\u00f3rica viraram verdadeiras ladainhas, insuport\u00e1veis de se ouvir. Quando n\u00e3o est\u00e1 contando bravatas, transformando cacha\u00e7a em u\u00edsque paraguaio, na tentativa in\u00fatil de fazer o povo acreditar que pintura de meio-fio \u00e9 obra estruturante, agora adotou um discurso de ataque ao que ele chamou de grupos de oposi\u00e7\u00e3o de whatsapp, acusando-os de nada fazerem e s\u00f3 criticarem.<\/p>\n<p style=\"text-align: justify;\">Ora, quem tem que fazer alguma coisa pela cidade e pelos cidad\u00e3os, s\u00e3o os poderes constitu\u00eddos, o executivo, atrav\u00e9s do prefeito e sua equipe, e o legislativo, atrav\u00e9s dos vereadores, afinal eles foram eleitos para esse fim. Mas n\u00e3o \u00e9 isso que est\u00e1 acontecendo em Juazeiro, onde esses dois poderes se fundiram em um s\u00f3, com interesses mesquinhos, politiqueiros e mercen\u00e1rios, em detrimento da popula\u00e7\u00e3o que amarga uma p\u00e9ssima presta\u00e7\u00e3o nos servi\u00e7os p\u00fablicos, em especial no setor de sa\u00fade, propagando obras fantasiosas, n\u00fameros positivos mirabolantes inventados apenas para gerar espet\u00e1culos midi\u00e1ticos de alto custo para os cofres p\u00fablicos.<\/p>\n<p style=\"text-align: justify;\">O prefeito ainda n\u00e3o entendeu que ter \u201canexado\u201d a C\u00e2mara de Vereadores ao seu n\u00facleo de poder, pode ter silenciado a quase totalidade dos vereadores, os quais dividem com ele espa\u00e7os e falas em eventos oficiais da prefeitura, como se fossem, de fato e direito, um s\u00f3 poder, e que ele n\u00e3o deve subestimar o poder das redes sociais, em especial dos grupos de whatsapp, que s\u00e3o os canais de manifesta\u00e7\u00e3o democr\u00e1tica de um povo que n\u00e3o tem mandato, mas tem o poder que o prefeito e seus \u201ccompanheiros\u201d tentam inutilmente desqualificar, um poder assustador capaz de eleger presidente, governador, prefeito, senadores, deputados e vereadores, e de derruba-los tamb\u00e9m.<\/p>\n<p style=\"text-align: justify;\">Juazeiro est\u00e1 mal administrada, a popula\u00e7\u00e3o insatisfeita, revoltada, mas o prefeito est\u00e1 encastelado, sempre feliz, sorrindo, dan\u00e7ando, peito estufado, soberbo, rodeado de \u201cconselheiros\u201d e convidados especiais que se servem do \u201cbanquete\u201d do poder do qual momentaneamente det\u00e9m, e ao qual o povo n\u00e3o tem acesso, nem tem seus clamores ouvidos, muito menos atendidos. Para eles tudo, para o povo nada, o que nos faz lembrar de uma c\u00e9lebre frase atribu\u00edda ao ex-ditador Get\u00falio Vargas, que j\u00e1 ganhou v\u00e1rias escritas, mas a ess\u00eancia \u00e9 a mesma: \u201cAos amigos tudo, aos inimigos os rigores da lei\u201d. E se o \u201cTUDO\u201d vai s\u00f3 para os amigos, todo o resto \u00e9 tratado como inimigo, inclusive o povo.<\/p>\n<p style=\"text-align: justify;\">2020 chegou trazendo vis\u00edveis sinais de mudan\u00e7a desse cen\u00e1rio. Quem viver ver\u00e1!<\/p>\n<p style=\"text-align: justify;\">GABRIEL FERRAZ<br \/>\nCidad\u00e3o e eleitor<\/p>\n","protected":false},"excerpt":{"rendered":"<p>A cada dia fica evidente que passado quase quatro anos de mandato o prefeito Paulo Bomfim (PCdoB) ainda n\u00e3o se deu conta da responsabilidade de administrar Juazeiro.<\/p>\n","protected":false},"author":1,"featured_media":2033,"comment_status":"open","ping_status":"open","sticky":false,"template":"","format":"standard","meta":{"_uag_custom_page_level_css":"","_monsterinsights_skip_tracking":false,"_monsterinsights_sitenote_active":false,"_monsterinsights_sitenote_note":"","_monsterinsights_sitenote_category":0,"jetpack_post_was_ever_published":false,"_jetpack_newsletter_access":"","_jetpack_dont_email_post_to_subs":false,"_jetpack_newsletter_tier_id":0,"_jetpack_memberships_contains_paywalled_content":false,"_jetpack_memberships_contains_paid_content":false,"footnotes":"","jetpack_publicize_message":"","jetpack_publicize_feature_enabled":true,"jetpack_social_post_already_shared":true,"jetpack_social_options":{"image_generator_settings":{"template":"highway","default_image_id":0,"font":"","enabled":false},"version":2}},"categories":[203],"tags":[1073,15],"class_list":["post-6250","post","type-post","status-publish","format-standard","has-post-thumbnail","hentry","category-juazeiro","tag-eleicao-2020","tag-paulo-bomfim"],"jetpack_publicize_connections":[],"jetpack_featured_media_url":"https:\/\/blogopara.com.br\/wp-content\/uploads\/2019\/07\/paulo-bomfim-2.jpg","uagb_featured_image_src":{"full":["https:\/\/blogopara.com.br\/wp-content\/uploads\/2019\/07\/paulo-bomfim-2.jpg",848,637,false],"thumbnail":["https:\/\/blogopara.com.br\/wp-content\/uploads\/2019\/07\/paulo-bomfim-2-150x150.jpg",150,150,true],"medium":["https:\/\/blogopara.com.br\/wp-content\/uploads\/2019\/07\/paulo-bomfim-2-300x225.jpg",300,225,true],"medium_large":["https:\/\/blogopara.com.br\/wp-content\/uploads\/2019\/07\/paulo-bomfim-2-768x577.jpg",640,481,true],"large":["https:\/\/blogopara.com.br\/wp-content\/uploads\/2019\/07\/paulo-bomfim-2.jpg",640,481,false],"1536x1536":["https:\/\/blogopara.com.br\/wp-content\/uploads\/2019\/07\/paulo-bomfim-2.jpg",848,637,false],"2048x2048":["https:\/\/blogopara.com.br\/wp-content\/uploads\/2019\/07\/paulo-bomfim-2.jpg",848,637,false],"mantranews-slider-large":["https:\/\/blogopara.com.br\/wp-content\/uploads\/2019\/07\/paulo-bomfim-2.jpg",848,637,false],"mantranews-featured-medium":["https:\/\/blogopara.com.br\/wp-content\/uploads\/2019\/07\/paulo-bomfim-2.jpg",409,307,false],"mantranews-featured-long":["https:\/\/blogopara.com.br\/wp-content\/uploads\/2019\/07\/paulo-bomfim-2.jpg",300,225,false],"mantranews-block-medium":["https:\/\/blogopara.com.br\/wp-content\/uploads\/2019\/07\/paulo-bomfim-2.jpg",386,290,false],"mantranews-carousel-image":["https:\/\/blogopara.com.br\/wp-content\/uploads\/2019\/07\/paulo-bomfim-2.jpg",600,451,false],"mantranews-block-thumb":["https:\/\/blogopara.com.br\/wp-content\/uploads\/2019\/07\/paulo-bomfim-2.jpg",306,230,false],"mantranews-single-large":["https:\/\/blogopara.com.br\/wp-content\/uploads\/2019\/07\/paulo-bomfim-2.jpg",848,637,false]},"uagb_author_info":{"display_name":"Reda\u00e7\u00e3o geral","author_link":"https:\/\/blogopara.com.br\/index.php\/author\/blogopara"},"uagb_comment_info":2,"uagb_excerpt":"A cada dia fica evidente que passado quase quatro anos de mandato o prefeito Paulo Bomfim (PCdoB) ainda n\u00e3o se deu conta da responsabilidade de administrar Juazeiro.","jetpack_sharing_enabled":true,"jetpack_likes_enabled":true,"_links":{"self":[{"href":"https:\/\/blogopara.com.br\/index.php\/wp-json\/wp\/v2\/posts\/6250","targetHints":{"allow":["GET"]}}],"collection":[{"href":"https:\/\/blogopara.com.br\/index.php\/wp-json\/wp\/v2\/posts"}],"about":[{"href":"https:\/\/blogopara.com.br\/index.php\/wp-json\/wp\/v2\/types\/post"}],"author":[{"embeddable":true,"href":"https:\/\/blogopara.com.br\/index.php\/wp-json\/wp\/v2\/users\/1"}],"replies":[{"embeddable":true,"href":"https:\/\/blogopara.com.br\/index.php\/wp-json\/wp\/v2\/comments?post=6250"}],"version-history":[{"count":2,"href":"https:\/\/blogopara.com.br\/index.php\/wp-json\/wp\/v2\/posts\/6250\/revisions"}],"predecessor-version":[{"id":6331,"href":"https:\/\/blogopara.com.br\/index.php\/wp-json\/wp\/v2\/posts\/6250\/revisions\/6331"}],"wp:featuredmedia":[{"embeddable":true,"href":"https:\/\/blogopara.com.br\/index.php\/wp-json\/wp\/v2\/media\/2033"}],"wp:attachment":[{"href":"https:\/\/blogopara.com.br\/index.php\/wp-json\/wp\/v2\/media?parent=6250"}],"wp:term":[{"taxonomy":"category","embeddable":true,"href":"https:\/\/blogopara.com.br\/index.php\/wp-json\/wp\/v2\/categories?post=6250"},{"taxonomy":"post_tag","embeddable":true,"href":"https:\/\/blogopara.com.br\/index.php\/wp-json\/wp\/v2\/tags?post=6250"}],"curies":[{"name":"wp","href":"https:\/\/api.w.org\/{rel}","templated":true}]}}