{"id":62580,"date":"2024-03-01T18:32:00","date_gmt":"2024-03-01T21:32:00","guid":{"rendered":"https:\/\/blogopara.com.br\/?p=62580"},"modified":"2024-03-01T09:34:23","modified_gmt":"2024-03-01T12:34:23","slug":"prefeitura-de-juazeiro-divulga-14convocacao-dos-aprovados-no-processo-seletivo-da-educacao","status":"publish","type":"post","link":"https:\/\/blogopara.com.br\/index.php\/2024\/03\/01\/prefeitura-de-juazeiro-divulga-14convocacao-dos-aprovados-no-processo-seletivo-da-educacao","title":{"rendered":"Prefeitura de Juazeiro divulga 14\u00b0convoca\u00e7\u00e3o dos aprovados no Processo Seletivo da Educa\u00e7\u00e3o"},"content":{"rendered":"<p style=\"text-align: justify;\">A Prefeitura de Juazeiro, por meio da Secretaria de Gest\u00e3o de Pessoas (Segesp), divulgou, nesta quinta-feira (29), a 14\u00b0convoca\u00e7\u00e3o dos aprovados no Processo Seletivo Simplificado da Educa\u00e7\u00e3o. A lista dos convocados est\u00e1 dispon\u00edvel no Di\u00e1rio Oficial do Munic\u00edpio, bem como \u00a0a rela\u00e7\u00e3o de todos os documentos necess\u00e1rios.<br aria-hidden=\"true\" \/><br aria-hidden=\"true\" \/>A entrega da documenta\u00e7\u00e3o dos candidatos convocados ser\u00e1 realizada nos dias 04 e 05 de mar\u00e7o de 2024, na Secretaria de Gest\u00e3o de Pessoas (Segesp), localizada na Rua 15 de Julho, n\u00b0 32, 2\u00ba andar, Centro, no hor\u00e1rio das 8h \u00e0s 14h.<br aria-hidden=\"true\" \/><br aria-hidden=\"true\" \/>A admiss\u00e3o dos candidatos est\u00e1 sujeita ao cumprimento das condi\u00e7\u00f5es estabelecidas no edital. Candidatos que tenham mantido v\u00ednculo contratual em Regime Especial de Direito Administrativo com o Munic\u00edpio de Juazeiro, Estado da Bahia, nos \u00faltimos tr\u00eas meses a contar do t\u00e9rmino de seu contrato anterior, n\u00e3o poder\u00e3o ser contratados, conforme o disposto no art. 10, inciso III, da Lei Municipal n\u00ba 2.017\/2009, alterada pela Lei Municipal n\u00ba 2.321\/2012.<br aria-hidden=\"true\" \/><br aria-hidden=\"true\" \/>Para esclarecimento de d\u00favidas, os candidatos podem contatar diretamente a Segesp pelo telefone (74) 3612-3620 ou pelo e-mail:\u00a0<a id=\"LPlnk991035\" href=\"mailto:recepcao.segesp.pmj@gmail.com\" data-linkindex=\"0\">recepcao.segesp.pmj@gmail.com<\/a>.<br aria-hidden=\"true\" \/><br aria-hidden=\"true\" \/>Texto: Ascom\/PMJ<\/p>\n","protected":false},"excerpt":{"rendered":"<p>A Prefeitura de Juazeiro, por meio da Secretaria de Gest\u00e3o de Pessoas (Segesp), divulgou, nesta quinta-feira (29), a 14\u00b0convoca\u00e7\u00e3o dos aprovados no Processo Seletivo Simplificado da Educa\u00e7\u00e3o. A lista dos convocados est\u00e1 dispon\u00edvel no Di\u00e1rio Oficial do Munic\u00edpio, bem como \u00a0a rela\u00e7\u00e3o de todos os documentos necess\u00e1rios.A entrega da documenta\u00e7\u00e3o dos candidatos convocados ser\u00e1 realizada [&hellip;]<\/p>\n","protected":false},"author":1,"featured_media":45480,"comment_status":"closed","ping_status":"open","sticky":false,"template":"","format":"standard","meta":{"_uag_custom_page_level_css":"","_monsterinsights_skip_tracking":false,"_monsterinsights_sitenote_active":false,"_monsterinsights_sitenote_note":"","_monsterinsights_sitenote_category":0,"jetpack_post_was_ever_published":false,"_jetpack_newsletter_access":"","_jetpack_dont_email_post_to_subs":false,"_jetpack_newsletter_tier_id":0,"_jetpack_memberships_contains_paywalled_content":false,"_jetpack_memberships_contains_paid_content":false,"footnotes":"","jetpack_publicize_message":"","jetpack_publicize_feature_enabled":true,"jetpack_social_post_already_shared":true,"jetpack_social_options":{"image_generator_settings":{"template":"highway","default_image_id":0,"font":"","enabled":false},"version":2}},"categories":[203],"tags":[],"class_list":["post-62580","post","type-post","status-publish","format-standard","has-post-thumbnail","hentry","category-juazeiro"],"jetpack_publicize_connections":[],"jetpack_featured_media_url":"https:\/\/blogopara.com.br\/wp-content\/uploads\/2022\/11\/Prefeitura-SEFAZ-1.jpg","uagb_featured_image_src":{"full":["https:\/\/blogopara.com.br\/wp-content\/uploads\/2022\/11\/Prefeitura-SEFAZ-1.jpg",500,333,false],"thumbnail":["https:\/\/blogopara.com.br\/wp-content\/uploads\/2022\/11\/Prefeitura-SEFAZ-1-150x150.jpg",150,150,true],"medium":["https:\/\/blogopara.com.br\/wp-content\/uploads\/2022\/11\/Prefeitura-SEFAZ-1-300x200.jpg",300,200,true],"medium_large":["https:\/\/blogopara.com.br\/wp-content\/uploads\/2022\/11\/Prefeitura-SEFAZ-1.jpg",500,333,false],"large":["https:\/\/blogopara.com.br\/wp-content\/uploads\/2022\/11\/Prefeitura-SEFAZ-1.jpg",500,333,false],"1536x1536":["https:\/\/blogopara.com.br\/wp-content\/uploads\/2022\/11\/Prefeitura-SEFAZ-1.jpg",500,333,false],"2048x2048":["https:\/\/blogopara.com.br\/wp-content\/uploads\/2022\/11\/Prefeitura-SEFAZ-1.jpg",500,333,false],"mantranews-slider-large":["https:\/\/blogopara.com.br\/wp-content\/uploads\/2022\/11\/Prefeitura-SEFAZ-1.jpg",500,333,false],"mantranews-featured-medium":["https:\/\/blogopara.com.br\/wp-content\/uploads\/2022\/11\/Prefeitura-SEFAZ-1-420x307.jpg",420,307,true],"mantranews-featured-long":["https:\/\/blogopara.com.br\/wp-content\/uploads\/2022\/11\/Prefeitura-SEFAZ-1-300x333.jpg",300,333,true],"mantranews-block-medium":["https:\/\/blogopara.com.br\/wp-content\/uploads\/2022\/11\/Prefeitura-SEFAZ-1-464x290.jpg",464,290,true],"mantranews-carousel-image":["https:\/\/blogopara.com.br\/wp-content\/uploads\/2022\/11\/Prefeitura-SEFAZ-1.jpg",500,333,false],"mantranews-block-thumb":["https:\/\/blogopara.com.br\/wp-content\/uploads\/2022\/11\/Prefeitura-SEFAZ-1-322x230.jpg",322,230,true],"mantranews-single-large":["https:\/\/blogopara.com.br\/wp-content\/uploads\/2022\/11\/Prefeitura-SEFAZ-1.jpg",500,333,false]},"uagb_author_info":{"display_name":"Reda\u00e7\u00e3o geral","author_link":"https:\/\/blogopara.com.br\/index.php\/author\/blogopara"},"uagb_comment_info":0,"uagb_excerpt":"A Prefeitura de Juazeiro, por meio da Secretaria de Gest\u00e3o de Pessoas (Segesp), divulgou, nesta quinta-feira (29), a 14\u00b0convoca\u00e7\u00e3o dos aprovados no Processo Seletivo Simplificado da Educa\u00e7\u00e3o. A lista dos convocados est\u00e1 dispon\u00edvel no Di\u00e1rio Oficial do Munic\u00edpio, bem como \u00a0a rela\u00e7\u00e3o de todos os documentos necess\u00e1rios.A entrega da documenta\u00e7\u00e3o dos candidatos convocados ser\u00e1 realizada&hellip;","jetpack_sharing_enabled":true,"jetpack_likes_enabled":true,"_links":{"self":[{"href":"https:\/\/blogopara.com.br\/index.php\/wp-json\/wp\/v2\/posts\/62580","targetHints":{"allow":["GET"]}}],"collection":[{"href":"https:\/\/blogopara.com.br\/index.php\/wp-json\/wp\/v2\/posts"}],"about":[{"href":"https:\/\/blogopara.com.br\/index.php\/wp-json\/wp\/v2\/types\/post"}],"author":[{"embeddable":true,"href":"https:\/\/blogopara.com.br\/index.php\/wp-json\/wp\/v2\/users\/1"}],"replies":[{"embeddable":true,"href":"https:\/\/blogopara.com.br\/index.php\/wp-json\/wp\/v2\/comments?post=62580"}],"version-history":[{"count":1,"href":"https:\/\/blogopara.com.br\/index.php\/wp-json\/wp\/v2\/posts\/62580\/revisions"}],"predecessor-version":[{"id":62581,"href":"https:\/\/blogopara.com.br\/index.php\/wp-json\/wp\/v2\/posts\/62580\/revisions\/62581"}],"wp:featuredmedia":[{"embeddable":true,"href":"https:\/\/blogopara.com.br\/index.php\/wp-json\/wp\/v2\/media\/45480"}],"wp:attachment":[{"href":"https:\/\/blogopara.com.br\/index.php\/wp-json\/wp\/v2\/media?parent=62580"}],"wp:term":[{"taxonomy":"category","embeddable":true,"href":"https:\/\/blogopara.com.br\/index.php\/wp-json\/wp\/v2\/categories?post=62580"},{"taxonomy":"post_tag","embeddable":true,"href":"https:\/\/blogopara.com.br\/index.php\/wp-json\/wp\/v2\/tags?post=62580"}],"curies":[{"name":"wp","href":"https:\/\/api.w.org\/{rel}","templated":true}]}}