{"id":62823,"date":"2024-03-08T14:45:05","date_gmt":"2024-03-08T17:45:05","guid":{"rendered":"https:\/\/blogopara.com.br\/?p=62823"},"modified":"2024-03-08T14:45:08","modified_gmt":"2024-03-08T17:45:08","slug":"lancamento-do-livro-sobre-mulheres-de-juazeiro-que-tiveram-depressao-durante-o-periodo-gestacional","status":"publish","type":"post","link":"https:\/\/blogopara.com.br\/index.php\/2024\/03\/08\/lancamento-do-livro-sobre-mulheres-de-juazeiro-que-tiveram-depressao-durante-o-periodo-gestacional","title":{"rendered":"Lan\u00e7amento do livro sobre mulheres de Juazeiro que tiveram depress\u00e3o durante o per\u00edodo gestacional"},"content":{"rendered":"<p class=\"x_MsoNormal\" style=\"text-align: justify;\">A obra conta a hist\u00f3ria de mulheres juazeirenses que vivenciaram a depress\u00e3o gestacional.<\/p>\n<p class=\"x_MsoNormal\" style=\"text-align: justify;\">Maria Flor, desde a inf\u00e2ncia, se sentia abandonada; Esmeralda desmoronou depois que perdeu seu pai; Rute gritou o seu sofrimento e foi silenciada. Muita coisa aconteceu na vida dessas mulheres, e atrav\u00e9s do relato delas, hist\u00f3rias incr\u00edveis e reais foram narradas.<\/p>\n<p class=\"x_MsoNormal\" style=\"text-align: justify;\">O que levou essas mulheres a terem depress\u00e3o na gesta\u00e7\u00e3o? Quais as dificuldades e consequ\u00eancias enfrentadas por cada uma delas? Existe culpado?<\/p>\n<p class=\"x_MsoNormal\" style=\"text-align: justify;\">Logo depois de entender o que \u00e9 a depress\u00e3o gestacional e o contexto em que est\u00e1 inserida, o leitor ter\u00e1 acesso \u00e0 viv\u00eancia das personagens, e com certeza ter\u00e1 a resposta que procura.<\/p>\n<p class=\"x_MsoNormal\" style=\"text-align: justify;\">A publica\u00e7\u00e3o foi poss\u00edvel gra\u00e7as \u00e0 sele\u00e7\u00e3o pelo programa &#8220;Temporada de Originais&#8221;, da Editora Letramento, cujo objetivo \u00e9\u00a0 viabilizar os trabalhos de novos autores de forma acess\u00edvel.<\/p>\n<p class=\"x_MsoNormal\" style=\"text-align: justify;\">Um livro para as mulheres, m\u00e3es, futuras m\u00e3es,\u00a0 que n\u00e3o querem ser m\u00e3es, e todos ao seu redor. Sim, todos podem ler \u2018Espinhos Camuflados\u2019!<\/p>\n<p class=\"x_MsoNormal\" style=\"text-align: justify;\">Para garantir o livro, basta pesquisar no site da Editora, ou acessar o link de compra dispon\u00edvel na bio do Instagram da autora: @maydillanayane<\/p>\n<p class=\"x_MsoNormal\" style=\"text-align: justify;\" aria-hidden=\"true\">\n<p class=\"x_MsoNormal\" style=\"text-align: justify;\">SOBRE A AUTORA<\/p>\n<p class=\"x_MsoNormal\" style=\"text-align: justify;\">Maydilla Santos \u00e9 mulher, baiana, nordestina, nasceu e reside atualmente em Juazeiro-BA, na regi\u00e3o do Vale do S\u00e3o Francisco. \u00c9 jornalista, formada pela Universidade do Estado da Bahia (UNEB), atua como cerimonialista e \u00e9 t\u00e9cnica em enfermagem. Foi atuando na \u00e1rea da sa\u00fade que a necessidade de se pesquisar sobre depress\u00e3o pr\u00e9-parto surgiu, e atrav\u00e9s das suas viv\u00eancias pessoais decidiu se aprofundar no tema, e fazer dele o seu trabalho de conclus\u00e3o de curso (TCC), que teve como produto final, o seu primeiro livro reportagem: Espinhos camuflados.<\/p>\n<p class=\"x_MsoNormal\" style=\"text-align: justify;\">Telefone para contato: (74) 98836-9280<\/p>\n","protected":false},"excerpt":{"rendered":"<p>A obra conta a hist\u00f3ria de mulheres juazeirenses que vivenciaram a depress\u00e3o gestacional. Maria Flor, desde a inf\u00e2ncia, se sentia abandonada; Esmeralda desmoronou depois que perdeu seu pai; Rute gritou o seu sofrimento e foi silenciada. Muita coisa aconteceu na vida dessas mulheres, e atrav\u00e9s do relato delas, hist\u00f3rias incr\u00edveis e reais foram narradas. O [&hellip;]<\/p>\n","protected":false},"author":1,"featured_media":62824,"comment_status":"closed","ping_status":"open","sticky":false,"template":"","format":"standard","meta":{"_uag_custom_page_level_css":"","_monsterinsights_skip_tracking":false,"_monsterinsights_sitenote_active":false,"_monsterinsights_sitenote_note":"","_monsterinsights_sitenote_category":0,"jetpack_post_was_ever_published":false,"_jetpack_newsletter_access":"","_jetpack_dont_email_post_to_subs":false,"_jetpack_newsletter_tier_id":0,"_jetpack_memberships_contains_paywalled_content":false,"_jetpack_memberships_contains_paid_content":false,"footnotes":"","jetpack_publicize_message":"","jetpack_publicize_feature_enabled":true,"jetpack_social_post_already_shared":true,"jetpack_social_options":{"image_generator_settings":{"template":"highway","default_image_id":0,"font":"","enabled":false},"version":2}},"categories":[203],"tags":[134,4688,815],"class_list":["post-62823","post","type-post","status-publish","format-standard","has-post-thumbnail","hentry","category-juazeiro","tag-cultura","tag-gestacao","tag-saude-publica"],"jetpack_publicize_connections":[],"jetpack_featured_media_url":"https:\/\/blogopara.com.br\/wp-content\/uploads\/2024\/03\/WhatsApp-Image-2024-03-08-at-14.43.09.jpeg","uagb_featured_image_src":{"full":["https:\/\/blogopara.com.br\/wp-content\/uploads\/2024\/03\/WhatsApp-Image-2024-03-08-at-14.43.09.jpeg",500,500,false],"thumbnail":["https:\/\/blogopara.com.br\/wp-content\/uploads\/2024\/03\/WhatsApp-Image-2024-03-08-at-14.43.09-150x150.jpeg",150,150,true],"medium":["https:\/\/blogopara.com.br\/wp-content\/uploads\/2024\/03\/WhatsApp-Image-2024-03-08-at-14.43.09-300x300.jpeg",300,300,true],"medium_large":["https:\/\/blogopara.com.br\/wp-content\/uploads\/2024\/03\/WhatsApp-Image-2024-03-08-at-14.43.09.jpeg",500,500,false],"large":["https:\/\/blogopara.com.br\/wp-content\/uploads\/2024\/03\/WhatsApp-Image-2024-03-08-at-14.43.09.jpeg",500,500,false],"1536x1536":["https:\/\/blogopara.com.br\/wp-content\/uploads\/2024\/03\/WhatsApp-Image-2024-03-08-at-14.43.09.jpeg",500,500,false],"2048x2048":["https:\/\/blogopara.com.br\/wp-content\/uploads\/2024\/03\/WhatsApp-Image-2024-03-08-at-14.43.09.jpeg",500,500,false],"mantranews-slider-large":["https:\/\/blogopara.com.br\/wp-content\/uploads\/2024\/03\/WhatsApp-Image-2024-03-08-at-14.43.09.jpeg",500,500,false],"mantranews-featured-medium":["https:\/\/blogopara.com.br\/wp-content\/uploads\/2024\/03\/WhatsApp-Image-2024-03-08-at-14.43.09-420x307.jpeg",420,307,true],"mantranews-featured-long":["https:\/\/blogopara.com.br\/wp-content\/uploads\/2024\/03\/WhatsApp-Image-2024-03-08-at-14.43.09-300x443.jpeg",300,443,true],"mantranews-block-medium":["https:\/\/blogopara.com.br\/wp-content\/uploads\/2024\/03\/WhatsApp-Image-2024-03-08-at-14.43.09-464x290.jpeg",464,290,true],"mantranews-carousel-image":["https:\/\/blogopara.com.br\/wp-content\/uploads\/2024\/03\/WhatsApp-Image-2024-03-08-at-14.43.09.jpeg",500,500,false],"mantranews-block-thumb":["https:\/\/blogopara.com.br\/wp-content\/uploads\/2024\/03\/WhatsApp-Image-2024-03-08-at-14.43.09-322x230.jpeg",322,230,true],"mantranews-single-large":["https:\/\/blogopara.com.br\/wp-content\/uploads\/2024\/03\/WhatsApp-Image-2024-03-08-at-14.43.09.jpeg",500,500,false]},"uagb_author_info":{"display_name":"Reda\u00e7\u00e3o geral","author_link":"https:\/\/blogopara.com.br\/index.php\/author\/blogopara"},"uagb_comment_info":0,"uagb_excerpt":"A obra conta a hist\u00f3ria de mulheres juazeirenses que vivenciaram a depress\u00e3o gestacional. Maria Flor, desde a inf\u00e2ncia, se sentia abandonada; Esmeralda desmoronou depois que perdeu seu pai; Rute gritou o seu sofrimento e foi silenciada. Muita coisa aconteceu na vida dessas mulheres, e atrav\u00e9s do relato delas, hist\u00f3rias incr\u00edveis e reais foram narradas. O&hellip;","jetpack_sharing_enabled":true,"jetpack_likes_enabled":true,"_links":{"self":[{"href":"https:\/\/blogopara.com.br\/index.php\/wp-json\/wp\/v2\/posts\/62823","targetHints":{"allow":["GET"]}}],"collection":[{"href":"https:\/\/blogopara.com.br\/index.php\/wp-json\/wp\/v2\/posts"}],"about":[{"href":"https:\/\/blogopara.com.br\/index.php\/wp-json\/wp\/v2\/types\/post"}],"author":[{"embeddable":true,"href":"https:\/\/blogopara.com.br\/index.php\/wp-json\/wp\/v2\/users\/1"}],"replies":[{"embeddable":true,"href":"https:\/\/blogopara.com.br\/index.php\/wp-json\/wp\/v2\/comments?post=62823"}],"version-history":[{"count":1,"href":"https:\/\/blogopara.com.br\/index.php\/wp-json\/wp\/v2\/posts\/62823\/revisions"}],"predecessor-version":[{"id":62825,"href":"https:\/\/blogopara.com.br\/index.php\/wp-json\/wp\/v2\/posts\/62823\/revisions\/62825"}],"wp:featuredmedia":[{"embeddable":true,"href":"https:\/\/blogopara.com.br\/index.php\/wp-json\/wp\/v2\/media\/62824"}],"wp:attachment":[{"href":"https:\/\/blogopara.com.br\/index.php\/wp-json\/wp\/v2\/media?parent=62823"}],"wp:term":[{"taxonomy":"category","embeddable":true,"href":"https:\/\/blogopara.com.br\/index.php\/wp-json\/wp\/v2\/categories?post=62823"},{"taxonomy":"post_tag","embeddable":true,"href":"https:\/\/blogopara.com.br\/index.php\/wp-json\/wp\/v2\/tags?post=62823"}],"curies":[{"name":"wp","href":"https:\/\/api.w.org\/{rel}","templated":true}]}}