{"id":62826,"date":"2024-03-08T14:47:38","date_gmt":"2024-03-08T17:47:38","guid":{"rendered":"https:\/\/blogopara.com.br\/?p=62826"},"modified":"2024-03-08T14:47:41","modified_gmt":"2024-03-08T17:47:41","slug":"preocupada-com-os-transtornos-das-obras-da-travessia-urbana-prefeita-suzana-ramos-cobra-solucoes-ao-dnit","status":"publish","type":"post","link":"https:\/\/blogopara.com.br\/index.php\/2024\/03\/08\/preocupada-com-os-transtornos-das-obras-da-travessia-urbana-prefeita-suzana-ramos-cobra-solucoes-ao-dnit","title":{"rendered":"Preocupada com os transtornos das obras da Travessia Urbana, prefeita Suzana Ramos cobra solu\u00e7\u00f5es ao DNIT"},"content":{"rendered":"<p class=\"x_MsoNormal\" style=\"text-align: justify;\">A prefeita Suzana Ramos participou, na manh\u00e3 desta sexta-feira (8), de uma reuni\u00e3o com o corpo t\u00e9cnico do Departamento Nacional de Infraestrutura de Transportes (DNIT), onde cobrou do \u00f3rg\u00e3o, solu\u00e7\u00f5es para minimizar os impactos causados pelas obras da Travessia Urbana, como pontos de alagamentos, servi\u00e7os de tapa-buracos, ilumina\u00e7\u00e3o e outros transtornos que a obra causa e se colocou \u00e0 disposi\u00e7\u00e3o, mais uma vez, para a celeridade de uma das maiores obras de infraestrutura do munic\u00edpio.<\/p>\n<p class=\"x_MsoNormal\" style=\"text-align: justify;\">\u201cTivemos uma reuni\u00e3o muito produtiva com os \u00f3rg\u00e3os da prefeitura e o DNIT para buscar solu\u00e7\u00f5es em minimizar os impactos causados pelas obras. Esta \u00e9 uma obra que tem o objetivo de elevar Juazeiro ao topo do desenvolvimento e que n\u00e3o pode deixar os juazeirenses passarem por grandes transtornos. Sabemos que a obra traz transtorno, mas estamos em busca de solucionar os problemas ocasionados pelas obras, pois a popula\u00e7\u00e3o n\u00e3o pode ficar prejudicada. Desde que assumi a gest\u00e3o municipal, tenho me empenhado nesta obra e agora acompanho cada passo e coloquei equipe da prefeitura \u00e0 disposi\u00e7\u00e3o da a celeridade dela\u201d, disse a prefeita Suzana Ramos.<\/p>\n<p class=\"x_MsoNormal\" style=\"text-align: justify;\">O fiscal do DNIT, Andr\u00e9 Ramos, pontuou produtiva a reuni\u00e3o. \u201cUma reuni\u00e3o produtiva e t\u00e9cnica para garantir a seguran\u00e7a dos condutores de ve\u00edculos e pedestres, onde a prefeita nos trouxe demandas para minimizar os impactos que a obra traz\u201d, pontuou o fiscal do DNIT, Andr\u00e9 Ramos.<\/p>\n<p class=\"x_MsoNormal\" style=\"text-align: justify;\">Participaram da audi\u00eancia, o secret\u00e1rio de Meio Ambiente e Ordenamento Urbano (Semaurb), Isl\u00e9dio Bandeira, o diretor-presidente do Servi\u00e7o Ambiental de \u00c1gua e Esgoto (SAAE), Anderson Freire, a chefe de gabinete, Fernanda Barros, e o diretor-presidente da Autarquia Municipal de Tr\u00e2nsito e Transporte (AMTT), Ten\u00f3rio Filho.<\/p>\n<p class=\"x_MsoNormal\" style=\"text-align: justify;\"><b>A obra<\/b><\/p>\n<p class=\"x_MsoNormal\" style=\"text-align: justify;\">Ao assumir a Prefeitura em janeiro de 2021, a prefeita Suzana Ramos foi \u00e0 Bras\u00edlia com o objetivo de destravar a importante obra que estava impedida de receber recursos p\u00fablicos. Com o apoio do deputado federal, Adolfo Viana, que colocou uma emenda de R$ 2 milh\u00f5es, foi poss\u00edvel refazer o projeto, corrigindo as irregularidades e deixando apto para ser pago com recursos federais. Suzana Ramos tamb\u00e9m pleiteou e articulou para que a licita\u00e7\u00e3o fosse realizada e conquistou R$ 53 milh\u00f5es no or\u00e7amento deste ano para o in\u00edcio das obras, conquista que tamb\u00e9m contou com a participa\u00e7\u00e3o do deputado estadual Jord\u00e1vio Ramos.<\/p>\n<p class=\"x_MsoNormal\" style=\"text-align: justify;\">A obra possui um or\u00e7amento de mais de R$ 180 milh\u00f5es e \u00e9 realizada pelo Minist\u00e9rio da Infraestrutura e Departamento Nacional de Infraestrutura de Transportes (DNIT). O projeto da Travessia Urbana prev\u00ea a duplica\u00e7\u00e3o da \u00e1rea urbana da BR-407, no trecho entre a rotat\u00f3ria do Mercado do Produtor de Juazeiro at\u00e9 a Ponte Presidente Dutra, com amplia\u00e7\u00e3o das faixas de rolamento, al\u00e9m da constru\u00e7\u00e3o de cinco viadutos, sendo eles: na sa\u00edda da ponte, nas proximidades do supermercado Assa\u00ed, na antiga rotat\u00f3ria da Lagoa de Cal\u00fa, nas proximidades do Mercado do Produtor e outro na BA-210, e al\u00e7as de acesso e alargamento de todo trecho da BR-235, entre outras melhorias.<\/p>\n<p class=\"x_MsoNormal\" style=\"text-align: justify;\">\n<p class=\"x_MsoNormal\" style=\"text-align: justify;\">Texto: Lucas Lima &#8211; Ascom\/PMJ<\/p>\n<p class=\"x_MsoNormal\" style=\"text-align: justify;\">Fotos: Ayrton Latapiat\/PMJ<\/p>\n","protected":false},"excerpt":{"rendered":"<p>A prefeita Suzana Ramos participou, na manh\u00e3 desta sexta-feira (8), de uma reuni\u00e3o com o corpo t\u00e9cnico do Departamento Nacional de Infraestrutura de Transportes (DNIT), onde cobrou do \u00f3rg\u00e3o, solu\u00e7\u00f5es para minimizar os impactos causados pelas obras da Travessia Urbana, como pontos de alagamentos, servi\u00e7os de tapa-buracos, ilumina\u00e7\u00e3o e outros transtornos que a obra causa [&hellip;]<\/p>\n","protected":false},"author":1,"featured_media":62827,"comment_status":"closed","ping_status":"open","sticky":false,"template":"","format":"standard","meta":{"_uag_custom_page_level_css":"","_monsterinsights_skip_tracking":false,"_monsterinsights_sitenote_active":false,"_monsterinsights_sitenote_note":"","_monsterinsights_sitenote_category":0,"jetpack_post_was_ever_published":false,"_jetpack_newsletter_access":"","_jetpack_dont_email_post_to_subs":false,"_jetpack_newsletter_tier_id":0,"_jetpack_memberships_contains_paywalled_content":false,"_jetpack_memberships_contains_paid_content":false,"footnotes":"","jetpack_publicize_message":"","jetpack_publicize_feature_enabled":true,"jetpack_social_post_already_shared":true,"jetpack_social_options":{"image_generator_settings":{"template":"highway","default_image_id":0,"font":"","enabled":false},"version":2}},"categories":[203],"tags":[1508],"class_list":["post-62826","post","type-post","status-publish","format-standard","has-post-thumbnail","hentry","category-juazeiro","tag-suzana-ramos"],"jetpack_publicize_connections":[],"jetpack_featured_media_url":"https:\/\/blogopara.com.br\/wp-content\/uploads\/2024\/03\/thumbnail_WhatsApp-Image-2024-03-08-at-12.21.07-1.jpg","uagb_featured_image_src":{"full":["https:\/\/blogopara.com.br\/wp-content\/uploads\/2024\/03\/thumbnail_WhatsApp-Image-2024-03-08-at-12.21.07-1.jpg",500,311,false],"thumbnail":["https:\/\/blogopara.com.br\/wp-content\/uploads\/2024\/03\/thumbnail_WhatsApp-Image-2024-03-08-at-12.21.07-1-150x150.jpg",150,150,true],"medium":["https:\/\/blogopara.com.br\/wp-content\/uploads\/2024\/03\/thumbnail_WhatsApp-Image-2024-03-08-at-12.21.07-1-300x187.jpg",300,187,true],"medium_large":["https:\/\/blogopara.com.br\/wp-content\/uploads\/2024\/03\/thumbnail_WhatsApp-Image-2024-03-08-at-12.21.07-1.jpg",500,311,false],"large":["https:\/\/blogopara.com.br\/wp-content\/uploads\/2024\/03\/thumbnail_WhatsApp-Image-2024-03-08-at-12.21.07-1.jpg",500,311,false],"1536x1536":["https:\/\/blogopara.com.br\/wp-content\/uploads\/2024\/03\/thumbnail_WhatsApp-Image-2024-03-08-at-12.21.07-1.jpg",500,311,false],"2048x2048":["https:\/\/blogopara.com.br\/wp-content\/uploads\/2024\/03\/thumbnail_WhatsApp-Image-2024-03-08-at-12.21.07-1.jpg",500,311,false],"mantranews-slider-large":["https:\/\/blogopara.com.br\/wp-content\/uploads\/2024\/03\/thumbnail_WhatsApp-Image-2024-03-08-at-12.21.07-1.jpg",500,311,false],"mantranews-featured-medium":["https:\/\/blogopara.com.br\/wp-content\/uploads\/2024\/03\/thumbnail_WhatsApp-Image-2024-03-08-at-12.21.07-1-420x307.jpg",420,307,true],"mantranews-featured-long":["https:\/\/blogopara.com.br\/wp-content\/uploads\/2024\/03\/thumbnail_WhatsApp-Image-2024-03-08-at-12.21.07-1-300x311.jpg",300,311,true],"mantranews-block-medium":["https:\/\/blogopara.com.br\/wp-content\/uploads\/2024\/03\/thumbnail_WhatsApp-Image-2024-03-08-at-12.21.07-1-464x290.jpg",464,290,true],"mantranews-carousel-image":["https:\/\/blogopara.com.br\/wp-content\/uploads\/2024\/03\/thumbnail_WhatsApp-Image-2024-03-08-at-12.21.07-1.jpg",500,311,false],"mantranews-block-thumb":["https:\/\/blogopara.com.br\/wp-content\/uploads\/2024\/03\/thumbnail_WhatsApp-Image-2024-03-08-at-12.21.07-1-322x230.jpg",322,230,true],"mantranews-single-large":["https:\/\/blogopara.com.br\/wp-content\/uploads\/2024\/03\/thumbnail_WhatsApp-Image-2024-03-08-at-12.21.07-1.jpg",500,311,false]},"uagb_author_info":{"display_name":"Reda\u00e7\u00e3o geral","author_link":"https:\/\/blogopara.com.br\/index.php\/author\/blogopara"},"uagb_comment_info":0,"uagb_excerpt":"A prefeita Suzana Ramos participou, na manh\u00e3 desta sexta-feira (8), de uma reuni\u00e3o com o corpo t\u00e9cnico do Departamento Nacional de Infraestrutura de Transportes (DNIT), onde cobrou do \u00f3rg\u00e3o, solu\u00e7\u00f5es para minimizar os impactos causados pelas obras da Travessia Urbana, como pontos de alagamentos, servi\u00e7os de tapa-buracos, ilumina\u00e7\u00e3o e outros transtornos que a obra causa&hellip;","jetpack_sharing_enabled":true,"jetpack_likes_enabled":true,"_links":{"self":[{"href":"https:\/\/blogopara.com.br\/index.php\/wp-json\/wp\/v2\/posts\/62826","targetHints":{"allow":["GET"]}}],"collection":[{"href":"https:\/\/blogopara.com.br\/index.php\/wp-json\/wp\/v2\/posts"}],"about":[{"href":"https:\/\/blogopara.com.br\/index.php\/wp-json\/wp\/v2\/types\/post"}],"author":[{"embeddable":true,"href":"https:\/\/blogopara.com.br\/index.php\/wp-json\/wp\/v2\/users\/1"}],"replies":[{"embeddable":true,"href":"https:\/\/blogopara.com.br\/index.php\/wp-json\/wp\/v2\/comments?post=62826"}],"version-history":[{"count":1,"href":"https:\/\/blogopara.com.br\/index.php\/wp-json\/wp\/v2\/posts\/62826\/revisions"}],"predecessor-version":[{"id":62828,"href":"https:\/\/blogopara.com.br\/index.php\/wp-json\/wp\/v2\/posts\/62826\/revisions\/62828"}],"wp:featuredmedia":[{"embeddable":true,"href":"https:\/\/blogopara.com.br\/index.php\/wp-json\/wp\/v2\/media\/62827"}],"wp:attachment":[{"href":"https:\/\/blogopara.com.br\/index.php\/wp-json\/wp\/v2\/media?parent=62826"}],"wp:term":[{"taxonomy":"category","embeddable":true,"href":"https:\/\/blogopara.com.br\/index.php\/wp-json\/wp\/v2\/categories?post=62826"},{"taxonomy":"post_tag","embeddable":true,"href":"https:\/\/blogopara.com.br\/index.php\/wp-json\/wp\/v2\/tags?post=62826"}],"curies":[{"name":"wp","href":"https:\/\/api.w.org\/{rel}","templated":true}]}}