{"id":62835,"date":"2024-03-09T15:14:00","date_gmt":"2024-03-09T18:14:00","guid":{"rendered":"https:\/\/blogopara.com.br\/?p=62835"},"modified":"2024-03-08T15:29:35","modified_gmt":"2024-03-08T18:29:35","slug":"procon-fiscaliza-comercializacao-de-repelentes-em-juazeiro-e-divulga-tabela-de-preco-do-produto","status":"publish","type":"post","link":"https:\/\/blogopara.com.br\/index.php\/2024\/03\/09\/procon-fiscaliza-comercializacao-de-repelentes-em-juazeiro-e-divulga-tabela-de-preco-do-produto","title":{"rendered":"Procon fiscaliza comercializa\u00e7\u00e3o de repelentes em Juazeiro e divulga tabela de pre\u00e7o do produto"},"content":{"rendered":"<p dir=\"ltr\" style=\"text-align: justify;\">Diante do aumento dos casos de dengue no Estado e da alta procura de repelentes, a equipe do Procon de Juazeiro, \u00f3rg\u00e3o vinculado \u00e0 Procuradoria Geral do Munic\u00edpio (PGM), da Prefeitura, intensificou a fiscaliza\u00e7\u00e3o de pre\u00e7os de repelentes em farm\u00e1cias e supermercados do munic\u00edpio. A a\u00e7\u00e3o visa verificar se houve aumento abusivo nos pre\u00e7os do produto, em decorr\u00eancia da alta procura.<br aria-hidden=\"true\" \/><br aria-hidden=\"true\" \/>Durante a opera\u00e7\u00e3o realizada nesta quinta-feira (7), 12 estabelecimentos foram visitados pela equipe do Procon, sendo 8 farm\u00e1cias e 4 supermercados. Em 5 estabelecimentos, os repelentes estavam em falta. Nos demais, foram solicitadas as notas fiscais dos \u00faltimos tr\u00eas meses para compara\u00e7\u00e3o de valores e an\u00e1lise de poss\u00edveis aumentos abusivos. A lista completa de repelentes e pre\u00e7os est\u00e1 em anexo.<br aria-hidden=\"true\" \/><br aria-hidden=\"true\" \/>\u201cSempre realizamos esse tipo de a\u00e7\u00e3o, pois entendemos que este ato, al\u00e9m de divulgar para o consumidor os pre\u00e7os ofertados pelos estabelecimentos, fomenta a competitividade do mercado, al\u00e9m de tentar inibir que os fornecedores pratiquem t\u00e1ticas abusivas nesse momento de calamidade p\u00fablica, tentando evitar o aumento excessivo dos pre\u00e7os dos produtos\u201d, disse o coordenador do Procon, Carlos Mac\u00eado.<br aria-hidden=\"true\" \/><br aria-hidden=\"true\" \/>Dona Jucialda Souza comprava um repelente em uma das lojas visitadas pelo Procon e comentou sobre a import\u00e2ncia da fiscaliza\u00e7\u00e3o do \u00f3rg\u00e3o. \u201cA procura por repelente est\u00e1 muito grande, principalmente por causa do aumento dos casos de dengue. Isso fez com que o pre\u00e7o subisse bastante e em alguns lugares est\u00e1 at\u00e9 dif\u00edcil de encontrar. \u00c9 importante que o Procon esteja atento a isso para que os consumidores n\u00e3o sejam prejudicados\u201d, afirmou.<br aria-hidden=\"true\" \/><br aria-hidden=\"true\" \/><b>Den\u00fancia<\/b><br aria-hidden=\"true\" \/><br aria-hidden=\"true\" \/>A popula\u00e7\u00e3o tamb\u00e9m pode ajudar na fiscaliza\u00e7\u00e3o. O consumidor que presenciar aumento abusivo no pre\u00e7o de repelentes pode denunciar o fato ao Procon. Para isso, \u00e9 necess\u00e1rio ter em m\u00e3os a nota fiscal do produto. O Procon Juazeiro est\u00e1 localizado na Rua Minas Gerais, n\u00ba 46, 4\u00ba andar, Edif\u00edcio Centro M\u00e9dico e Empresarial Renato Cerqueira, bairro Santo Ant\u00f4nio, vizinho \u00e0 Galeria Rio Fitness. Para tirar d\u00favidas ou registrar den\u00fancias, o consumidor pode comparecer \u00e0 sede do Procon Juazeiro ou ligar para o telefone (74) 3611-0109.<\/p>\n<p dir=\"ltr\" style=\"text-align: justify;\">\u2013<br aria-hidden=\"true\" \/>Texto e fotos: Gabriel Filliph &#8211; Ascom PMJ<\/p>\n","protected":false},"excerpt":{"rendered":"<p>Diante do aumento dos casos de dengue no Estado e da alta procura de repelentes, a equipe do Procon de Juazeiro, \u00f3rg\u00e3o vinculado \u00e0 Procuradoria Geral do Munic\u00edpio (PGM), da Prefeitura, intensificou a fiscaliza\u00e7\u00e3o de pre\u00e7os de repelentes em farm\u00e1cias e supermercados do munic\u00edpio. A a\u00e7\u00e3o visa verificar se houve aumento abusivo nos pre\u00e7os do [&hellip;]<\/p>\n","protected":false},"author":1,"featured_media":62836,"comment_status":"closed","ping_status":"open","sticky":false,"template":"","format":"standard","meta":{"_uag_custom_page_level_css":"","_monsterinsights_skip_tracking":false,"_monsterinsights_sitenote_active":false,"_monsterinsights_sitenote_note":"","_monsterinsights_sitenote_category":0,"jetpack_post_was_ever_published":false,"_jetpack_newsletter_access":"","_jetpack_dont_email_post_to_subs":false,"_jetpack_newsletter_tier_id":0,"_jetpack_memberships_contains_paywalled_content":false,"_jetpack_memberships_contains_paid_content":false,"footnotes":"","jetpack_publicize_message":"","jetpack_publicize_feature_enabled":true,"jetpack_social_post_already_shared":true,"jetpack_social_options":{"image_generator_settings":{"template":"highway","default_image_id":0,"font":"","enabled":false},"version":2}},"categories":[203],"tags":[],"class_list":["post-62835","post","type-post","status-publish","format-standard","has-post-thumbnail","hentry","category-juazeiro"],"jetpack_publicize_connections":[],"jetpack_featured_media_url":"https:\/\/blogopara.com.br\/wp-content\/uploads\/2024\/03\/thumbnail_Procon-fiscaliza-precos-de-repelentes-nos-comercios-de-Juazeiro-5.jpg","uagb_featured_image_src":{"full":["https:\/\/blogopara.com.br\/wp-content\/uploads\/2024\/03\/thumbnail_Procon-fiscaliza-precos-de-repelentes-nos-comercios-de-Juazeiro-5.jpg",500,375,false],"thumbnail":["https:\/\/blogopara.com.br\/wp-content\/uploads\/2024\/03\/thumbnail_Procon-fiscaliza-precos-de-repelentes-nos-comercios-de-Juazeiro-5-150x150.jpg",150,150,true],"medium":["https:\/\/blogopara.com.br\/wp-content\/uploads\/2024\/03\/thumbnail_Procon-fiscaliza-precos-de-repelentes-nos-comercios-de-Juazeiro-5-300x225.jpg",300,225,true],"medium_large":["https:\/\/blogopara.com.br\/wp-content\/uploads\/2024\/03\/thumbnail_Procon-fiscaliza-precos-de-repelentes-nos-comercios-de-Juazeiro-5.jpg",500,375,false],"large":["https:\/\/blogopara.com.br\/wp-content\/uploads\/2024\/03\/thumbnail_Procon-fiscaliza-precos-de-repelentes-nos-comercios-de-Juazeiro-5.jpg",500,375,false],"1536x1536":["https:\/\/blogopara.com.br\/wp-content\/uploads\/2024\/03\/thumbnail_Procon-fiscaliza-precos-de-repelentes-nos-comercios-de-Juazeiro-5.jpg",500,375,false],"2048x2048":["https:\/\/blogopara.com.br\/wp-content\/uploads\/2024\/03\/thumbnail_Procon-fiscaliza-precos-de-repelentes-nos-comercios-de-Juazeiro-5.jpg",500,375,false],"mantranews-slider-large":["https:\/\/blogopara.com.br\/wp-content\/uploads\/2024\/03\/thumbnail_Procon-fiscaliza-precos-de-repelentes-nos-comercios-de-Juazeiro-5.jpg",500,375,false],"mantranews-featured-medium":["https:\/\/blogopara.com.br\/wp-content\/uploads\/2024\/03\/thumbnail_Procon-fiscaliza-precos-de-repelentes-nos-comercios-de-Juazeiro-5-420x307.jpg",420,307,true],"mantranews-featured-long":["https:\/\/blogopara.com.br\/wp-content\/uploads\/2024\/03\/thumbnail_Procon-fiscaliza-precos-de-repelentes-nos-comercios-de-Juazeiro-5-300x375.jpg",300,375,true],"mantranews-block-medium":["https:\/\/blogopara.com.br\/wp-content\/uploads\/2024\/03\/thumbnail_Procon-fiscaliza-precos-de-repelentes-nos-comercios-de-Juazeiro-5-464x290.jpg",464,290,true],"mantranews-carousel-image":["https:\/\/blogopara.com.br\/wp-content\/uploads\/2024\/03\/thumbnail_Procon-fiscaliza-precos-de-repelentes-nos-comercios-de-Juazeiro-5.jpg",500,375,false],"mantranews-block-thumb":["https:\/\/blogopara.com.br\/wp-content\/uploads\/2024\/03\/thumbnail_Procon-fiscaliza-precos-de-repelentes-nos-comercios-de-Juazeiro-5-322x230.jpg",322,230,true],"mantranews-single-large":["https:\/\/blogopara.com.br\/wp-content\/uploads\/2024\/03\/thumbnail_Procon-fiscaliza-precos-de-repelentes-nos-comercios-de-Juazeiro-5.jpg",500,375,false]},"uagb_author_info":{"display_name":"Reda\u00e7\u00e3o geral","author_link":"https:\/\/blogopara.com.br\/index.php\/author\/blogopara"},"uagb_comment_info":0,"uagb_excerpt":"Diante do aumento dos casos de dengue no Estado e da alta procura de repelentes, a equipe do Procon de Juazeiro, \u00f3rg\u00e3o vinculado \u00e0 Procuradoria Geral do Munic\u00edpio (PGM), da Prefeitura, intensificou a fiscaliza\u00e7\u00e3o de pre\u00e7os de repelentes em farm\u00e1cias e supermercados do munic\u00edpio. A a\u00e7\u00e3o visa verificar se houve aumento abusivo nos pre\u00e7os do&hellip;","jetpack_sharing_enabled":true,"jetpack_likes_enabled":true,"_links":{"self":[{"href":"https:\/\/blogopara.com.br\/index.php\/wp-json\/wp\/v2\/posts\/62835","targetHints":{"allow":["GET"]}}],"collection":[{"href":"https:\/\/blogopara.com.br\/index.php\/wp-json\/wp\/v2\/posts"}],"about":[{"href":"https:\/\/blogopara.com.br\/index.php\/wp-json\/wp\/v2\/types\/post"}],"author":[{"embeddable":true,"href":"https:\/\/blogopara.com.br\/index.php\/wp-json\/wp\/v2\/users\/1"}],"replies":[{"embeddable":true,"href":"https:\/\/blogopara.com.br\/index.php\/wp-json\/wp\/v2\/comments?post=62835"}],"version-history":[{"count":1,"href":"https:\/\/blogopara.com.br\/index.php\/wp-json\/wp\/v2\/posts\/62835\/revisions"}],"predecessor-version":[{"id":62837,"href":"https:\/\/blogopara.com.br\/index.php\/wp-json\/wp\/v2\/posts\/62835\/revisions\/62837"}],"wp:featuredmedia":[{"embeddable":true,"href":"https:\/\/blogopara.com.br\/index.php\/wp-json\/wp\/v2\/media\/62836"}],"wp:attachment":[{"href":"https:\/\/blogopara.com.br\/index.php\/wp-json\/wp\/v2\/media?parent=62835"}],"wp:term":[{"taxonomy":"category","embeddable":true,"href":"https:\/\/blogopara.com.br\/index.php\/wp-json\/wp\/v2\/categories?post=62835"},{"taxonomy":"post_tag","embeddable":true,"href":"https:\/\/blogopara.com.br\/index.php\/wp-json\/wp\/v2\/tags?post=62835"}],"curies":[{"name":"wp","href":"https:\/\/api.w.org\/{rel}","templated":true}]}}