{"id":62840,"date":"2024-03-08T16:30:40","date_gmt":"2024-03-08T19:30:40","guid":{"rendered":"https:\/\/blogopara.com.br\/?p=62840"},"modified":"2024-03-08T16:30:43","modified_gmt":"2024-03-08T19:30:43","slug":"stjd-marca-julgamento-do-caso-de-ataque-ao-onibus-do-fortaleza-sport-se-diz-confiante-para-reverter-pena","status":"publish","type":"post","link":"https:\/\/blogopara.com.br\/index.php\/2024\/03\/08\/stjd-marca-julgamento-do-caso-de-ataque-ao-onibus-do-fortaleza-sport-se-diz-confiante-para-reverter-pena","title":{"rendered":"STJD marca julgamento do caso de ataque ao \u00f4nibus do Fortaleza; Sport se diz confiante para reverter pena"},"content":{"rendered":"<p style=\"text-align: justify;\">O Superior Tribunal de Justi\u00e7a Desportiva (STJD) agendou para a pr\u00f3xima ter\u00e7a-feira (12), o julgamento do caso de ataque ao \u00f4nibus do Fortaleza, no \u00faltimo dia 21, por parte de uma uniformizada do Sport, ap\u00f3s a partida entre os times pela Copa do Nordeste. Na oportunidade, o \u00f3rg\u00e3o tomar\u00e1 uma decis\u00e3o definitiva sobre o tema.<\/p>\n<p style=\"text-align: justify;\">Vale lembrar, no entanto, que o Sport j\u00e1 cumpre de forma preventiva uma puni\u00e7\u00e3o imposta pelo Tribunal do Futebol. Dois dias ap\u00f3s o ocorrido, o presidente do STJD, Jos\u00e9 Perdiz, deferiu um pedido da Procuradoria, impondo ao Rubro-negro atuar com os port\u00f5es fechados quando mandante, e sem a presen\u00e7a de torcida na condi\u00e7\u00e3o de visitante. A medida \u00e9 v\u00e1lida apenas para competi\u00e7\u00f5es organizadas pela CBF.<\/p>\n<p style=\"text-align: justify;\">\u00c0 Folha de Pernambuco, o vice-presidente jur\u00eddico do Sport, Rodrigo Guedes, afirmou que o clube est\u00e1 confiante em reverter a puni\u00e7\u00e3o. \u201cO clube confia muito nas institui\u00e7\u00f5es e est\u00e1 confiante que iremos conseguir atenuar essa grave situa\u00e7\u00e3o\u201d, declarou o advogado.<\/p>\n<p style=\"text-align: justify;\">O Superior Tribunal de Justi\u00e7a Desportiva (STJD) agendou para a pr\u00f3xima ter\u00e7a-feira (12), o julgamento do caso de ataque ao \u00f4nibus do Fortaleza, no \u00faltimo dia 21, por parte de uma uniformizada do Sport, ap\u00f3s a partida entre os times pela Copa do Nordeste. Na oportunidade, o \u00f3rg\u00e3o tomar\u00e1 uma decis\u00e3o definitiva sobre o tema.<\/p>\n<p style=\"text-align: justify;\">Vale lembrar, no entanto, que o Sport j\u00e1 cumpre de forma preventiva uma puni\u00e7\u00e3o imposta pelo Tribunal do Futebol. Dois dias ap\u00f3s o ocorrido, o presidente do STJD, Jos\u00e9 Perdiz, deferiu um pedido da Procuradoria, impondo ao Rubro-negro atuar com os port\u00f5es fechados quando mandante, e sem a presen\u00e7a de torcida na condi\u00e7\u00e3o de visitante. A medida \u00e9 v\u00e1lida apenas para competi\u00e7\u00f5es organizadas pela CBF.<\/p>\n<p style=\"text-align: justify;\">\u00c0 Folha de Pernambuco, o vice-presidente jur\u00eddico do Sport, Rodrigo Guedes, afirmou que o clube est\u00e1 confiante em reverter a puni\u00e7\u00e3o. \u201cO clube confia muito nas institui\u00e7\u00f5es e est\u00e1 confiante que iremos conseguir atenuar essa grave situa\u00e7\u00e3o\u201d, declarou o advogado.<\/p>\n<p style=\"text-align: justify;\">Em caso de revers\u00e3o de pena, o primeiro jogo do Sport com a presen\u00e7a da torcida j\u00e1 poderia ocorrer no dia seguinte ao julgamento. No dia 13, o Le\u00e3o tem duelo decisivo contra o Murici-AL, pela segunda fase da Copa do Brasil.<\/p>\n","protected":false},"excerpt":{"rendered":"<p>O Superior Tribunal de Justi\u00e7a Desportiva (STJD) agendou para a pr\u00f3xima ter\u00e7a-feira (12), o julgamento do caso de ataque ao \u00f4nibus do Fortaleza, no \u00faltimo dia 21, por parte de uma uniformizada do Sport, ap\u00f3s a partida entre os times pela Copa do Nordeste. Na oportunidade, o \u00f3rg\u00e3o tomar\u00e1 uma decis\u00e3o definitiva sobre o tema. [&hellip;]<\/p>\n","protected":false},"author":1,"featured_media":62841,"comment_status":"closed","ping_status":"open","sticky":false,"template":"","format":"standard","meta":{"_uag_custom_page_level_css":"","_monsterinsights_skip_tracking":false,"_monsterinsights_sitenote_active":false,"_monsterinsights_sitenote_note":"","_monsterinsights_sitenote_category":0,"jetpack_post_was_ever_published":false,"_jetpack_newsletter_access":"","_jetpack_dont_email_post_to_subs":false,"_jetpack_newsletter_tier_id":0,"_jetpack_memberships_contains_paywalled_content":false,"_jetpack_memberships_contains_paid_content":false,"footnotes":"","jetpack_publicize_message":"","jetpack_publicize_feature_enabled":true,"jetpack_social_post_already_shared":true,"jetpack_social_options":{"image_generator_settings":{"template":"highway","default_image_id":0,"font":"","enabled":false},"version":2}},"categories":[200],"tags":[35,5927],"class_list":["post-62840","post","type-post","status-publish","format-standard","has-post-thumbnail","hentry","category-brasil","tag-futebol","tag-pernambucano"],"jetpack_publicize_connections":[],"jetpack_featured_media_url":"https:\/\/blogopara.com.br\/wp-content\/uploads\/2024\/03\/marca-750x491-1.jpeg","uagb_featured_image_src":{"full":["https:\/\/blogopara.com.br\/wp-content\/uploads\/2024\/03\/marca-750x491-1.jpeg",500,327,false],"thumbnail":["https:\/\/blogopara.com.br\/wp-content\/uploads\/2024\/03\/marca-750x491-1-150x150.jpeg",150,150,true],"medium":["https:\/\/blogopara.com.br\/wp-content\/uploads\/2024\/03\/marca-750x491-1-300x196.jpeg",300,196,true],"medium_large":["https:\/\/blogopara.com.br\/wp-content\/uploads\/2024\/03\/marca-750x491-1.jpeg",500,327,false],"large":["https:\/\/blogopara.com.br\/wp-content\/uploads\/2024\/03\/marca-750x491-1.jpeg",500,327,false],"1536x1536":["https:\/\/blogopara.com.br\/wp-content\/uploads\/2024\/03\/marca-750x491-1.jpeg",500,327,false],"2048x2048":["https:\/\/blogopara.com.br\/wp-content\/uploads\/2024\/03\/marca-750x491-1.jpeg",500,327,false],"mantranews-slider-large":["https:\/\/blogopara.com.br\/wp-content\/uploads\/2024\/03\/marca-750x491-1.jpeg",500,327,false],"mantranews-featured-medium":["https:\/\/blogopara.com.br\/wp-content\/uploads\/2024\/03\/marca-750x491-1-420x307.jpeg",420,307,true],"mantranews-featured-long":["https:\/\/blogopara.com.br\/wp-content\/uploads\/2024\/03\/marca-750x491-1-300x327.jpeg",300,327,true],"mantranews-block-medium":["https:\/\/blogopara.com.br\/wp-content\/uploads\/2024\/03\/marca-750x491-1-464x290.jpeg",464,290,true],"mantranews-carousel-image":["https:\/\/blogopara.com.br\/wp-content\/uploads\/2024\/03\/marca-750x491-1.jpeg",500,327,false],"mantranews-block-thumb":["https:\/\/blogopara.com.br\/wp-content\/uploads\/2024\/03\/marca-750x491-1-322x230.jpeg",322,230,true],"mantranews-single-large":["https:\/\/blogopara.com.br\/wp-content\/uploads\/2024\/03\/marca-750x491-1.jpeg",500,327,false]},"uagb_author_info":{"display_name":"Reda\u00e7\u00e3o geral","author_link":"https:\/\/blogopara.com.br\/index.php\/author\/blogopara"},"uagb_comment_info":0,"uagb_excerpt":"O Superior Tribunal de Justi\u00e7a Desportiva (STJD) agendou para a pr\u00f3xima ter\u00e7a-feira (12), o julgamento do caso de ataque ao \u00f4nibus do Fortaleza, no \u00faltimo dia 21, por parte de uma uniformizada do Sport, ap\u00f3s a partida entre os times pela Copa do Nordeste. Na oportunidade, o \u00f3rg\u00e3o tomar\u00e1 uma decis\u00e3o definitiva sobre o tema.&hellip;","jetpack_sharing_enabled":true,"jetpack_likes_enabled":true,"_links":{"self":[{"href":"https:\/\/blogopara.com.br\/index.php\/wp-json\/wp\/v2\/posts\/62840","targetHints":{"allow":["GET"]}}],"collection":[{"href":"https:\/\/blogopara.com.br\/index.php\/wp-json\/wp\/v2\/posts"}],"about":[{"href":"https:\/\/blogopara.com.br\/index.php\/wp-json\/wp\/v2\/types\/post"}],"author":[{"embeddable":true,"href":"https:\/\/blogopara.com.br\/index.php\/wp-json\/wp\/v2\/users\/1"}],"replies":[{"embeddable":true,"href":"https:\/\/blogopara.com.br\/index.php\/wp-json\/wp\/v2\/comments?post=62840"}],"version-history":[{"count":1,"href":"https:\/\/blogopara.com.br\/index.php\/wp-json\/wp\/v2\/posts\/62840\/revisions"}],"predecessor-version":[{"id":62842,"href":"https:\/\/blogopara.com.br\/index.php\/wp-json\/wp\/v2\/posts\/62840\/revisions\/62842"}],"wp:featuredmedia":[{"embeddable":true,"href":"https:\/\/blogopara.com.br\/index.php\/wp-json\/wp\/v2\/media\/62841"}],"wp:attachment":[{"href":"https:\/\/blogopara.com.br\/index.php\/wp-json\/wp\/v2\/media?parent=62840"}],"wp:term":[{"taxonomy":"category","embeddable":true,"href":"https:\/\/blogopara.com.br\/index.php\/wp-json\/wp\/v2\/categories?post=62840"},{"taxonomy":"post_tag","embeddable":true,"href":"https:\/\/blogopara.com.br\/index.php\/wp-json\/wp\/v2\/tags?post=62840"}],"curies":[{"name":"wp","href":"https:\/\/api.w.org\/{rel}","templated":true}]}}