{"id":62891,"date":"2024-03-10T18:54:52","date_gmt":"2024-03-10T21:54:52","guid":{"rendered":"https:\/\/blogopara.com.br\/?p=62891"},"modified":"2024-03-10T18:58:54","modified_gmt":"2024-03-10T21:58:54","slug":"prefeitura-de-juazeiro-emite-nota-de-pesar-pelo-falecimento-do-musico-luisao-pereira","status":"publish","type":"post","link":"https:\/\/blogopara.com.br\/index.php\/2024\/03\/10\/prefeitura-de-juazeiro-emite-nota-de-pesar-pelo-falecimento-do-musico-luisao-pereira","title":{"rendered":"Prefeitura de Juazeiro emite nota de pesar pelo falecimento do m\u00fasico Luis\u00e3o Pereira"},"content":{"rendered":"<p style=\"text-align: justify;\">A Prefeitura de Juazeiro, lamenta o falecimento do m\u00fasico juazeirense Lu\u00eds Henrique da Silva Pereira, mais conhecido como Luis\u00e3o Pereira, ressaltando a imensa contribui\u00e7\u00e3o do artista para o cen\u00e1rio cultural de todo o pa\u00eds. O artista faleceu &nbsp;neste domingo (10), em Salvador, em decorr\u00eancia de um c\u00e2ncer, aos 55 anos.<br aria-hidden=\"true\"><br aria-hidden=\"true\">M\u00fasico, compositor, multiestrumentista e produtor musical, Luis\u00e3o integrou bandas como a Cravo Negro, Pen\u00e9lope Charmosa e Dois em Um, al\u00e9m de produzir discos e shows de grande artistas do cen\u00e1rio nacional.<br aria-hidden=\"true\"><br aria-hidden=\"true\">\u201cManifestamos nossos sentimentos aos familiares e amigos do m\u00fasico Luis\u00e3o Pereira. Que Deus console a dor de todos neste momento dif\u00edcil\u201d, pontuou a prefeita Suzana Ramos.<br aria-hidden=\"true\"><br aria-hidden=\"true\"><br aria-hidden=\"true\">Texto: Ascom\/PMJ<\/p>\n<div><\/div>\n","protected":false},"excerpt":{"rendered":"<p>A Prefeitura de Juazeiro, lamenta o falecimento do m\u00fasico juazeirense Lu\u00eds Henrique da Silva Pereira, mais conhecido como Luis\u00e3o Pereira, ressaltando a imensa contribui\u00e7\u00e3o do artista para o cen\u00e1rio cultural de todo o pa\u00eds. O artista faleceu &nbsp;neste domingo (10), em Salvador, em decorr\u00eancia de um c\u00e2ncer, aos 55 anos.M\u00fasico, compositor, multiestrumentista e produtor musical, [&hellip;]<\/p>\n","protected":false},"author":1,"featured_media":62894,"comment_status":"closed","ping_status":"open","sticky":false,"template":"","format":"standard","meta":{"_uag_custom_page_level_css":"","_monsterinsights_skip_tracking":false,"_monsterinsights_sitenote_active":false,"_monsterinsights_sitenote_note":"","_monsterinsights_sitenote_category":0,"jetpack_post_was_ever_published":false,"_jetpack_newsletter_access":"","_jetpack_dont_email_post_to_subs":false,"_jetpack_newsletter_tier_id":0,"_jetpack_memberships_contains_paywalled_content":false,"_jetpack_memberships_contains_paid_content":false,"footnotes":"","jetpack_publicize_message":"","jetpack_publicize_feature_enabled":true,"jetpack_social_post_already_shared":true,"jetpack_social_options":{"image_generator_settings":{"template":"highway","default_image_id":0,"font":"","enabled":false},"version":2}},"categories":[203],"tags":[698,134,11425],"class_list":["post-62891","post","type-post","status-publish","format-standard","has-post-thumbnail","hentry","category-juazeiro","tag-cancer","tag-cultura","tag-semec"],"jetpack_publicize_connections":[],"jetpack_featured_media_url":"https:\/\/blogopara.com.br\/wp-content\/uploads\/2024\/03\/thumbnail_Luisao-Pereira-1.jpg","uagb_featured_image_src":{"full":["https:\/\/blogopara.com.br\/wp-content\/uploads\/2024\/03\/thumbnail_Luisao-Pereira-1.jpg",300,530,false],"thumbnail":["https:\/\/blogopara.com.br\/wp-content\/uploads\/2024\/03\/thumbnail_Luisao-Pereira-1-150x150.jpg",150,150,true],"medium":["https:\/\/blogopara.com.br\/wp-content\/uploads\/2024\/03\/thumbnail_Luisao-Pereira-1-170x300.jpg",170,300,true],"medium_large":["https:\/\/blogopara.com.br\/wp-content\/uploads\/2024\/03\/thumbnail_Luisao-Pereira-1.jpg",300,530,false],"large":["https:\/\/blogopara.com.br\/wp-content\/uploads\/2024\/03\/thumbnail_Luisao-Pereira-1.jpg",300,530,false],"1536x1536":["https:\/\/blogopara.com.br\/wp-content\/uploads\/2024\/03\/thumbnail_Luisao-Pereira-1.jpg",300,530,false],"2048x2048":["https:\/\/blogopara.com.br\/wp-content\/uploads\/2024\/03\/thumbnail_Luisao-Pereira-1.jpg",300,530,false],"mantranews-slider-large":["https:\/\/blogopara.com.br\/wp-content\/uploads\/2024\/03\/thumbnail_Luisao-Pereira-1.jpg",300,530,false],"mantranews-featured-medium":["https:\/\/blogopara.com.br\/wp-content\/uploads\/2024\/03\/thumbnail_Luisao-Pereira-1-300x307.jpg",300,307,true],"mantranews-featured-long":["https:\/\/blogopara.com.br\/wp-content\/uploads\/2024\/03\/thumbnail_Luisao-Pereira-1-300x443.jpg",300,443,true],"mantranews-block-medium":["https:\/\/blogopara.com.br\/wp-content\/uploads\/2024\/03\/thumbnail_Luisao-Pereira-1-300x290.jpg",300,290,true],"mantranews-carousel-image":["https:\/\/blogopara.com.br\/wp-content\/uploads\/2024\/03\/thumbnail_Luisao-Pereira-1-300x500.jpg",300,500,true],"mantranews-block-thumb":["https:\/\/blogopara.com.br\/wp-content\/uploads\/2024\/03\/thumbnail_Luisao-Pereira-1-300x230.jpg",300,230,true],"mantranews-single-large":["https:\/\/blogopara.com.br\/wp-content\/uploads\/2024\/03\/thumbnail_Luisao-Pereira-1.jpg",300,530,false]},"uagb_author_info":{"display_name":"Reda\u00e7\u00e3o geral","author_link":"https:\/\/blogopara.com.br\/index.php\/author\/blogopara"},"uagb_comment_info":0,"uagb_excerpt":"A Prefeitura de Juazeiro, lamenta o falecimento do m\u00fasico juazeirense Lu\u00eds Henrique da Silva Pereira, mais conhecido como Luis\u00e3o Pereira, ressaltando a imensa contribui\u00e7\u00e3o do artista para o cen\u00e1rio cultural de todo o pa\u00eds. O artista faleceu &nbsp;neste domingo (10), em Salvador, em decorr\u00eancia de um c\u00e2ncer, aos 55 anos.M\u00fasico, compositor, multiestrumentista e produtor musical,&hellip;","jetpack_sharing_enabled":true,"jetpack_likes_enabled":true,"_links":{"self":[{"href":"https:\/\/blogopara.com.br\/index.php\/wp-json\/wp\/v2\/posts\/62891","targetHints":{"allow":["GET"]}}],"collection":[{"href":"https:\/\/blogopara.com.br\/index.php\/wp-json\/wp\/v2\/posts"}],"about":[{"href":"https:\/\/blogopara.com.br\/index.php\/wp-json\/wp\/v2\/types\/post"}],"author":[{"embeddable":true,"href":"https:\/\/blogopara.com.br\/index.php\/wp-json\/wp\/v2\/users\/1"}],"replies":[{"embeddable":true,"href":"https:\/\/blogopara.com.br\/index.php\/wp-json\/wp\/v2\/comments?post=62891"}],"version-history":[{"count":2,"href":"https:\/\/blogopara.com.br\/index.php\/wp-json\/wp\/v2\/posts\/62891\/revisions"}],"predecessor-version":[{"id":62895,"href":"https:\/\/blogopara.com.br\/index.php\/wp-json\/wp\/v2\/posts\/62891\/revisions\/62895"}],"wp:featuredmedia":[{"embeddable":true,"href":"https:\/\/blogopara.com.br\/index.php\/wp-json\/wp\/v2\/media\/62894"}],"wp:attachment":[{"href":"https:\/\/blogopara.com.br\/index.php\/wp-json\/wp\/v2\/media?parent=62891"}],"wp:term":[{"taxonomy":"category","embeddable":true,"href":"https:\/\/blogopara.com.br\/index.php\/wp-json\/wp\/v2\/categories?post=62891"},{"taxonomy":"post_tag","embeddable":true,"href":"https:\/\/blogopara.com.br\/index.php\/wp-json\/wp\/v2\/tags?post=62891"}],"curies":[{"name":"wp","href":"https:\/\/api.w.org\/{rel}","templated":true}]}}