{"id":62896,"date":"2024-03-11T08:46:48","date_gmt":"2024-03-11T11:46:48","guid":{"rendered":"https:\/\/blogopara.com.br\/?p=62896"},"modified":"2024-03-11T08:46:53","modified_gmt":"2024-03-11T11:46:53","slug":"lula-mantera-a-estrategia-de-ignorar-certas-bandeiras-caras-ao-pt","status":"publish","type":"post","link":"https:\/\/blogopara.com.br\/index.php\/2024\/03\/11\/lula-mantera-a-estrategia-de-ignorar-certas-bandeiras-caras-ao-pt","title":{"rendered":"Lula manter\u00e1 a estrat\u00e9gia de ignorar certas bandeiras caras ao PT"},"content":{"rendered":"<p style=\"text-align: justify;\">Como ocorreu no ano passado, o\u00a0presidente Lula\u00a0definiu como prioridade no Congresso, em 2024, a aprova\u00e7\u00e3o de projetos da\u00a0agenda econ\u00f4mica. Por isso, ele n\u00e3o pretende envolver o governo nos debates sobre dois assuntos caros ao PT, mas que enfrentam resist\u00eancia de integrantes da c\u00fapula do Legislativo e de segmentos importantes da sociedade: a flexibiliza\u00e7\u00e3o das regras sobre\u00a0aborto legal\u00a0e a\u00a0descriminaliza\u00e7\u00e3o das drogas.<\/p>\n<p style=\"text-align: justify;\">O primeiro tema estava fora da pauta at\u00e9 que, no fim de fevereiro, a equipe da ministra da Sa\u00fade,\u00a0N\u00edsia Trindade, divulgou\u00a0uma nota t\u00e9cnica sobre aborto legal. O texto estabelecia que n\u00e3o h\u00e1 limite temporal para a interrup\u00e7\u00e3o da gravidez nos casos previstos em lei e, na pr\u00e1tica, anulava uma decis\u00e3o da gest\u00e3o de\u00a0Jair\u00a0Bolsonaro\u00a0que permitia o procedimento apenas at\u00e9 21 semanas e 6 dias de gesta\u00e7\u00e3o. Como o tema \u00e9 desgastante para o governo, formou-se a confus\u00e3o.<\/p>\n<p style=\"text-align: justify;\">Nas redes sociais, bolsonaristas lan\u00e7aram m\u00e3o do caso para fustigar o presidente. Houve rea\u00e7\u00f5es tamb\u00e9m no Congresso, que \u00e9 de maioria conservadora. Para tentar conter o desgaste, o ministro de Rela\u00e7\u00f5es Institucionais,\u00a0Alexandre Padilha, telefonou para N\u00edsia e, na conversa, combinaram de agir rapidamente. Assim foi feito. O minist\u00e9rio suspendeu os efeitos da nota t\u00e9cnica, alegando que n\u00e3o havia sido analisada por \u201ctodas as esferas necess\u00e1rias\u201d e pela consultoria jur\u00eddica da pasta.<\/p>\n<p style=\"text-align: justify;\">Foi uma tentativa de conter danos, j\u00e1 que o debate sobre mudan\u00e7as nas regras do aborto enfrenta resist\u00eancia, por exemplo, dos evang\u00e9licos, que respondem por 30% do eleitorado e formam uma das bancadas mais poderosas da C\u00e2mara. Mais: entre os evang\u00e9licos, a desaprova\u00e7\u00e3o ao trabalho de\u00a0Lula\u00a0atinge 62%, muito acima da m\u00e9dia de desaprova\u00e7\u00e3o ao presidente, que \u00e9 de 46%, segundo pesquisa Genial\/Quaest.<\/p>\n<div class=\"ads post-ads\" style=\"text-align: justify;\"><\/div>\n<p style=\"text-align: justify;\">Risco estrat\u00e9gico<\/p>\n<p style=\"text-align: justify;\">Outro tema que o governo pretende evitar \u00e9 a descriminaliza\u00e7\u00e3o das drogas, iniciativa apoiada pelo PT e que est\u00e1 sob julgamento no\u00a0Supremo Tribunal Federal. At\u00e9 o pedido de vista do ministro\u00a0Dias Toffoli, na \u00faltima quarta-feira, cinco dos onze ministros do STF tinham votado a favor da descriminaliza\u00e7\u00e3o do porte de pequena quantidade de maconha para uso pessoal, enquanto tr\u00eas se manifestaram em sentido contr\u00e1rio.<\/p>\n<p style=\"text-align: justify;\">Se a tese que est\u00e1 em vantagem prevalecer ao final do julgamento, \u00e9 prov\u00e1vel que os parlamentares votem uma proposta de emenda constitucional a fim de reverter a decis\u00e3o do\u00a0STF. Para n\u00e3o melindrar as c\u00fapulas da C\u00e2mara e do Senado, Lula j\u00e1 deixou claro aos governistas que esse assunto \u00e9 da al\u00e7ada do Legislativo, e n\u00e3o do governo. Ele n\u00e3o est\u00e1 disposto a comprar essa briga por entender que dificilmente sair\u00e1 vencedor dela.<\/p>\n","protected":false},"excerpt":{"rendered":"<p>Como ocorreu no ano passado, o\u00a0presidente Lula\u00a0definiu como prioridade no Congresso, em 2024, a aprova\u00e7\u00e3o de projetos da\u00a0agenda econ\u00f4mica. Por isso, ele n\u00e3o pretende envolver o governo nos debates sobre dois assuntos caros ao PT, mas que enfrentam resist\u00eancia de integrantes da c\u00fapula do Legislativo e de segmentos importantes da sociedade: a flexibiliza\u00e7\u00e3o das regras [&hellip;]<\/p>\n","protected":false},"author":1,"featured_media":47159,"comment_status":"closed","ping_status":"open","sticky":false,"template":"","format":"standard","meta":{"_uag_custom_page_level_css":"","_monsterinsights_skip_tracking":false,"_monsterinsights_sitenote_active":false,"_monsterinsights_sitenote_note":"","_monsterinsights_sitenote_category":0,"jetpack_post_was_ever_published":false,"_jetpack_newsletter_access":"","_jetpack_dont_email_post_to_subs":false,"_jetpack_newsletter_tier_id":0,"_jetpack_memberships_contains_paywalled_content":false,"_jetpack_memberships_contains_paid_content":false,"footnotes":"","jetpack_publicize_message":"","jetpack_publicize_feature_enabled":true,"jetpack_social_post_already_shared":true,"jetpack_social_options":{"image_generator_settings":{"template":"highway","default_image_id":0,"font":"","enabled":false},"version":2}},"categories":[200],"tags":[10507,878,11426,3327],"class_list":["post-62896","post","type-post","status-publish","format-standard","has-post-thumbnail","hentry","category-brasil","tag-aborto","tag-drogas","tag-lulismo","tag-movimentos-sociais"],"jetpack_publicize_connections":[],"jetpack_featured_media_url":"https:\/\/blogopara.com.br\/wp-content\/uploads\/2022\/12\/lula_diplomacao.jpg","uagb_featured_image_src":{"full":["https:\/\/blogopara.com.br\/wp-content\/uploads\/2022\/12\/lula_diplomacao.jpg",501,333,false],"thumbnail":["https:\/\/blogopara.com.br\/wp-content\/uploads\/2022\/12\/lula_diplomacao-150x150.jpg",150,150,true],"medium":["https:\/\/blogopara.com.br\/wp-content\/uploads\/2022\/12\/lula_diplomacao-300x199.jpg",300,199,true],"medium_large":["https:\/\/blogopara.com.br\/wp-content\/uploads\/2022\/12\/lula_diplomacao.jpg",501,333,false],"large":["https:\/\/blogopara.com.br\/wp-content\/uploads\/2022\/12\/lula_diplomacao.jpg",501,333,false],"1536x1536":["https:\/\/blogopara.com.br\/wp-content\/uploads\/2022\/12\/lula_diplomacao.jpg",501,333,false],"2048x2048":["https:\/\/blogopara.com.br\/wp-content\/uploads\/2022\/12\/lula_diplomacao.jpg",501,333,false],"mantranews-slider-large":["https:\/\/blogopara.com.br\/wp-content\/uploads\/2022\/12\/lula_diplomacao.jpg",501,333,false],"mantranews-featured-medium":["https:\/\/blogopara.com.br\/wp-content\/uploads\/2022\/12\/lula_diplomacao-420x307.jpg",420,307,true],"mantranews-featured-long":["https:\/\/blogopara.com.br\/wp-content\/uploads\/2022\/12\/lula_diplomacao-300x333.jpg",300,333,true],"mantranews-block-medium":["https:\/\/blogopara.com.br\/wp-content\/uploads\/2022\/12\/lula_diplomacao-464x290.jpg",464,290,true],"mantranews-carousel-image":["https:\/\/blogopara.com.br\/wp-content\/uploads\/2022\/12\/lula_diplomacao.jpg",501,333,false],"mantranews-block-thumb":["https:\/\/blogopara.com.br\/wp-content\/uploads\/2022\/12\/lula_diplomacao-322x230.jpg",322,230,true],"mantranews-single-large":["https:\/\/blogopara.com.br\/wp-content\/uploads\/2022\/12\/lula_diplomacao.jpg",501,333,false]},"uagb_author_info":{"display_name":"Reda\u00e7\u00e3o geral","author_link":"https:\/\/blogopara.com.br\/index.php\/author\/blogopara"},"uagb_comment_info":0,"uagb_excerpt":"Como ocorreu no ano passado, o\u00a0presidente Lula\u00a0definiu como prioridade no Congresso, em 2024, a aprova\u00e7\u00e3o de projetos da\u00a0agenda econ\u00f4mica. Por isso, ele n\u00e3o pretende envolver o governo nos debates sobre dois assuntos caros ao PT, mas que enfrentam resist\u00eancia de integrantes da c\u00fapula do Legislativo e de segmentos importantes da sociedade: a flexibiliza\u00e7\u00e3o das regras&hellip;","jetpack_sharing_enabled":true,"jetpack_likes_enabled":true,"_links":{"self":[{"href":"https:\/\/blogopara.com.br\/index.php\/wp-json\/wp\/v2\/posts\/62896","targetHints":{"allow":["GET"]}}],"collection":[{"href":"https:\/\/blogopara.com.br\/index.php\/wp-json\/wp\/v2\/posts"}],"about":[{"href":"https:\/\/blogopara.com.br\/index.php\/wp-json\/wp\/v2\/types\/post"}],"author":[{"embeddable":true,"href":"https:\/\/blogopara.com.br\/index.php\/wp-json\/wp\/v2\/users\/1"}],"replies":[{"embeddable":true,"href":"https:\/\/blogopara.com.br\/index.php\/wp-json\/wp\/v2\/comments?post=62896"}],"version-history":[{"count":1,"href":"https:\/\/blogopara.com.br\/index.php\/wp-json\/wp\/v2\/posts\/62896\/revisions"}],"predecessor-version":[{"id":62897,"href":"https:\/\/blogopara.com.br\/index.php\/wp-json\/wp\/v2\/posts\/62896\/revisions\/62897"}],"wp:featuredmedia":[{"embeddable":true,"href":"https:\/\/blogopara.com.br\/index.php\/wp-json\/wp\/v2\/media\/47159"}],"wp:attachment":[{"href":"https:\/\/blogopara.com.br\/index.php\/wp-json\/wp\/v2\/media?parent=62896"}],"wp:term":[{"taxonomy":"category","embeddable":true,"href":"https:\/\/blogopara.com.br\/index.php\/wp-json\/wp\/v2\/categories?post=62896"},{"taxonomy":"post_tag","embeddable":true,"href":"https:\/\/blogopara.com.br\/index.php\/wp-json\/wp\/v2\/tags?post=62896"}],"curies":[{"name":"wp","href":"https:\/\/api.w.org\/{rel}","templated":true}]}}